 {"id":4900,"date":"2016-07-30T08:54:24","date_gmt":"2016-07-30T11:54:24","guid":{"rendered":"http:\/\/www.cafesg.gob.ar\/web\/?p=4900"},"modified":"2016-07-30T08:54:24","modified_gmt":"2016-07-30T11:54:24","slug":"casanas-y-cresto-se-reunieron-con-los-equipos-tecnicos-de-cafesg-y-la-municipalidad","status":"publish","type":"post","link":"https:\/\/cafesg.gob.ar\/cafesg2\/casanas-y-cresto-se-reunieron-con-los-equipos-tecnicos-de-cafesg-y-la-municipalidad\/","title":{"rendered":"Casa\u00f1as y Cresto se reunieron con los equipos t\u00e9cnicos de CAFESG y la Municipalidad"},"content":{"rendered":"<p><em>Dialogaron sobre la defensa del Fondo Especial y los proyectos de obras para Concordia<\/em><\/p>\n<p>Fue ayer de ma\u00f1ana en la sede de la Comisi\u00f3n Administradora para el Fondo Especial de Salto Grande (CAFESG). Previamente el presidente del organismo anfitri\u00f3n, Alejandro Casa\u00f1as, recibi\u00f3 en su despacho al intendente Enrique Cresto y al viceintendente Armando Gay. Ambos funcionarios comunales les manifestaron su apoyo a las gestiones encabezadas por el gobernador Gustavo Bordet para lograr que la represa reciba una tarifa justa por su producci\u00f3n energ\u00e9tica, para que, de ese modo, la Regi\u00f3n pueda recuperar los fondos excedentes que administra CAFESG.<\/p>\n<p>Al cabo del encuentro, Cresto confi\u00f3 que \u201cprimeramente analizamos la situaci\u00f3n complicada por la que est\u00e1 atravesando CAFESG, donde si no hay una resoluci\u00f3n del Gobierno Nacional se complica lo que es el funcionamiento de este organismo\u201d.<\/p>\n<p>Consultado acerca de la firme postura en defensa de los fondos de CAFESG emanada del flamante Consorcio de Intendentes del departamento Concordia, Cresto se\u00f1al\u00f3 que \u201cla idea es que el gobernador Bordet le muestre al Gobierno Nacional que casi media provincia se beneficia con los fondos de CAFESG, somos ocho departamentos en forma directa sin distinci\u00f3n de partidos pol\u00edticos, y en el mismo consorcio municipal tenemos de diferentes partidos pol\u00edticos, entonces el apoyo queremos que sea un\u00e1nime de todas las representaciones pol\u00edticas para que cuando el gobernador lleve estas adhesiones tenga m\u00e1s fuerza el pedido\u201d, destac\u00f3.<\/p>\n<p>En lo referente estrictamente al tema obras p\u00fablicas, Cresto coment\u00f3 que \u201cCAFESG, con su gran equipo t\u00e9cnico, nos inform\u00f3 los proyectos que est\u00e1n en ejecuci\u00f3n en el radio de la ciudad, espec\u00edficamente la Sistematizaci\u00f3n de Desag\u00fces Pluviales, Cord\u00f3n Cuneta, Badenes y Enripiado en Barrio San Mart\u00edn, la obra de Desag\u00fces Pluviales en calle Ricardo Rojas y la segunda etapa de la Red Cloacal y Estaci\u00f3n de Bombeo en Barrio Golf\u201d, enumer\u00f3 el mandatario comunal.<\/p>\n<p>\u201cPor otro lado \u2013continu\u00f3 Cresto\u2013 analizamos una bater\u00eda de siete u ocho proyectos que me entregaron el presidente de CAFESG y los equipos t\u00e9cnicos del organismo provincial, algunos de los cuales solicitamos nosotros y otros ya ven\u00edan de la gesti\u00f3n anterior. Ahora la idea es salir a buscar financiamiento para estos proyectos hasta que CAFESG vuelva a recibir los fondos excedentes\u201d, anticip\u00f3.<\/p>\n<p>As\u00ed planteadas las cosas, el presidente municipal concordiense se mostr\u00f3 \u201cmuy contento por la reuni\u00f3n, porque nos recibi\u00f3 el presidente de CAFESG, junto a los equipos t\u00e9cnicos y porque hay una decisi\u00f3n del gobernador Bordet de aprovechar estos equipos de profesionales de CAFESG para los proyectos que necesita Concordia\u201d, resalt\u00f3.<\/p>\n<p>Una de las iniciativas que pretende llevar adelante esta gesti\u00f3n municipal \u201ces el alumbrado del Parque San Carlos; si bien el total es de seis millones de pesos vamos a readecuarlo para hacer una primera etapa de tres millones para que est\u00e9 iluminado con miras a la temporada de verano y de esa manera pueda ser aprovechado por m\u00e1s cantidad de personas, por un lado, y por otro para tener y brindarle m\u00e1s seguridad a la gente que sale a caminar o a hacer alg\u00fan deporte\u201d, explic\u00f3 Cresto, y a rengl\u00f3n seguido aclar\u00f3 que \u201cpara esta primera etapa ya contamos con financiamiento\u201d.<\/p>\n<p>\u201cOtro de los proyectos \u2013expres\u00f3 por \u00faltimo Cresto\u2013 es el traslado de la Polic\u00eda Montada, para lo cual ya nos entregaron tambi\u00e9n un proyecto los equipos de CAFESG y, por lo tanto, nos gustar\u00eda comenzar con los trabajos antes de fin de a\u00f1o\u201d, concluy\u00f3.<\/p>\n<p>A su turno, el presidente de CAFESG, Alejandro Casa\u00f1as, manifest\u00f3 que \u201clo que destacamos en esta reuni\u00f3n es lo que venimos haciendo con las distintas intendencias y Juntas de Gobierno de la Regi\u00f3n de Salto Grande, que es un trabajo en equipo con los t\u00e9cnicos de ambas reparticiones para elaborar proyectos y actualizar algunos que ya estaban en marcha. Esto es un mandato expreso del gobernador Gustavo Bordet, que aspira a la convivencia pol\u00edtica y al trabajo conjunto, independientemente del signo pol\u00edtico al que representen las partes\u201d, subray\u00f3.<\/p>\n<p>Como corolario de la reuni\u00f3n, Casa\u00f1as agradeci\u00f3 \u201cprofundamente al intendente y al viceintendente la adhesi\u00f3n decidida desde hace mucho tiempo a la lucha por la recuperaci\u00f3n y revalorizaci\u00f3n del Fondo Especial de Salto Grande\u201d.<\/p>\n<p>Para finalizar, cabe consignar que el equipo t\u00e9cnico de CAFESG fue liderado por el coordinador de Control de Proyectos, arquitecto Roberto Acu\u00f1a, mientras que el de la Municipalidad de Concordia estuvo encabezado por el secretario de Obras y Servicios P\u00fablicos, ingeniero Carlos Pasquet.<\/p>\n<p><a href=\"https:\/\/www.cafesg.gob.ar\/cafesg2\/wp-content\/uploads\/2016\/08\/Reuni\u00f3n-Casa\u00f1as-con-Cresto-y-equipos-t\u00e9cnicos-1.jpg\"><img loading=\"lazy\" decoding=\"async\" class=\"alignnone size-thumbnail wp-image-4901\" src=\"https:\/\/www.cafesg.gob.ar\/cafesg2\/wp-content\/uploads\/2016\/08\/Reuni\u00f3n-Casa\u00f1as-con-Cresto-y-equipos-t\u00e9cnicos-1-150x150.jpg\" alt=\"Reuni\u00f3n Casa\u00f1as con Cresto y equipos t\u00e9cnicos (1)\" width=\"150\" height=\"150\" \/><\/a> <a href=\"https:\/\/www.cafesg.gob.ar\/cafesg2\/wp-content\/uploads\/2016\/08\/Reuni\u00f3n-Casa\u00f1as-con-Cresto-y-equipos-t\u00e9cnicos-2.jpg\"><img loading=\"lazy\" decoding=\"async\" class=\"alignnone size-thumbnail wp-image-4902\" src=\"https:\/\/www.cafesg.gob.ar\/cafesg2\/wp-content\/uploads\/2016\/08\/Reuni\u00f3n-Casa\u00f1as-con-Cresto-y-equipos-t\u00e9cnicos-2-150x150.jpg\" alt=\"Reuni\u00f3n Casa\u00f1as con Cresto y equipos t\u00e9cnicos (2)\" width=\"150\" height=\"150\" \/><\/a> <a href=\"https:\/\/www.cafesg.gob.ar\/cafesg2\/wp-content\/uploads\/2016\/08\/Reuni\u00f3n-Casa\u00f1as-con-Cresto-y-equipos-t\u00e9cnicos-3.jpg\"><img loading=\"lazy\" decoding=\"async\" class=\"alignnone size-thumbnail wp-image-4903\" src=\"https:\/\/www.cafesg.gob.ar\/cafesg2\/wp-content\/uploads\/2016\/08\/Reuni\u00f3n-Casa\u00f1as-con-Cresto-y-equipos-t\u00e9cnicos-3-150x150.jpg\" alt=\"Reuni\u00f3n Casa\u00f1as con Cresto y equipos t\u00e9cnicos (3)\" width=\"150\" height=\"150\" \/><\/a><\/p>\n","protected":false},"excerpt":{"rendered":"<p>Dialogaron sobre la defensa del Fondo Especial y los proyectos de obras para Concordia Fue ayer de ma\u00f1ana en la sede de la Comisi\u00f3n Administradora para el Fondo Especial de Salto Grande (CAFESG). Previamente el presidente del organismo anfitri\u00f3n, Alejandro Casa\u00f1as, recibi\u00f3 en su despacho al intendente Enrique Cresto y al viceintendente Armando Gay. Ambos [&hellip;]<\/p>\n","protected":false},"author":1,"featured_media":0,"comment_status":"open","ping_status":"open","sticky":false,"template":"","format":"standard","meta":{"footnotes":""},"categories":[15],"tags":[],"class_list":["post-4900","post","type-post","status-publish","format-standard","hentry","category-noticias"],"_links":{"self":[{"href":"https:\/\/cafesg.gob.ar\/cafesg2\/wp-json\/wp\/v2\/posts\/4900","targetHints":{"allow":["GET"]}}],"collection":[{"href":"https:\/\/cafesg.gob.ar\/cafesg2\/wp-json\/wp\/v2\/posts"}],"about":[{"href":"https:\/\/cafesg.gob.ar\/cafesg2\/wp-json\/wp\/v2\/types\/post"}],"author":[{"embeddable":true,"href":"https:\/\/cafesg.gob.ar\/cafesg2\/wp-json\/wp\/v2\/users\/1"}],"replies":[{"embeddable":true,"href":"https:\/\/cafesg.gob.ar\/cafesg2\/wp-json\/wp\/v2\/comments?post=4900"}],"version-history":[{"count":0,"href":"https:\/\/cafesg.gob.ar\/cafesg2\/wp-json\/wp\/v2\/posts\/4900\/revisions"}],"wp:attachment":[{"href":"https:\/\/cafesg.gob.ar\/cafesg2\/wp-json\/wp\/v2\/media?parent=4900"}],"wp:term":[{"taxonomy":"category","embeddable":true,"href":"https:\/\/cafesg.gob.ar\/cafesg2\/wp-json\/wp\/v2\/categories?post=4900"},{"taxonomy":"post_tag","embeddable":true,"href":"https:\/\/cafesg.gob.ar\/cafesg2\/wp-json\/wp\/v2\/tags?post=4900"}],"curies":[{"name":"wp","href":"https:\/\/api.w.org\/{rel}","templated":true}]}}