 {"id":4895,"date":"2016-07-28T08:59:39","date_gmt":"2016-07-28T11:59:39","guid":{"rendered":"http:\/\/www.cafesg.gob.ar\/web\/?p=4895"},"modified":"2016-07-28T08:59:39","modified_gmt":"2016-07-28T11:59:39","slug":"cafesg-pondra-a-disposicion-sus-equipos-tecnicos-para-buscar-una-solucion-al-problema-del-valle-del-ayui","status":"publish","type":"post","link":"https:\/\/cafesg.gob.ar\/cafesg2\/cafesg-pondra-a-disposicion-sus-equipos-tecnicos-para-buscar-una-solucion-al-problema-del-valle-del-ayui\/","title":{"rendered":"CAFESG pondr\u00e1 a disposici\u00f3n sus equipos t\u00e9cnicos para buscar una soluci\u00f3n al problema del Valle del Ayu\u00ed"},"content":{"rendered":"<p><em>El organismo provincial accedi\u00f3 a una solicitud formal del Municipio y los concejales <\/em><\/p>\n<p>Le medida se acord\u00f3 en la ma\u00f1ana de ayer cuando el presidente de CAFESG, Alejandro Casa\u00f1as, recibi\u00f3 en su despacho a la coordinadora del gabinete municipal de Concordia, Mar\u00eda de los \u00c1ngeles Petit, y a los concejales Julia S\u00e1enz y Alberto Zadoyko.<\/p>\n<p>La funcionaria comunal, junto a los ediles, se acerc\u00f3 a CAFESG a fin de solicitar a su titular la posibilidad de que personal t\u00e9cnico del organismo provincial pueda analizar la situaci\u00f3n por la cual los vecinos del Valle del Ayu\u00ed, en la zona norte de la ciudad de Concordia, se inundan por el desborde del arroyo cada vez que se registran precipitaciones importantes; y, de esta manera, buscar cu\u00e1les ser\u00edan las alternativas de soluci\u00f3n posibles para este recurrente problema.<\/p>\n<p>Petit indic\u00f3 que \u201clo que le hemos venido a solicitar a CAFESG, y a lo cual su presidente ha accedido amablemente, es la colaboraci\u00f3n a trav\u00e9s de sus ingenieros hidr\u00e1ulicos, profesionales con que la Municipalidad de Concordia no cuenta en este momento, para poder recorrer la cuenca del arroyo en forma \u00edntegra, desde el Acceso 015 a Salto Grande, pasando por las zonas inundables de Villa Zorraqu\u00edn y el Valle del Ayu\u00ed, para hacer un diagn\u00f3stico t\u00e9cnico de la situaci\u00f3n en que se encuentra este curso de agua, en los diferentes tramos donde los vecinos se inundan\u201d, pormenoriz\u00f3.<\/p>\n<p>\u201cLuego de este relevamiento \u2013agreg\u00f3 Petit\u2013 la idea es poder reunirnos con los t\u00e9cnicos de la Municipalidad y pedir colaboraci\u00f3n tambi\u00e9n a la Provincia para realizar un proyecto que nos permita dar una respuesta a los vecinos que sufren una inundaci\u00f3n por cada lluvia\u201d, anticip\u00f3 la funcionaria municipal.<\/p>\n<p>Por su parte, Casa\u00f1as se\u00f1al\u00f3 que \u201cCAFESG pone a disposici\u00f3n a t\u00e9cnicos, que son nuestro orgullo, que adem\u00e1s son profesores de la Universidad Tecnol\u00f3gica Nacional, a los efectos de cooperar con la Municipalidad de Concordia, como lo hacemos con otros municipios y Juntas de Gobierno de los departamentos de la zona de incumbencia de nuestro organismo\u201d, destac\u00f3.<\/p>\n<p>\u201cNuestros t\u00e9cnicos van a integrar un equipo de trabajo con distintas instituciones a fin de elaborar un diagn\u00f3stico y una propuesta, siempre respetando la conducci\u00f3n municipal. Ello llevar\u00e1 su tiempo porque es necesario elegir una soluci\u00f3n responsable.\u00a0 Debo aclarar que CAFESG no har\u00e1 la obra, si colaborar\u00e1 con la elaboraci\u00f3n de un proyecto t\u00e9cnico. Adem\u00e1s, los t\u00e9cnicos visitar\u00e1n otro sector con alcantarillas que presenta una situaci\u00f3n id\u00e9ntica a la que se est\u00e1 solucionando en Villa del Rosario; esa experiencia con el arroyo El Morrillo nos sirve para aplicarla en Concordia\u201d, manifest\u00f3 Casa\u00f1as.<\/p>\n<p>\u201cRealmente \u2013continu\u00f3 Casa\u00f1as\u2013 ha sido una ma\u00f1ana fruct\u00edfera de trabajo e intercambio de ideas. Hoy mismo me comuniqu\u00e9 con el ministro de Planeamiento, Infraestructura y Servicios de la Provincia, Luis Benedetto, con el \u00e1nimo de coordinar acciones con t\u00e9cnicos de otras \u00e1reas de su cartera, como lo venimos haciendo desde el principio de nuestra gesti\u00f3n\u201d, remarc\u00f3.<\/p>\n<p>Casa\u00f1as consider\u00f3 que \u201ceste trabajo en conjunto es la riqueza del Estado, tan valiosa como lo es la experiencia y formaci\u00f3n de nuestros t\u00e9cnicos, que ha venido forjando CAFESG a lo largo de su historia. Historia que nace de la uni\u00f3n de todos los sectores para crearla, y ahora para recuperarla\u201d, resalt\u00f3.<\/p>\n<p>\u201cTambi\u00e9n quiero expresar \u2013ados\u00f3 el presidente de CAFESG\u2013 mi orgullo por la Facultad Regional Concordia de la Universidad Tecnol\u00f3gica Nacional, por su excelencia acad\u00e9mica y su aporte a la comunidad, ya que sin duda tambi\u00e9n se involucrar\u00e1 institucionalmente en la soluci\u00f3n de esta situaci\u00f3n compleja que padecen los vecinos del Valle del Ayu\u00ed\u201d, estim\u00f3.<\/p>\n<p>Por \u00faltimo, Casa\u00f1as expres\u00f3 que \u201csi bien hay normas civiles y administrativas, como asimismo la planificaci\u00f3n del desarrollo urbano, que son tambi\u00e9n parte de la soluci\u00f3n, hoy hemos analizado con responsabilidad y en equipo la situaci\u00f3n. Con el intendente, la coordinadora Petit y los concejales ya hemos trabajado, y lo estamos haciendo con otros temas, por lo que destaco el compromiso de ellos con esta querida ciudad. Tenemos una Regi\u00f3n de Salto Grande con representantes, gobernantes, que hacen que, m\u00e1s all\u00e1 de los derechos y la historia, merezcamos una CAFESG como la so\u00f1aron sus fundadores\u201d, ponder\u00f3.<\/p>\n<p><a href=\"https:\/\/www.cafesg.gob.ar\/cafesg2\/wp-content\/uploads\/2016\/07\/Reuni\u00f3n-Casa\u00f1as-con-Petit-y-concejales-3.jpg\"><img loading=\"lazy\" decoding=\"async\" class=\"alignnone size-thumbnail wp-image-4898\" src=\"https:\/\/www.cafesg.gob.ar\/cafesg2\/wp-content\/uploads\/2016\/07\/Reuni\u00f3n-Casa\u00f1as-con-Petit-y-concejales-3-150x150.jpg\" alt=\"Reuni\u00f3n Casa\u00f1as con Petit y concejales  (3)\" width=\"150\" height=\"150\" \/><\/a> <a href=\"https:\/\/www.cafesg.gob.ar\/cafesg2\/wp-content\/uploads\/2016\/07\/Reuni\u00f3n-Casa\u00f1as-con-Petit-y-concejales-2.jpg\"><img loading=\"lazy\" decoding=\"async\" class=\"alignnone size-thumbnail wp-image-4897\" src=\"https:\/\/www.cafesg.gob.ar\/cafesg2\/wp-content\/uploads\/2016\/07\/Reuni\u00f3n-Casa\u00f1as-con-Petit-y-concejales-2-150x150.jpg\" alt=\"Reuni\u00f3n Casa\u00f1as con Petit y concejales  (2)\" width=\"150\" height=\"150\" \/><\/a> <a href=\"https:\/\/www.cafesg.gob.ar\/cafesg2\/wp-content\/uploads\/2016\/07\/Reuni\u00f3n-Casa\u00f1as-con-Petit-y-concejales-1.jpg\"><img loading=\"lazy\" decoding=\"async\" class=\"alignnone size-thumbnail wp-image-4896\" src=\"https:\/\/www.cafesg.gob.ar\/cafesg2\/wp-content\/uploads\/2016\/07\/Reuni\u00f3n-Casa\u00f1as-con-Petit-y-concejales-1-150x150.jpg\" alt=\"Reuni\u00f3n Casa\u00f1as con Petit y concejales  (1)\" width=\"150\" height=\"150\" \/><\/a><\/p>\n<p><!--more--><\/p>\n<p><strong>Visita en terreno<\/strong><\/p>\n<p>Al cabo de la reuni\u00f3n el concejal Alberto Zadoyko inform\u00f3 que \u201cluego de haber analizado la cuenca del arroyo en los planos, se realizar\u00e1 una visita in situ, junto a los ingenieros, para empezar a trabajar en un proyecto integral de toda la zona, ya que no es un tema sencillo de solucionar; y despu\u00e9s s\u00ed, avanzar en la b\u00fasqueda de financiamiento para llevar adelante la posible soluci\u00f3n\u201d, adelant\u00f3.<\/p>\n<p>\u201cCasa\u00f1as, al ser conocedor de estas cuestiones por venir de la gesti\u00f3n municipal anterior y estar compenetrado con los problemas de la ciudad, accedi\u00f3 r\u00e1pidamente a poner a disposici\u00f3n el personal t\u00e9cnico de CAFESG, que ser\u00e1 de fundamental ayuda en la consecuci\u00f3n de una soluci\u00f3n al problema de los vecinos\u201d, concluy\u00f3 el edil concordiense.<\/p>\n<p>Vale recordar que el problema de las inundaciones en Villa Zorraqu\u00edn y el Valle del Ayu\u00ed, por los desbordes del arroyo, es de larga data, pero cobr\u00f3 relevancia nuevamente esta semana, luego de que los vecinos hicieran una movida p\u00fablica importante despu\u00e9s de las \u00faltimas precipitaciones registradas.<\/p>\n","protected":false},"excerpt":{"rendered":"<p>El organismo provincial accedi\u00f3 a una solicitud formal del Municipio y los concejales Le medida se acord\u00f3 en la ma\u00f1ana de ayer cuando el presidente de CAFESG, Alejandro Casa\u00f1as, recibi\u00f3 en su despacho a la coordinadora del gabinete municipal de Concordia, Mar\u00eda de los \u00c1ngeles Petit, y a los concejales Julia S\u00e1enz y Alberto Zadoyko. [&hellip;]<\/p>\n","protected":false},"author":1,"featured_media":0,"comment_status":"open","ping_status":"open","sticky":false,"template":"","format":"standard","meta":{"footnotes":""},"categories":[15],"tags":[],"class_list":["post-4895","post","type-post","status-publish","format-standard","hentry","category-noticias"],"_links":{"self":[{"href":"https:\/\/cafesg.gob.ar\/cafesg2\/wp-json\/wp\/v2\/posts\/4895","targetHints":{"allow":["GET"]}}],"collection":[{"href":"https:\/\/cafesg.gob.ar\/cafesg2\/wp-json\/wp\/v2\/posts"}],"about":[{"href":"https:\/\/cafesg.gob.ar\/cafesg2\/wp-json\/wp\/v2\/types\/post"}],"author":[{"embeddable":true,"href":"https:\/\/cafesg.gob.ar\/cafesg2\/wp-json\/wp\/v2\/users\/1"}],"replies":[{"embeddable":true,"href":"https:\/\/cafesg.gob.ar\/cafesg2\/wp-json\/wp\/v2\/comments?post=4895"}],"version-history":[{"count":0,"href":"https:\/\/cafesg.gob.ar\/cafesg2\/wp-json\/wp\/v2\/posts\/4895\/revisions"}],"wp:attachment":[{"href":"https:\/\/cafesg.gob.ar\/cafesg2\/wp-json\/wp\/v2\/media?parent=4895"}],"wp:term":[{"taxonomy":"category","embeddable":true,"href":"https:\/\/cafesg.gob.ar\/cafesg2\/wp-json\/wp\/v2\/categories?post=4895"},{"taxonomy":"post_tag","embeddable":true,"href":"https:\/\/cafesg.gob.ar\/cafesg2\/wp-json\/wp\/v2\/tags?post=4895"}],"curies":[{"name":"wp","href":"https:\/\/api.w.org\/{rel}","templated":true}]}}