 {"id":4891,"date":"2016-07-26T08:01:52","date_gmt":"2016-07-26T11:01:52","guid":{"rendered":"http:\/\/www.cafesg.gob.ar\/web\/?p=4891"},"modified":"2016-07-26T08:01:52","modified_gmt":"2016-07-26T11:01:52","slug":"casanas-y-lascurain-recibieron-en-cafesg-al-senador-giano","status":"publish","type":"post","link":"https:\/\/cafesg.gob.ar\/cafesg2\/casanas-y-lascurain-recibieron-en-cafesg-al-senador-giano\/","title":{"rendered":"Casa\u00f1as y Lascurain recibieron en CAFESG al senador Giano"},"content":{"rendered":"<p><em>Sumaron el apoyo del senador Piana a las gestiones del gobernador Bordet ante Naci\u00f3n <\/em><\/p>\n<p>El presidente de CAFESG, Alejandro Casa\u00f1as, y el vocal del organismo provincial, Diego Lascurain, mantuvieron ayer una reuni\u00f3n de trabajo con el senador provincial por el departamento Concordia, Angel Giano.<\/p>\n<p>Luego del encuentro Casa\u00f1as inform\u00f3 que se evalu\u00f3 \u201cc\u00f3mo est\u00e1 la apoyatura de los intendentes y los legisladores al reclamo que est\u00e1 llevando adelante el Gobernador de la Provincia, Gustavo Bordet, para que el Gobierno Nacional modifique el cuadro tarifario el\u00e9ctrico vigente, a fin de incrementar lo que percibe hoy CTM por la generaci\u00f3n de energ\u00eda y, de esta manera, se pueda disponer nuevamente de excedentes que permitan a CAFESG seguir dinamizando la Regi\u00f3n como lo ha venido haciendo desde su creaci\u00f3n\u201d, indic\u00f3.<\/p>\n<p>En este sentido, Giano manifest\u00f3 que durante la reuni\u00f3n \u201cnos comunicamos, con Casa\u00f1as, con el senador por el departamento Federaci\u00f3n, Miguel Piana, con el \u00e1nimo de adicionar su apoyo a las gestiones del gobernador para que la postura y el reclamo de la Regi\u00f3n sea un\u00e1nime, y el legislador nos respondi\u00f3 que s\u00ed, que se va a sumar\u201d, confi\u00f3.<\/p>\n<p>\u201cCabe recordar que dentro de la legislatura provincial Piana es el \u00fanico senador de Cambiemos en la Regi\u00f3n, por lo cual su apoyo al pedido de modificaci\u00f3n del cuadro tarifario el\u00e9ctrico que est\u00e1 llevando adelante el gobernador Bordet ante el Gobierno Nacional es muy valioso\u201d, agreg\u00f3 Giano.<\/p>\n<p>Por su parte, el vocal de CAFESG Diego Lascurain se\u00f1al\u00f3 que \u201cen toda la Regi\u00f3n de Salto Grande se est\u00e1n llevando adelante acciones concretas que redunden en un apoyo manifiesto y un\u00e1nime de parte de legisladores, intendentes y presidentes de Juntas de Gobierno, al reclamo del gobernador Bordet para que CTM perciba un mejor arancel por la generaci\u00f3n de energ\u00eda y esto impacte de manera positiva en los cientos de miles de entrerrianos que se benefician de las acciones de CAFESG\u201d, resalt\u00f3.<\/p>\n<p>A ese respecto, Casa\u00f1as manifest\u00f3 que \u201csi a Salto Grande se le paga 120 pesos el magavatio\/hora contra, aproximadamente, 350 pesos que reciben otras generadoras, estamos ante una terrible injusticia y una exacci\u00f3n a todo lo que se necesita para la propia represa o para CAFESG\u201d; sin embargo, se mostr\u00f3 optimista \u201cporque el trabajo conjunto del gobernador Bordet con la Delegaci\u00f3n Argentina ante la CTM y la labor mancomunada de los directores de CAFESG de distintas fuerzas pol\u00edticas, de los legisladores de la Comisi\u00f3n de Seguimiento, el compromiso de los legisladores y de los intendentes y presidentes de Juntas de Gobierno, as\u00ed como de los concejales, es una buena noticia para el futuro de nuestra Regi\u00f3n\u201d, concluy\u00f3.<\/p>\n<p>En el \u00faltimo tramo de la reuni\u00f3n, seg\u00fan indicaron los participantes, analizaron la situaci\u00f3n de las obras p\u00fablicas y los programas de Desarrollo Regional en la ciudad de Concordia y en el Departamento hom\u00f3nimo.<\/p>\n<p><a href=\"https:\/\/www.cafesg.gob.ar\/cafesg2\/wp-content\/uploads\/2016\/07\/Casa\u00f1as-Giano-Lascurain-1.jpg\"><img loading=\"lazy\" decoding=\"async\" class=\"alignnone size-thumbnail wp-image-4892\" src=\"https:\/\/www.cafesg.gob.ar\/cafesg2\/wp-content\/uploads\/2016\/07\/Casa\u00f1as-Giano-Lascurain-1-150x150.jpg\" alt=\"Casa\u00f1as Giano Lascurain (1)\" width=\"150\" height=\"150\" \/><\/a> <a href=\"https:\/\/www.cafesg.gob.ar\/cafesg2\/wp-content\/uploads\/2016\/07\/Casa\u00f1as-Giano-Lascurain-2.jpg\"><img loading=\"lazy\" decoding=\"async\" class=\"alignnone size-thumbnail wp-image-4893\" src=\"https:\/\/www.cafesg.gob.ar\/cafesg2\/wp-content\/uploads\/2016\/07\/Casa\u00f1as-Giano-Lascurain-2-150x150.jpg\" alt=\"Casa\u00f1as Giano Lascurain (2)\" width=\"150\" height=\"150\" \/><\/a><\/p>\n<p>&nbsp;<\/p>\n","protected":false},"excerpt":{"rendered":"<p>Sumaron el apoyo del senador Piana a las gestiones del gobernador Bordet ante Naci\u00f3n El presidente de CAFESG, Alejandro Casa\u00f1as, y el vocal del organismo provincial, Diego Lascurain, mantuvieron ayer una reuni\u00f3n de trabajo con el senador provincial por el departamento Concordia, Angel Giano. Luego del encuentro Casa\u00f1as inform\u00f3 que se evalu\u00f3 \u201cc\u00f3mo est\u00e1 la [&hellip;]<\/p>\n","protected":false},"author":1,"featured_media":0,"comment_status":"open","ping_status":"open","sticky":false,"template":"","format":"standard","meta":{"footnotes":""},"categories":[15],"tags":[],"class_list":["post-4891","post","type-post","status-publish","format-standard","hentry","category-noticias"],"_links":{"self":[{"href":"https:\/\/cafesg.gob.ar\/cafesg2\/wp-json\/wp\/v2\/posts\/4891","targetHints":{"allow":["GET"]}}],"collection":[{"href":"https:\/\/cafesg.gob.ar\/cafesg2\/wp-json\/wp\/v2\/posts"}],"about":[{"href":"https:\/\/cafesg.gob.ar\/cafesg2\/wp-json\/wp\/v2\/types\/post"}],"author":[{"embeddable":true,"href":"https:\/\/cafesg.gob.ar\/cafesg2\/wp-json\/wp\/v2\/users\/1"}],"replies":[{"embeddable":true,"href":"https:\/\/cafesg.gob.ar\/cafesg2\/wp-json\/wp\/v2\/comments?post=4891"}],"version-history":[{"count":0,"href":"https:\/\/cafesg.gob.ar\/cafesg2\/wp-json\/wp\/v2\/posts\/4891\/revisions"}],"wp:attachment":[{"href":"https:\/\/cafesg.gob.ar\/cafesg2\/wp-json\/wp\/v2\/media?parent=4891"}],"wp:term":[{"taxonomy":"category","embeddable":true,"href":"https:\/\/cafesg.gob.ar\/cafesg2\/wp-json\/wp\/v2\/categories?post=4891"},{"taxonomy":"post_tag","embeddable":true,"href":"https:\/\/cafesg.gob.ar\/cafesg2\/wp-json\/wp\/v2\/tags?post=4891"}],"curies":[{"name":"wp","href":"https:\/\/api.w.org\/{rel}","templated":true}]}}