 {"id":4873,"date":"2016-07-20T11:19:42","date_gmt":"2016-07-20T14:19:42","guid":{"rendered":"http:\/\/www.cafesg.gob.ar\/web\/?p=4873"},"modified":"2016-07-20T11:19:42","modified_gmt":"2016-07-20T14:19:42","slug":"cafesg-y-la-secretaria-de-ambiente-de-la-provincia-trabajaran-en-una-agenda-ambiental-compartida","status":"publish","type":"post","link":"https:\/\/cafesg.gob.ar\/cafesg2\/cafesg-y-la-secretaria-de-ambiente-de-la-provincia-trabajaran-en-una-agenda-ambiental-compartida\/","title":{"rendered":"CAFESG y la Secretar\u00eda de Ambiente de la Provincia trabajar\u00e1n en una agenda ambiental compartida"},"content":{"rendered":"<p><em>As\u00ed surgi\u00f3 de una reuni\u00f3n de Alejandro Casa\u00f1as con Bel\u00e9n Esteves en Concordia<\/em><\/p>\n<p>El presidente de CAFESG, Alejandro Casa\u00f1as, se entrevist\u00f3 en su despacho con la secretaria provincial de Ambiente, Bel\u00e9n Esteves, a los efectos de que ambos organismos comiencen a transitar un camino de trabajo en equipo en el marco de una agenda ambiental com\u00fan.<\/p>\n<p>Al cabo del encuentro, Esteves reconoci\u00f3 que CAFESG \u201cya tiene un trabajo medio ambiental iniciado, y la idea es darle continuidad y profundizarlo a trav\u00e9s de una labor mancomunada con la Secretar\u00eda de Ambiente\u201d.<\/p>\n<p>Esta tarea conjunta entre CAFESG y la repartici\u00f3n provincial tendr\u00e1 tres ejes: la pol\u00edtica ambiental de Gesti\u00f3n Integral de Residuos S\u00f3lidos Urbanos (GIRSU), la problem\u00e1tica de la erosi\u00f3n de costas aguas abajo de la represa, y la necesidad de avanzar en materia de sustentabilidad ambiental en los proyectos de nuevas edificaciones que se proyecten desde CAFESG.<\/p>\n<p>Sobre el primer punto, Esteves indic\u00f3 que \u201cla idea es que CAFESG aporte con los sensibilizadores ambientales a uno de los primeros eslabones de la GIRSU: la concientizaci\u00f3n para la separaci\u00f3n en origen, que es clave para el desarrollo de todo el proceso\u201d, remarc\u00f3.<\/p>\n<p>A ese respecto, Casa\u00f1as confi\u00f3 que \u201chemos tomado como criterio ya no concurrir m\u00e1s con sensibilizadores externos a los municipios a concientizar en materia ambiental, sino brindarles ahora la posibilidad a todas las comunas de la Regi\u00f3n de Salto Grande de que a trav\u00e9s de personal t\u00e9cnico especializado de CAFESG puedan contar con todas las herramientas necesarias para capacitar a su propio personal para que los propios municipios puedan cumplir con esa tarea\u201d.<\/p>\n<p>\u201cEn ese sentido \u2013agreg\u00f3 Casa\u00f1as\u2013 dialogamos con la Dra. Esteves sobre coordinar acciones para no dilapidar esfuerzos y para enriquecerse mutuamente el personal de CAFESG y de la Secretar\u00eda en cuanto a conocimiento y pr\u00e1cticas en esta materia, y a su vez planificar y programar las tareas a realizar\u201d, grafic\u00f3.<\/p>\n<p>El segundo punto de la agenda conjunta sobre el que dialogaron Casa\u00f1as y Esteves fue el de la problem\u00e1tica de la erosi\u00f3n costera aguas abajo de la represa.<\/p>\n<p>Sobre esta materia, Esteves manifest\u00f3 que \u201cya hab\u00edamos avanzado con Casa\u00f1as en un proyecto, que es muy complejo, cuando compart\u00edamos la gesti\u00f3n municipal aqu\u00ed en Concordia, y \u2013dadas las caracter\u00edsticas de ese proyecto\u2013 hablamos de darle continuidad a las etapas restantes, para que podamos proteger de la erosi\u00f3n a nuestras costas agua abajo de la represa, porque adem\u00e1s de perderse porciones de suelo tambi\u00e9n se pierde una enorme cantidad de flora nativa\u201d, alert\u00f3.<\/p>\n<p>Casa\u00f1as, en tanto, indic\u00f3 que \u201cen materia de erosi\u00f3n de costas aguas abajo de la represa se avanz\u00f3 much\u00edsimo. CAFESG ya ha hecho muchas obras en ese sentido, y hoy se est\u00e1 elaborando un proyecto espec\u00edfico para un municipio costero, y a su vez hay otros proyectos de protecci\u00f3n costera\u201d. Sin embargo, la idea es \u201ccoordinar un programa integral de protecci\u00f3n de costas donde intervengan otras instituciones como los municipios de la zona, la CARU, la CTM, y por supuesto la Secretar\u00eda de Ambiente de la Provincia\u201d, enumer\u00f3.<\/p>\n<p>\u201cDebemos trabajar en conjunto \u2013resalt\u00f3 Casa\u00f1as\u2013 todos los organismos que tenemos alguna competencia sobre la represa de Salto Grande y su influencia en el medio ambiente, porque la obra se proyect\u00f3, se construy\u00f3, pero no est\u00e1 terminada. Se prioriz\u00f3 b\u00e1sicamente el \u00faltimo punto de su creaci\u00f3n, la generaci\u00f3n de energ\u00eda, pero no se ha tenido en cuenta al proyectarla y en su operaci\u00f3n todo lo que tiene que ver con la erosi\u00f3n de costas, que es lo que afecta a nuestra gente en la Regi\u00f3n de Salto Grande. Es algo que debemos tener muy en cuenta y tenemos luego que reclamar juntos la pertinente financiaci\u00f3n al gobierno nacional para que se realicen las obras en vacancia, lo cual escapa a CTM, a CARU, a CAFESG y al presupuesto provincial\u201d, subray\u00f3 el presidente del organismo con sede en Concordia.<\/p>\n<p>A rengl\u00f3n seguido, ambos funcionarios provinciales dialogaron sobre el tercer \u00edtem de la agenda ambiental com\u00fan: \u201cLa posibilidad de que nuestros t\u00e9cnicos y los de la Secretar\u00eda de Ambiente trabajen juntos en cuanto a criterios de sustentabilidad en la proyecci\u00f3n de edificios, algo en lo que, si bien CAFESG ha avanzado, es muy positivo articularlo con la Secretar\u00eda\u201d, sostuvo Casa\u00f1as.<\/p>\n<p>Por \u00faltimo, Casa\u00f1as celebr\u00f3 esta \u201cposibilidad de seguir trabajando en equipo en el marco de una pol\u00edtica que se ha distinguido en el gobierno de Gustavo Bordet. En este caso con la Dra. Esteves con quien ya hemos venido trabajando en conjunto desde la gesti\u00f3n municipal en Concordia, en base a la cooperaci\u00f3n y el entendimiento. Justamente una de las l\u00edneas directivas que hemos establecido en CAFESG es laborar en equipo y en coordinaci\u00f3n con las distintas \u00e1reas ministeriales de la Provincia en aquellas materias en que podemos converger y trabajar en el marco de los lineamientos y competencias de nuestro organismo\u201d, concluy\u00f3 el titular de la comisi\u00f3n que administra el Fondo Especial de Salto Grande.<\/p>\n<p><a href=\"https:\/\/www.cafesg.gob.ar\/cafesg2\/wp-content\/uploads\/2016\/07\/Reuni\u00f3n-Casa\u00f1as-con-Esteves-2.jpg\"><img loading=\"lazy\" decoding=\"async\" class=\"alignnone size-thumbnail wp-image-4874\" src=\"https:\/\/www.cafesg.gob.ar\/cafesg2\/wp-content\/uploads\/2016\/07\/Reuni\u00f3n-Casa\u00f1as-con-Esteves-2-150x150.jpg\" alt=\"Reuni\u00f3n Casa\u00f1as con Esteves (2)\" width=\"150\" height=\"150\" \/><\/a> <a href=\"https:\/\/www.cafesg.gob.ar\/cafesg2\/wp-content\/uploads\/2016\/07\/Reuni\u00f3n-Casa\u00f1as-con-Esteves-3.jpg\"><img loading=\"lazy\" decoding=\"async\" class=\"alignnone size-thumbnail wp-image-4875\" src=\"https:\/\/www.cafesg.gob.ar\/cafesg2\/wp-content\/uploads\/2016\/07\/Reuni\u00f3n-Casa\u00f1as-con-Esteves-3-150x150.jpg\" alt=\"Reuni\u00f3n Casa\u00f1as con Esteves (3)\" width=\"150\" height=\"150\" \/><\/a> <a href=\"https:\/\/www.cafesg.gob.ar\/cafesg2\/wp-content\/uploads\/2016\/07\/Reuni\u00f3n-Casa\u00f1as-con-Esteves-4.jpg\"><img loading=\"lazy\" decoding=\"async\" class=\"alignnone size-thumbnail wp-image-4876\" src=\"https:\/\/www.cafesg.gob.ar\/cafesg2\/wp-content\/uploads\/2016\/07\/Reuni\u00f3n-Casa\u00f1as-con-Esteves-4-150x150.jpg\" alt=\"Reuni\u00f3n Casa\u00f1as con Esteves (4)\" width=\"150\" height=\"150\" \/><\/a><\/p>\n","protected":false},"excerpt":{"rendered":"<p>As\u00ed surgi\u00f3 de una reuni\u00f3n de Alejandro Casa\u00f1as con Bel\u00e9n Esteves en Concordia El presidente de CAFESG, Alejandro Casa\u00f1as, se entrevist\u00f3 en su despacho con la secretaria provincial de Ambiente, Bel\u00e9n Esteves, a los efectos de que ambos organismos comiencen a transitar un camino de trabajo en equipo en el marco de una agenda ambiental [&hellip;]<\/p>\n","protected":false},"author":1,"featured_media":0,"comment_status":"open","ping_status":"open","sticky":false,"template":"","format":"standard","meta":{"footnotes":""},"categories":[15],"tags":[],"class_list":["post-4873","post","type-post","status-publish","format-standard","hentry","category-noticias"],"_links":{"self":[{"href":"https:\/\/cafesg.gob.ar\/cafesg2\/wp-json\/wp\/v2\/posts\/4873","targetHints":{"allow":["GET"]}}],"collection":[{"href":"https:\/\/cafesg.gob.ar\/cafesg2\/wp-json\/wp\/v2\/posts"}],"about":[{"href":"https:\/\/cafesg.gob.ar\/cafesg2\/wp-json\/wp\/v2\/types\/post"}],"author":[{"embeddable":true,"href":"https:\/\/cafesg.gob.ar\/cafesg2\/wp-json\/wp\/v2\/users\/1"}],"replies":[{"embeddable":true,"href":"https:\/\/cafesg.gob.ar\/cafesg2\/wp-json\/wp\/v2\/comments?post=4873"}],"version-history":[{"count":0,"href":"https:\/\/cafesg.gob.ar\/cafesg2\/wp-json\/wp\/v2\/posts\/4873\/revisions"}],"wp:attachment":[{"href":"https:\/\/cafesg.gob.ar\/cafesg2\/wp-json\/wp\/v2\/media?parent=4873"}],"wp:term":[{"taxonomy":"category","embeddable":true,"href":"https:\/\/cafesg.gob.ar\/cafesg2\/wp-json\/wp\/v2\/categories?post=4873"},{"taxonomy":"post_tag","embeddable":true,"href":"https:\/\/cafesg.gob.ar\/cafesg2\/wp-json\/wp\/v2\/tags?post=4873"}],"curies":[{"name":"wp","href":"https:\/\/api.w.org\/{rel}","templated":true}]}}