 {"id":4869,"date":"2016-07-15T12:43:25","date_gmt":"2016-07-15T15:43:25","guid":{"rendered":"http:\/\/www.cafesg.gob.ar\/web\/?p=4869"},"modified":"2016-07-15T12:43:25","modified_gmt":"2016-07-15T15:43:25","slug":"cafesg-y-arru-defenderan-en-conjunto-los-recursos-afectados-por-la-erosion-aguas-arriba-de-salto-grande","status":"publish","type":"post","link":"https:\/\/cafesg.gob.ar\/cafesg2\/cafesg-y-arru-defenderan-en-conjunto-los-recursos-afectados-por-la-erosion-aguas-arriba-de-salto-grande\/","title":{"rendered":"CAFESG y ARRU defender\u00e1n en conjunto los recursos afectados por la erosi\u00f3n aguas arriba de Salto Grande"},"content":{"rendered":"<p><em>Ser\u00e1n los propios ribere\u00f1os los que elaborar\u00e1n el orden de prioridades de los proyectos<\/em><\/p>\n<p>&nbsp;<\/p>\n<p>El presidente de la Comisi\u00f3n Administradora para el Fondo Especial de Salto Grande (CAFESG), Alejandro Casa\u00f1as, y los vocales de la oposici\u00f3n Horacio Giorgio y Rub\u00e9n Rastelli, recibieron al presidente de la Asociaci\u00f3n de Ribere\u00f1os del R\u00edo Uruguay (ARRU), Bautista Dal Mol\u00edn, y a su asesor legal H\u00e9ctor Pedro Veller, para dialogar b\u00e1sicamente sobre la problem\u00e1tica de la erosi\u00f3n de costas agua arriba de la represa.<\/p>\n<p>Al cabo del encuentro, el titular del organismo provincial indic\u00f3 que \u201cesta nueva reuni\u00f3n se inscribi\u00f3 en una forma de hacer pol\u00edtica que sigue los lineamientos del gobernador Gustavo Bordet, y que se basa en el di\u00e1logo y en la construcci\u00f3n en conjunto a trav\u00e9s de la cooperaci\u00f3n, en este caso de nuestra instituci\u00f3n con los ribere\u00f1os del departamento Federaci\u00f3n, nucleados en ARRU\u201d, destac\u00f3 Casa\u00f1as.<\/p>\n<p>Por su parte, Dal Mol\u00edn se mostr\u00f3 \u201cmuy agradecido por el recibimiento ofrecido y por el tenor que prim\u00f3 en la reuni\u00f3n\u201d, y a rengl\u00f3n seguido agreg\u00f3 que \u201cen compa\u00f1\u00eda de nuestro letrado planteamos a CAFESG primordialmente el problema de la erosi\u00f3n de costas, una secuela producto de la fluctuaci\u00f3n del embalse de Salto Grande, situaci\u00f3n que fue avanzando sobre todo en lugares cr\u00edticos\u201d, afirm\u00f3.<\/p>\n<p>A ese respecto, Casa\u00f1as reconoci\u00f3 que \u201cel fen\u00f3meno de la erosi\u00f3n destruye recursos econ\u00f3micos, naturales, patrimoniales y culturales\u201d, y en funci\u00f3n de ello confi\u00f3 que \u201cdurante la reuni\u00f3n hemos acordado, con nuestros viejos conocidos de ARRU, que CAFESG va a trabajar en conjunto con los ribere\u00f1os en la concepci\u00f3n de los distintos proyectos de obras tendientes a mitigar los efectos de la erosi\u00f3n en \u00e9pocas de creciente extraordinaria, y \u2013como lo venimos haciendo con todos los municipios y las Juntas de Gobierno de la Regi\u00f3n\u2013 les hemos pedido que sean ellos mismos, los ribere\u00f1os, los que fijen el orden de prioridades pertinente\u201d, resalt\u00f3.<\/p>\n<p>\u201cCon ARRU \u2013agreg\u00f3 Casa\u00f1as\u2013 queremos laborar en conjunto, como ya lo venimos haciendo desde CAFESG, conformando equipos de trabajo donde la uni\u00f3n y la cooperaci\u00f3n son fundamentales para lograr los objetivos\u201d, subray\u00f3.<\/p>\n<p>A los efectos de ese cometido, Casa\u00f1as consider\u00f3 fundamental \u201csumar la cooperaci\u00f3n de las autoridades de la provincia de Corrientes\u201d. De esta manera, \u201cen el marco de un \u00e1mbito de trabajo mancomunado, compuesto por los gobiernos de Entre R\u00edos y Corrientes, CAFESG, ARRU y el Gobierno Nacional, que deber\u00e1 ser el que financie estas obras de protecci\u00f3n o defensa de costas, vamos a cumplir entre todos con el objetivo de mitigar los efectos negativos de la erosi\u00f3n aguas arriba de la represa\u201d, concluy\u00f3.<\/p>\n<p>\u201cPara ello \u2013manifest\u00f3 por \u00faltimo el presidente de CAFESG\u2013 debemos elaborar un Plan Director de obras y acciones donde todos debemos estar unidos sin distinciones. Nuestro organismo provincial con sede en Concordia, ARRU y CTM podr\u00e1n demostrar as\u00ed una forma de construcci\u00f3n basada en el bien com\u00fan; \u00e9se sin dudas es nuestro gran desaf\u00edo\u201d, finaliz\u00f3 Casa\u00f1as.<\/p>\n<p><a href=\"https:\/\/www.cafesg.gob.ar\/cafesg2\/wp-content\/uploads\/2016\/07\/Reuni\u00f3n-con-ARRU-1.jpg\"><img loading=\"lazy\" decoding=\"async\" class=\"alignnone size-thumbnail wp-image-4870\" src=\"https:\/\/www.cafesg.gob.ar\/cafesg2\/wp-content\/uploads\/2016\/07\/Reuni\u00f3n-con-ARRU-1-150x150.jpg\" alt=\"Reuni\u00f3n con ARRU (1)\" width=\"150\" height=\"150\" \/><\/a> <a href=\"https:\/\/www.cafesg.gob.ar\/cafesg2\/wp-content\/uploads\/2016\/07\/Reuni\u00f3n-con-ARRU-2.jpg\"><img loading=\"lazy\" decoding=\"async\" class=\"alignnone size-thumbnail wp-image-4871\" src=\"https:\/\/www.cafesg.gob.ar\/cafesg2\/wp-content\/uploads\/2016\/07\/Reuni\u00f3n-con-ARRU-2-150x150.jpg\" alt=\"Reuni\u00f3n con ARRU (2)\" width=\"150\" height=\"150\" \/><\/a><\/p>\n","protected":false},"excerpt":{"rendered":"<p>Ser\u00e1n los propios ribere\u00f1os los que elaborar\u00e1n el orden de prioridades de los proyectos &nbsp; El presidente de la Comisi\u00f3n Administradora para el Fondo Especial de Salto Grande (CAFESG), Alejandro Casa\u00f1as, y los vocales de la oposici\u00f3n Horacio Giorgio y Rub\u00e9n Rastelli, recibieron al presidente de la Asociaci\u00f3n de Ribere\u00f1os del R\u00edo Uruguay (ARRU), Bautista [&hellip;]<\/p>\n","protected":false},"author":1,"featured_media":0,"comment_status":"open","ping_status":"open","sticky":false,"template":"","format":"standard","meta":{"footnotes":""},"categories":[15],"tags":[],"class_list":["post-4869","post","type-post","status-publish","format-standard","hentry","category-noticias"],"_links":{"self":[{"href":"https:\/\/cafesg.gob.ar\/cafesg2\/wp-json\/wp\/v2\/posts\/4869","targetHints":{"allow":["GET"]}}],"collection":[{"href":"https:\/\/cafesg.gob.ar\/cafesg2\/wp-json\/wp\/v2\/posts"}],"about":[{"href":"https:\/\/cafesg.gob.ar\/cafesg2\/wp-json\/wp\/v2\/types\/post"}],"author":[{"embeddable":true,"href":"https:\/\/cafesg.gob.ar\/cafesg2\/wp-json\/wp\/v2\/users\/1"}],"replies":[{"embeddable":true,"href":"https:\/\/cafesg.gob.ar\/cafesg2\/wp-json\/wp\/v2\/comments?post=4869"}],"version-history":[{"count":0,"href":"https:\/\/cafesg.gob.ar\/cafesg2\/wp-json\/wp\/v2\/posts\/4869\/revisions"}],"wp:attachment":[{"href":"https:\/\/cafesg.gob.ar\/cafesg2\/wp-json\/wp\/v2\/media?parent=4869"}],"wp:term":[{"taxonomy":"category","embeddable":true,"href":"https:\/\/cafesg.gob.ar\/cafesg2\/wp-json\/wp\/v2\/categories?post=4869"},{"taxonomy":"post_tag","embeddable":true,"href":"https:\/\/cafesg.gob.ar\/cafesg2\/wp-json\/wp\/v2\/tags?post=4869"}],"curies":[{"name":"wp","href":"https:\/\/api.w.org\/{rel}","templated":true}]}}