 {"id":4845,"date":"2016-07-07T08:46:21","date_gmt":"2016-07-07T11:46:21","guid":{"rendered":"http:\/\/www.cafesg.gob.ar\/web\/?p=4845"},"modified":"2016-07-07T08:46:21","modified_gmt":"2016-07-07T11:46:21","slug":"casanas-valoro-muy-positivamente-que-provincia-y-ctm-trabajen-juntas-para-la-recuperacion-de-los-fondos-de-salto-grande","status":"publish","type":"post","link":"https:\/\/cafesg.gob.ar\/cafesg2\/casanas-valoro-muy-positivamente-que-provincia-y-ctm-trabajen-juntas-para-la-recuperacion-de-los-fondos-de-salto-grande\/","title":{"rendered":"Casa\u00f1as valor\u00f3 muy positivamente que Provincia y CTM trabajen juntas para la recuperaci\u00f3n de los fondos de Salto Grande"},"content":{"rendered":"<p><em>Volvi\u00f3 a insistir sobre la necesaria readecuaci\u00f3n de la tarifa que se le abona a la represa<\/em><\/p>\n<p><a href=\"https:\/\/www.cafesg.gob.ar\/cafesg2\/wp-content\/uploads\/2016\/07\/Casa\u00f1as_con_Niez2.jpg\"><img loading=\"lazy\" decoding=\"async\" class=\"alignleft wp-image-4846 size-medium\" src=\"https:\/\/www.cafesg.gob.ar\/cafesg2\/wp-content\/uploads\/2016\/07\/Casa\u00f1as_con_Niez2-300x285.jpg\" alt=\"Casa\u00f1as_con_Niez2\" width=\"300\" height=\"285\" hspace=\"20\" vspace=\"10\" \/><\/a>\u201cEs una gran muestra de madurez y responsabilidad\u201d, manifest\u00f3 el presidente de la Comisi\u00f3n Administradora para el Fondo Especial de Salto Grande (CAFESG), Alejandro Casa\u00f1as, luego de la reuni\u00f3n mantenida por el gobernador Gustavo Bordet con el presidente de la Comisi\u00f3n T\u00e9cnica Mixta de Salto Grande, Roberto Niez, y el secretario de la entidad binacional, Hugo Mayer, donde ambas partes acordaron trabajar conjuntamente con sus respectivos equipos t\u00e9cnicos para estudiar lo vinculado a la tarifa el\u00e9ctrica y los fondos excedentes de Salto Grande.<\/p>\n<p>En ese sentido, Casa\u00f1as agreg\u00f3 que \u201ces muy alentador que podamos integrar un equipo de trabajo entre Naci\u00f3n y Provincia, entre CTM y CAFESG, y otros organismos provinciales. Tanto la represa de Salto Grande en su construcci\u00f3n, como CAFESG en su creaci\u00f3n, fueron el resultado de movimientos populares que sin distinci\u00f3n de bander\u00edas pol\u00edticas lograron que prime el bien com\u00fan, el entendimiento y el trabajo conjunto. Quienes tenemos responsabilidades estaremos a la altura de las circunstancias\u201d, asever\u00f3.<\/p>\n<p>Casa\u00f1as record\u00f3 que \u201cel gobernador Bordet ha planteado desde principios de a\u00f1o la readecuaci\u00f3n de la tarifa que se abona a la CTM de Salto Grande, y ahora es important\u00edsimo que sumen su voz hombres de la Regi\u00f3n que conducen esa entidad binacional\u201d, ponder\u00f3.<\/p>\n<p>El titular de CAFESG profundiz\u00f3 en esa l\u00ednea de pensamiento y consider\u00f3 que \u201cesto es trascendente porque si no quedamos en esa nebulosa que son EBISA (Emprendimientos Energ\u00e9ticos Binacionales S. A.) o CAMMESA (Compa\u00f1\u00eda Administradora del Mercado Mayorista El\u00e9ctrico S.A.) donde no se tiene participaci\u00f3n directa, como lo hemos propuesto hace muchos a\u00f1os atr\u00e1s\u201d, record\u00f3.<\/p>\n<p>\u201cLa Regi\u00f3n \u2013agreg\u00f3\u2013 tiene dirigentes y t\u00e9cnicos con probada capacidad como para hacer mejor las cosas y lograr que le sea reconocida la generaci\u00f3n de Salto Grande en los mejores horarios. Cuidar y controlar esas cuentas que est\u00e1n en CAMMESA o EBISA significar\u00e1 una gran ventaja para la Regi\u00f3n, no s\u00f3lo en excedentes o en regal\u00edas, sino en calidad de vida\u201d, afirm\u00f3 el funcionario provincial.<\/p>\n<p>\u201cSomos dignos de haber gestado, como Regi\u00f3n, una represa que es una obra de arte de la ingenier\u00eda y que est\u00e1 a la altura de las grandes obras en cuanto a su funcionamiento y a la calidad de sus t\u00e9cnicos; pues ahora podemos demostrarle al mundo c\u00f3mo una Regi\u00f3n afectada por una represa, cuyas consecuencias fueron positivas y negativas, puede unirse con responsabilidad dirigencial, abriendo un nuevo camino de esperanza, responsabilidad y trabajo conjunto\u201d, remarc\u00f3.<\/p>\n<p>Para Casa\u00f1as, \u201csi a Salto Grande se le paga 120 pesos el magavatio\/hora contra, m\u00e1s o menos, 350 pesos que reciben otras generadoras, estamos ante una terrible injusticia y una exacci\u00f3n a todo lo que se necesita para la propia represa o para CAFESG\u201d; sin embargo, se mostr\u00f3 optimista \u201cporque la reuni\u00f3n del gobernador Bordet con la Delegaci\u00f3n Argentina ante la CTM y el trabajo mancomunado de los directores de CAFESG de distintas fuerzas pol\u00edticas, la labor conjunta de los legisladores de la Comisi\u00f3n de Seguimiento, el compromiso de los legisladores y de los intendentes y presidentes de Juntas de Gobierno, as\u00ed como de los concejales, es una buena noticia para el futuro de nuestra Regi\u00f3n\u201d, subray\u00f3.<\/p>\n<p>En este marco, Casa\u00f1as evalu\u00f3 como \u201cmuy positiva la respuesta del secretario de Energ\u00eda El\u00e9ctrica de la Naci\u00f3n, Alejandro Sruoga, quien se mostr\u00f3 dispuesto a avanzar sobre la posibilidad de modificar el actual cuadro tarifario el\u00e9ctrico, en un \u00e1mbito de di\u00e1logo constructivo y de sentido com\u00fan, que se gener\u00f3 entre el gobernador Gustavo Bordet y los ministros del Interior, Rogelio Frigerio, y de Energ\u00eda, Juan Jos\u00e9 Aranguren, entre otros funcionarios nacionales\u201d.<\/p>\n<p>\u201cSin dudas \u2013continu\u00f3 Casa\u00f1as\u2013 hay mucho por proyectar, hacer, discutir y trabajar. Desde el primer d\u00eda de labor en CAFESG, y as\u00ed ser\u00e1 por siempre, hemos ido conformando un verdadero equipo de trabajo con los municipios y Juntas de Gobierno. En \u00e9pocas de crisis, la creatividad y la uni\u00f3n son primordiales. No hubo distinci\u00f3n de partidos pol\u00edticos, hubo entendimiento pleno. As\u00ed somos los entrerrianos. Desde CAFESG agradecemos y destacamos la pol\u00edtica de trabajo mancomunado del gobernador Bordet y esta nueva etapa de labor conjunta que se inicia con el equipo encabezado por nuestro copoblano Roberto Niez. Es un ejemplo a seguir que contemplan las futuras generaciones\u201d, celebr\u00f3.<\/p>\n<p>Por \u00faltimo, el presidente de CAFESG alert\u00f3 que \u201cdesde las sombras hay quienes pretenden sembrar ciza\u00f1a o enfrentamientos est\u00e9riles, son quienes creen que se construye rompiendo, resumiendo, creando conflictos artificiales. Pero nada de eso podr\u00e1 empa\u00f1ar el excepcional entendimiento alcanzado para conformar un buen equipo de trabajo conjunto, donde cada uno sabe qu\u00e9 debe hacer, porque la ley es clara en repartir competencias. Lo importante es que, adem\u00e1s de ello, nos une la convicci\u00f3n del trabajo conjunto por el bien com\u00fan. La hombr\u00eda de bien de quienes est\u00e1n comprometidos con Salto Grande, sea a nivel nacional, provincial o local, nos garantiza un \u00e1mbito de trabajo transparente, eficaz y de uni\u00f3n. Si, por el contrario, no trabaj\u00e1ramos en armon\u00eda, estar\u00edamos corrompiendo un mandato hist\u00f3rico del pueblo de la Regi\u00f3n de Salto grande\u201d, concluy\u00f3.<\/p>\n","protected":false},"excerpt":{"rendered":"<p>Volvi\u00f3 a insistir sobre la necesaria readecuaci\u00f3n de la tarifa que se le abona a la represa \u201cEs una gran muestra de madurez y responsabilidad\u201d, manifest\u00f3 el presidente de la Comisi\u00f3n Administradora para el Fondo Especial de Salto Grande (CAFESG), Alejandro Casa\u00f1as, luego de la reuni\u00f3n mantenida por el gobernador Gustavo Bordet con el presidente [&hellip;]<\/p>\n","protected":false},"author":1,"featured_media":0,"comment_status":"open","ping_status":"open","sticky":false,"template":"","format":"standard","meta":{"footnotes":""},"categories":[15],"tags":[],"class_list":["post-4845","post","type-post","status-publish","format-standard","hentry","category-noticias"],"_links":{"self":[{"href":"https:\/\/cafesg.gob.ar\/cafesg2\/wp-json\/wp\/v2\/posts\/4845","targetHints":{"allow":["GET"]}}],"collection":[{"href":"https:\/\/cafesg.gob.ar\/cafesg2\/wp-json\/wp\/v2\/posts"}],"about":[{"href":"https:\/\/cafesg.gob.ar\/cafesg2\/wp-json\/wp\/v2\/types\/post"}],"author":[{"embeddable":true,"href":"https:\/\/cafesg.gob.ar\/cafesg2\/wp-json\/wp\/v2\/users\/1"}],"replies":[{"embeddable":true,"href":"https:\/\/cafesg.gob.ar\/cafesg2\/wp-json\/wp\/v2\/comments?post=4845"}],"version-history":[{"count":0,"href":"https:\/\/cafesg.gob.ar\/cafesg2\/wp-json\/wp\/v2\/posts\/4845\/revisions"}],"wp:attachment":[{"href":"https:\/\/cafesg.gob.ar\/cafesg2\/wp-json\/wp\/v2\/media?parent=4845"}],"wp:term":[{"taxonomy":"category","embeddable":true,"href":"https:\/\/cafesg.gob.ar\/cafesg2\/wp-json\/wp\/v2\/categories?post=4845"},{"taxonomy":"post_tag","embeddable":true,"href":"https:\/\/cafesg.gob.ar\/cafesg2\/wp-json\/wp\/v2\/tags?post=4845"}],"curies":[{"name":"wp","href":"https:\/\/api.w.org\/{rel}","templated":true}]}}