 {"id":4842,"date":"2016-07-06T12:04:58","date_gmt":"2016-07-06T15:04:58","guid":{"rendered":"http:\/\/www.cafesg.gob.ar\/web\/?p=4842"},"modified":"2016-07-06T12:04:58","modified_gmt":"2016-07-06T15:04:58","slug":"manana-en-el-centro-civico-acto-en-adhesion-al-bicentenario-de-la-independencia-nacional","status":"publish","type":"post","link":"https:\/\/cafesg.gob.ar\/cafesg2\/manana-en-el-centro-civico-acto-en-adhesion-al-bicentenario-de-la-independencia-nacional\/","title":{"rendered":"Ma\u00f1ana en el Centro C\u00edvico acto en adhesi\u00f3n al Bicentenario de la Independencia Nacional"},"content":{"rendered":"<p><em>Se llevar\u00e1 a cabo en el sal\u00f3n del Cuarto Piso con organizaci\u00f3n de CAFESG y otras instituciones<\/em><\/p>\n<p><a href=\"https:\/\/www.cafesg.gob.ar\/cafesg2\/wp-content\/uploads\/2016\/07\/Acto-Bicentenario-Concordia.jpg\"><img loading=\"lazy\" decoding=\"async\" class=\"alignleft wp-image-4843 size-medium\" src=\"https:\/\/www.cafesg.gob.ar\/cafesg2\/wp-content\/uploads\/2016\/07\/Acto-Bicentenario-Concordia-212x300.jpg\" alt=\"Acto Bicentenario Concordia\" width=\"212\" height=\"300\" hspace=\"20\" vspace=\"10\" \/><\/a>El Consejo General de Educaci\u00f3n, a trav\u00e9s de su programa \u201cEducaci\u00f3n, Derechos Humanos y Memoria Colectiva\u201d, la Comisi\u00f3n Administradora para el Fondo Especial de Salto Grande (CAFESG), la Comisi\u00f3n del Bicentenario de la Municipalidad de Concordia, la Direcci\u00f3n Departamental de Escuelas y el Colectivo Docente \u201cSim\u00f3n Rodr\u00edguez\u201d organizan para ma\u00f1ana jueves a las 19Hs., en el cuarto piso del Centro C\u00edvico, un acto conjunto en adhesi\u00f3n al 200\u00ba Aniversario de la Declaraci\u00f3n de la Independencia Argentina.<\/p>\n<p>La celebraci\u00f3n contar\u00e1 con el desarrollo del panel de presentaci\u00f3n del libro \u201cArtigas y Entre R\u00edos: La Par\u00e1bola de Artigas\u201d, que contar\u00e1 con la presencia de sus autores, los profesores Gladis Mar\u00eda Balbi y Alejandro Richardet, y la participaci\u00f3n de Alejandro Casa\u00f1as como estudioso de la vida y la obra del \u201cProtector de los Pueblos Libres\u201d.<\/p>\n<p>La velada ser\u00e1 amenizada con la presentaci\u00f3n de distintos n\u00fameros de los talleres culturales de CAFESG, como por ejemplo el de M\u00fasica de los Pueblos Originarios, que dirige el m\u00fasico Carlos Caz\u00f3n y est\u00e1 compuesto por ni\u00f1os y j\u00f3venes de los barrios Villa Jard\u00edn, La Bianca, Villa Zorraqu\u00edn y N\u00e9bel.<\/p>\n<p>En tanto, desde San Salvador arribar\u00e1 una delegaci\u00f3n del ensamble coral y orquestal conformado por CAFESG, para compartir su m\u00fasica con los presentes.<\/p>\n<p>Esta actividad ha sido declarada de Inter\u00e9s Educativo a trav\u00e9s de la Resoluci\u00f3n N\u00ba 1949\/16 del Consejo General de Educaci\u00f3n de la Provincia de Entre R\u00edos.<\/p>\n<p>&nbsp;<\/p>\n<p><strong>Sobre el libro<\/strong><\/p>\n<p>La obra, escrita desde una perspectiva cr\u00edtica latinoamericana, aborda la gesta de Artigas y Los Pueblos Libres como una serie de respuestas puntuales a m\u00e1s de una treintena de preguntas, recogidas durante varios a\u00f1os en numerosos talleres de capacitaci\u00f3n, charlas, debates y paneles, que llevaron adelante los profesores Balbi y Richardet.<\/p>\n<p>En el panel de ma\u00f1ana, los autores del libro, junto a Alejandro Casa\u00f1as, abordar\u00e1n la figura del General Artigas y su vinculaci\u00f3n con nuestra provincia, y la relaci\u00f3n de las dos declaraciones de la Independencia, la del Arroyo de la China (Concepci\u00f3n del Uruguay) y la de Tucum\u00e1n.<\/p>\n<p>La participaci\u00f3n es totalmente libre y gratuita.<\/p>\n","protected":false},"excerpt":{"rendered":"<p>Se llevar\u00e1 a cabo en el sal\u00f3n del Cuarto Piso con organizaci\u00f3n de CAFESG y otras instituciones El Consejo General de Educaci\u00f3n, a trav\u00e9s de su programa \u201cEducaci\u00f3n, Derechos Humanos y Memoria Colectiva\u201d, la Comisi\u00f3n Administradora para el Fondo Especial de Salto Grande (CAFESG), la Comisi\u00f3n del Bicentenario de la Municipalidad de Concordia, la Direcci\u00f3n [&hellip;]<\/p>\n","protected":false},"author":1,"featured_media":0,"comment_status":"open","ping_status":"open","sticky":false,"template":"","format":"standard","meta":{"footnotes":""},"categories":[15],"tags":[],"class_list":["post-4842","post","type-post","status-publish","format-standard","hentry","category-noticias"],"_links":{"self":[{"href":"https:\/\/cafesg.gob.ar\/cafesg2\/wp-json\/wp\/v2\/posts\/4842","targetHints":{"allow":["GET"]}}],"collection":[{"href":"https:\/\/cafesg.gob.ar\/cafesg2\/wp-json\/wp\/v2\/posts"}],"about":[{"href":"https:\/\/cafesg.gob.ar\/cafesg2\/wp-json\/wp\/v2\/types\/post"}],"author":[{"embeddable":true,"href":"https:\/\/cafesg.gob.ar\/cafesg2\/wp-json\/wp\/v2\/users\/1"}],"replies":[{"embeddable":true,"href":"https:\/\/cafesg.gob.ar\/cafesg2\/wp-json\/wp\/v2\/comments?post=4842"}],"version-history":[{"count":0,"href":"https:\/\/cafesg.gob.ar\/cafesg2\/wp-json\/wp\/v2\/posts\/4842\/revisions"}],"wp:attachment":[{"href":"https:\/\/cafesg.gob.ar\/cafesg2\/wp-json\/wp\/v2\/media?parent=4842"}],"wp:term":[{"taxonomy":"category","embeddable":true,"href":"https:\/\/cafesg.gob.ar\/cafesg2\/wp-json\/wp\/v2\/categories?post=4842"},{"taxonomy":"post_tag","embeddable":true,"href":"https:\/\/cafesg.gob.ar\/cafesg2\/wp-json\/wp\/v2\/tags?post=4842"}],"curies":[{"name":"wp","href":"https:\/\/api.w.org\/{rel}","templated":true}]}}