 {"id":4837,"date":"2016-07-06T08:28:39","date_gmt":"2016-07-06T11:28:39","guid":{"rendered":"http:\/\/www.cafesg.gob.ar\/web\/?p=4837"},"modified":"2016-07-06T08:28:39","modified_gmt":"2016-07-06T11:28:39","slug":"casanas-y-el-senador-larrarte-conversaron-sobre-la-situacion-de-cafesg-y-proyectos-para-el-departamento-san-salvador","status":"publish","type":"post","link":"https:\/\/cafesg.gob.ar\/cafesg2\/casanas-y-el-senador-larrarte-conversaron-sobre-la-situacion-de-cafesg-y-proyectos-para-el-departamento-san-salvador\/","title":{"rendered":"Casa\u00f1as y el senador Larrarte conversaron sobre la situaci\u00f3n de CAFESG y proyectos para el Departamento San Salvador"},"content":{"rendered":"<p><em>Convinieron diagramar un plan de necesidades y prioridades con horizonte en 2017<\/em><\/p>\n<p>El presidente de la Comisi\u00f3n Administradora para el Fondo Especial de Salto Grande (Cafesg), Alejandro Casa\u00f1as, se entrevist\u00f3 en su despacho con el senador por San Salvador, Lucas Larrarte, y el titular de la Zonal de Arquitectura, Leonardo Franco, a los efectos de tomar conocimiento de primera mano de las necesidades de obras de las localidades del departamento.<\/p>\n<p>Al t\u00e9rmino del extenso encuentro, el legislador provincial consign\u00f3 que \u201canalizamos la realidad de CAFESG y la situaci\u00f3n del mercado el\u00e9ctrico nacional, pero tambi\u00e9n dialogamos sobre el plan de obras a ejecutar el a\u00f1o que viene en nuestro departamento; en ese sentido, Casa\u00f1as nos propuso que trabajemos en forma conjunta con nuestros t\u00e9cnicos, con los de CAFESG y con los de los diferentes municipios de San Salvador, para ir diagramando un esquema de necesidades y prioridades a modo de r\u00e1pido punto de partida para cuando CAFESG pueda disponer nuevamente de los fondos excedentes de Salto Grande\u201d, indic\u00f3.<\/p>\n<p>Consultado acerca de si desde la Legislatura provincial se piensa acompa\u00f1ar el reclamo por la modificaci\u00f3n del cuadro tarifario el\u00e9ctrico, Larrarte expres\u00f3 que \u201ccreo que es absolutamente necesario, pero hablo por m\u00ed; hay que dialogar con el resto de los compa\u00f1eros de la bancada oficialista que en gran parte pertenecemos a la zona de influencia y acci\u00f3n de CAFESG, as\u00ed que creo que los dem\u00e1s legisladores no van a tener inconvenientes en acompa\u00f1arnos; sin dudas que esa modificaci\u00f3n es necesaria y prioritaria para que CAFESG pueda seguir realizando obras en la zona en la que se ha desempe\u00f1ado siempre\u201d, concluy\u00f3.<\/p>\n<p>Por su parte, el presidente de CAFESG, Alejandro Casa\u00f1as, se\u00f1al\u00f3 que \u201cfue una reuni\u00f3n extensa donde pudimos poner al tanto al senador Larrarte de la situaci\u00f3n actual por la que est\u00e1 atravesando nuestra organismo y de todas las acciones que viene llevando adelante el gobernador Gustavo Bordet, junto a funcionarios del gabinete provincial y al Directorio de CAFESG, con el objetivo de revertir este panorama, de manera tal de poder seguir brindando a toda la Regi\u00f3n de Salto Grande las obras y los programas de desarrollo que hace tantos a\u00f1os se impulsan desde CAFESG\u201d, resalt\u00f3.<\/p>\n<p>No obstante ello, Casa\u00f1as remarc\u00f3 que \u201ca pesar de las limitaciones financieras que tenemos, estamos permanentemente trabajando con los intendentes, legisladores y presidentes de Juntas de Gobierno de los ocho departamentos de la zona de incumbencia de CAFESG, elaborando proyectos y un plan de prioridades para ser ejecutado en cuanto volvamos a disponer de los fondos\u201d, manifest\u00f3.<\/p>\n<p>Por \u00faltimo, Casa\u00f1as aclar\u00f3 que \u201cen algunos casos de mayor urgencia como el de la alcantarilla sobre el arroyo El Morrillo en Villa del Rosario, hemos accionado en forma r\u00e1pida ya que era una obra que no pod\u00eda tener dilaciones, debido a que solucionar\u00e1 un problema que afecta directamente a los caminos de la producci\u00f3n del norte entrerriano. As\u00ed lo estamos haciendo y as\u00ed lo seguiremos haciendo; son \u00e9pocas de agudizar el ingenio y realizar aquellas obras que se puedan, con el fin de mantenernos siempre en actividad y a disposici\u00f3n de la sociedad\u201d, finaliz\u00f3.<\/p>\n<p><a href=\"https:\/\/www.cafesg.gob.ar\/cafesg2\/wp-content\/uploads\/2016\/07\/Reuni\u00f3n-Casa\u00f1as-Larrarte-1.jpg\"><img loading=\"lazy\" decoding=\"async\" class=\"alignnone size-thumbnail wp-image-4838\" src=\"https:\/\/www.cafesg.gob.ar\/cafesg2\/wp-content\/uploads\/2016\/07\/Reuni\u00f3n-Casa\u00f1as-Larrarte-1-150x150.jpg\" alt=\"Reuni\u00f3n Casa\u00f1as Larrarte (1)\" width=\"150\" height=\"150\" \/><\/a> <a href=\"https:\/\/www.cafesg.gob.ar\/cafesg2\/wp-content\/uploads\/2016\/07\/Reuni\u00f3n-Casa\u00f1as-Larrarte-2.jpg\"><img loading=\"lazy\" decoding=\"async\" class=\"alignnone size-thumbnail wp-image-4839\" src=\"https:\/\/www.cafesg.gob.ar\/cafesg2\/wp-content\/uploads\/2016\/07\/Reuni\u00f3n-Casa\u00f1as-Larrarte-2-150x150.jpg\" alt=\"Reuni\u00f3n Casa\u00f1as Larrarte (2)\" width=\"150\" height=\"150\" \/><\/a> <a href=\"https:\/\/www.cafesg.gob.ar\/cafesg2\/wp-content\/uploads\/2016\/07\/Reuni\u00f3n-Casa\u00f1as-Larrarte-3.jpg\"><img loading=\"lazy\" decoding=\"async\" class=\"alignnone size-thumbnail wp-image-4840\" src=\"https:\/\/www.cafesg.gob.ar\/cafesg2\/wp-content\/uploads\/2016\/07\/Reuni\u00f3n-Casa\u00f1as-Larrarte-3-150x150.jpg\" alt=\"Reuni\u00f3n Casa\u00f1as Larrarte (3)\" width=\"150\" height=\"150\" \/><\/a><\/p>\n","protected":false},"excerpt":{"rendered":"<p>Convinieron diagramar un plan de necesidades y prioridades con horizonte en 2017 El presidente de la Comisi\u00f3n Administradora para el Fondo Especial de Salto Grande (Cafesg), Alejandro Casa\u00f1as, se entrevist\u00f3 en su despacho con el senador por San Salvador, Lucas Larrarte, y el titular de la Zonal de Arquitectura, Leonardo Franco, a los efectos de [&hellip;]<\/p>\n","protected":false},"author":1,"featured_media":0,"comment_status":"open","ping_status":"open","sticky":false,"template":"","format":"standard","meta":{"footnotes":""},"categories":[15],"tags":[],"class_list":["post-4837","post","type-post","status-publish","format-standard","hentry","category-noticias"],"_links":{"self":[{"href":"https:\/\/cafesg.gob.ar\/cafesg2\/wp-json\/wp\/v2\/posts\/4837","targetHints":{"allow":["GET"]}}],"collection":[{"href":"https:\/\/cafesg.gob.ar\/cafesg2\/wp-json\/wp\/v2\/posts"}],"about":[{"href":"https:\/\/cafesg.gob.ar\/cafesg2\/wp-json\/wp\/v2\/types\/post"}],"author":[{"embeddable":true,"href":"https:\/\/cafesg.gob.ar\/cafesg2\/wp-json\/wp\/v2\/users\/1"}],"replies":[{"embeddable":true,"href":"https:\/\/cafesg.gob.ar\/cafesg2\/wp-json\/wp\/v2\/comments?post=4837"}],"version-history":[{"count":0,"href":"https:\/\/cafesg.gob.ar\/cafesg2\/wp-json\/wp\/v2\/posts\/4837\/revisions"}],"wp:attachment":[{"href":"https:\/\/cafesg.gob.ar\/cafesg2\/wp-json\/wp\/v2\/media?parent=4837"}],"wp:term":[{"taxonomy":"category","embeddable":true,"href":"https:\/\/cafesg.gob.ar\/cafesg2\/wp-json\/wp\/v2\/categories?post=4837"},{"taxonomy":"post_tag","embeddable":true,"href":"https:\/\/cafesg.gob.ar\/cafesg2\/wp-json\/wp\/v2\/tags?post=4837"}],"curies":[{"name":"wp","href":"https:\/\/api.w.org\/{rel}","templated":true}]}}