 {"id":4826,"date":"2016-06-28T08:13:29","date_gmt":"2016-06-28T11:13:29","guid":{"rendered":"http:\/\/www.cafesg.gob.ar\/web\/?p=4826"},"modified":"2016-06-28T08:13:29","modified_gmt":"2016-06-28T11:13:29","slug":"el-directorio-de-cafesg-dispuso-el-comienzo-de-la-obra-complementaria-en-la-alcantarilla-sobre-el-morrillo","status":"publish","type":"post","link":"https:\/\/cafesg.gob.ar\/cafesg2\/el-directorio-de-cafesg-dispuso-el-comienzo-de-la-obra-complementaria-en-la-alcantarilla-sobre-el-morrillo\/","title":{"rendered":"El Directorio de CAFESG dispuso el comienzo de la obra complementaria en la alcantarilla sobre El Morrillo"},"content":{"rendered":"<p><em>Alejandro Casa\u00f1as, Horacio Giorgio y Rub\u00e9n Rastelli firmaron la Resoluci\u00f3n pertinente<\/em><\/p>\n<p>El Directorio de la Comisi\u00f3n Administradora para el Fondo Especial de Salto Grande (CAFESG), representando en este caso por su presidente Alejandro Casa\u00f1as y los vocales por la oposici\u00f3n, Horacio Giorgio y Rub\u00e9n Rastelli, firm\u00f3 la Resoluci\u00f3n que dispone el comienzo de la obra complementaria de ampliaci\u00f3n de la alcantarilla sobre el arroyo El Morillo, considerada prioritaria por el intendente de Villa del Rosario, Claudio Baldezari, luego del relevamiento conjunto de los da\u00f1os provocados por la seguidilla de lluvias que afect\u00f3 a la Regi\u00f3n al comienzo de la estaci\u00f3n oto\u00f1al.<\/p>\n<p>\u201cEsta es una obra adicional muy importante, en el marco del trabajo conjunto que, como premisa del gobernador Gustavo Bordet, venimos realizando con las distintas intendencias y juntas de gobierno de la Regi\u00f3n de Salto Grande\u201d, indic\u00f3 Casa\u00f1as.<\/p>\n<p>El titular de la Comisi\u00f3n estim\u00f3 necesario aclarar que \u201cse trata de una obra originalmente realizada y concluida por CAFESG sobre el arroyo El Morrillo, un curso de agua caudaloso que cuando se desborda producto de lluvias intensas, como las registradas en abril \u00faltimo, colapsa por los terraplenes de tierra de las cabeceras\u201d, grafic\u00f3.<\/p>\n<p>En efecto, la obra se vio seriamente afectada como consecuencia de las precipitaciones extraordinarias registradas al inicio del oto\u00f1o 2016, y por ello, con gran esfuerzo, \u201cCAFESG accedi\u00f3 r\u00e1pidamente a disponer un presupuesto de 630.000 pesos para realizar esta obra complementaria de ampliaci\u00f3n, clave para quitar del estado de incomunicaci\u00f3n actual a un vasto sector vinculado fuertemente a la producci\u00f3n\u201d, resalt\u00f3 Casa\u00f1as.<\/p>\n<p>En efecto, a trav\u00e9s de la referida alcantarilla transponen El Morrillo los veh\u00edculos que transportan la producci\u00f3n citr\u00edcola y maderera de la zona, lo cual resulta de gran importancia para la vida econ\u00f3mica de la Regi\u00f3n. \u00c9se mismo camino es utilizado tambi\u00e9n por los vecinos, en su tr\u00e1nsito diario hacia escuelas, comercios y el poblado.<\/p>\n<p>Por \u00faltimo, Casa\u00f1as agradeci\u00f3 \u201cel apoyo de los intendentes y presidentes de juntas de Gobierno en lo que se refiere a las gestiones que encabeza el gobernador Gustavo Bordet para modificar el cuadro tarifario que recibe CTM por la comercializaci\u00f3n de energ\u00eda, a los fines de que vuelva a haber excedentes y CAFESG siga cumpliendo su tarea como lo viene haciendo desde hace tantos a\u00f1os\u201d, ponder\u00f3.<\/p>\n<p><a href=\"https:\/\/www.cafesg.gob.ar\/cafesg2\/wp-content\/uploads\/2016\/06\/Resoluci\u00f3n-El-Morrillo-1.jpg\"><img loading=\"lazy\" decoding=\"async\" class=\"alignnone size-thumbnail wp-image-4827\" src=\"https:\/\/www.cafesg.gob.ar\/cafesg2\/wp-content\/uploads\/2016\/06\/Resoluci\u00f3n-El-Morrillo-1-150x150.jpg\" alt=\"Resoluci\u00f3n El Morrillo (1)\" width=\"150\" height=\"150\" \/><\/a> <a href=\"https:\/\/www.cafesg.gob.ar\/cafesg2\/wp-content\/uploads\/2016\/06\/Resoluci\u00f3n-El-Morrillo-2.jpg\"><img loading=\"lazy\" decoding=\"async\" class=\"alignnone size-thumbnail wp-image-4828\" src=\"https:\/\/www.cafesg.gob.ar\/cafesg2\/wp-content\/uploads\/2016\/06\/Resoluci\u00f3n-El-Morrillo-2-150x150.jpg\" alt=\"Resoluci\u00f3n El Morrillo (2)\" width=\"150\" height=\"150\" \/><\/a><\/p>\n<p><!--more--><\/p>\n<p><strong>Rub\u00e9n Rastelli: \u201cEs una muy buena noticia\u201d <\/strong><\/p>\n<p>El vocal por la minor\u00eda en el Directorio de CAFESG, Rub\u00e9n Rastelli, no ocult\u00f3 su benepl\u00e1cito por el inminente comienzo de la obra. \u201cEs una muy buena noticia para la ciudad de Villa del Rosario; las autoridades ven\u00edan haciendo los distintos reclamos y estaban un poco impacientes, pero tienen que entender todos que, dadas las circunstancias particulares por las que atraviesa CAFESG, es necesario un poco de paciencia y esfuerzo conjunto, y finalmente las cosas van saliendo adelante\u201d, destac\u00f3.<\/p>\n<p>En ese sentido, se manifest\u00f3 \u201cmuy contento\u201d por transmitir \u201cuna muy buena noticia para el intendente Baldezari\u201d, pero mucho m\u00e1s \u201cporque lo es tambi\u00e9n para los colonos y quienes viven en los alrededores de Villa del rosario; sobre todo porque la importancia de la alcantarilla radica en que es una v\u00eda de comunicaci\u00f3n principalmente destinada a la salida de la producci\u00f3n\u201d, remarc\u00f3 Rastelli.<\/p>\n<p>A rengl\u00f3n seguido, el vocal del organismo provincial expres\u00f3 que \u201cen estos momentos un tanto cr\u00edticos que estamos viviendo, les pido a los intendentes y presidentes de juntas de Gobierno que sigamos trabajando juntos, pues a veces hay que saber esperar pero las cosas en alg\u00fan momento las vamos a ir logrando, ya que en CAFESG estamos presentando y atendiendo cada una de las necesidades de los intendentes y juntas de Gobierno\u201d, enfatiz\u00f3; y agreg\u00f3 como corolario que \u201cpara poder concretar esto es importante acompa\u00f1ar como lo venimos haciendo el reclamo al Gobierno Nacional para que CTM reciba un monto mayor, como le corresponde, por la comercializaci\u00f3n de la energ\u00eda que produce\u201d, concluy\u00f3.<\/p>\n<p>&nbsp;<\/p>\n<p><strong>Descripci\u00f3n de los trabajos a realizar<\/strong><\/p>\n<p>El proyecto contempla b\u00e1sicamente la ampliaci\u00f3n de la alcantarilla de hormig\u00f3n armado ejecutada sobre el arroyo El Morrillo, en la zona rural de Villa del Rosario, mediante la instalaci\u00f3n, sobre una base de hormig\u00f3n de asiento, de 6 filas de ca\u00f1os de chapa ondulada helicoidal de 1 metro de di\u00e1metro \u2013tres de cada lado\u2013 que funcionar\u00e1n como aliviadero, y la construcci\u00f3n de cabezales de hormig\u00f3n armado.<\/p>\n<p>Adem\u00e1s, se proceder\u00e1 a la demolici\u00f3n de las alas de la alcantarilla existente, incluidos los v\u00e9rtices de encuentro con el muro, de manera de tal de unirla con el nuevo cabezal uniformando el frente sin juntas vistas, tanto aguas abajo como aguas arriba. Para logar una adecuada uni\u00f3n con la nueva alcantarilla se dejar\u00e1n las armaduras existentes para vincularlas apropiadamente.<\/p>\n<p>La obra incluye tambi\u00e9n el terraplenado de los ca\u00f1os colocados y las acometidas a la alcantarilla; y el enripiado del camino terraplenado.<\/p>\n","protected":false},"excerpt":{"rendered":"<p>Alejandro Casa\u00f1as, Horacio Giorgio y Rub\u00e9n Rastelli firmaron la Resoluci\u00f3n pertinente El Directorio de la Comisi\u00f3n Administradora para el Fondo Especial de Salto Grande (CAFESG), representando en este caso por su presidente Alejandro Casa\u00f1as y los vocales por la oposici\u00f3n, Horacio Giorgio y Rub\u00e9n Rastelli, firm\u00f3 la Resoluci\u00f3n que dispone el comienzo de la obra [&hellip;]<\/p>\n","protected":false},"author":1,"featured_media":0,"comment_status":"open","ping_status":"open","sticky":false,"template":"","format":"standard","meta":{"footnotes":""},"categories":[15],"tags":[],"class_list":["post-4826","post","type-post","status-publish","format-standard","hentry","category-noticias"],"_links":{"self":[{"href":"https:\/\/cafesg.gob.ar\/cafesg2\/wp-json\/wp\/v2\/posts\/4826","targetHints":{"allow":["GET"]}}],"collection":[{"href":"https:\/\/cafesg.gob.ar\/cafesg2\/wp-json\/wp\/v2\/posts"}],"about":[{"href":"https:\/\/cafesg.gob.ar\/cafesg2\/wp-json\/wp\/v2\/types\/post"}],"author":[{"embeddable":true,"href":"https:\/\/cafesg.gob.ar\/cafesg2\/wp-json\/wp\/v2\/users\/1"}],"replies":[{"embeddable":true,"href":"https:\/\/cafesg.gob.ar\/cafesg2\/wp-json\/wp\/v2\/comments?post=4826"}],"version-history":[{"count":0,"href":"https:\/\/cafesg.gob.ar\/cafesg2\/wp-json\/wp\/v2\/posts\/4826\/revisions"}],"wp:attachment":[{"href":"https:\/\/cafesg.gob.ar\/cafesg2\/wp-json\/wp\/v2\/media?parent=4826"}],"wp:term":[{"taxonomy":"category","embeddable":true,"href":"https:\/\/cafesg.gob.ar\/cafesg2\/wp-json\/wp\/v2\/categories?post=4826"},{"taxonomy":"post_tag","embeddable":true,"href":"https:\/\/cafesg.gob.ar\/cafesg2\/wp-json\/wp\/v2\/tags?post=4826"}],"curies":[{"name":"wp","href":"https:\/\/api.w.org\/{rel}","templated":true}]}}