 {"id":4820,"date":"2016-06-24T11:23:00","date_gmt":"2016-06-24T14:23:00","guid":{"rendered":"http:\/\/www.cafesg.gob.ar\/web\/?p=4820"},"modified":"2016-06-24T11:23:00","modified_gmt":"2016-06-24T14:23:00","slug":"el-directorio-de-cafesg-recibio-con-optimismo-que-ctm-se-sume-a-la-provincia-en-el-reclamo-para-modificar-el-actual-cuadro-tarifario-electrico","status":"publish","type":"post","link":"https:\/\/cafesg.gob.ar\/cafesg2\/el-directorio-de-cafesg-recibio-con-optimismo-que-ctm-se-sume-a-la-provincia-en-el-reclamo-para-modificar-el-actual-cuadro-tarifario-electrico\/","title":{"rendered":"El Directorio de CAFESG recibi\u00f3 con optimismo que CTM se sume a la Provincia en el reclamo para modificar el actual cuadro tarifario el\u00e9ctrico"},"content":{"rendered":"<p><a href=\"https:\/\/www.cafesg.gob.ar\/cafesg2\/wp-content\/uploads\/2016\/06\/Casa\u00f1as_con_Niez2.jpg\"><img loading=\"lazy\" decoding=\"async\" class=\"alignleft wp-image-4824 size-thumbnail\" src=\"https:\/\/www.cafesg.gob.ar\/cafesg2\/wp-content\/uploads\/2016\/06\/Casa\u00f1as_con_Niez2-150x150.jpg\" alt=\"Casa\u00f1as_con_Niez2\" width=\"150\" height=\"150\" height=\"150\" hspace=\"20\" vspace=\"10\" \/><\/a>A la luz de las recientes declaraciones p\u00fablicas emitidas por la nueva conducci\u00f3n de la Delegaci\u00f3n Argentina ante la CTM, en relaci\u00f3n a que acompa\u00f1ar\u00e1n el reclamo del nuevo cuadro tarifario que el Gobierno Provincial viene llevando adelante hace ya varios meses, en CAFESG recibieron la noticia con optimismo, puesto que sumar a uno de los actores directos en el tema es de relevancia para que el reclamo llegue a buen puerto y de esta manera vuelvan los excedentes de la represa a la Regi\u00f3n de Salto Grande.<\/p>\n<p>Esto se suma a la nota de solicitud de audiencia remitida desde CAFESG con fecha 22 del presente, donde su presidente, Alejandro Casa\u00f1as y los cinco vocales que componen el Directorio expresan la necesidad de reunirse para la presentaci\u00f3n formal de las autoridades de ambos organismos e \u201cinaugurar una nueva etapa de trabajo conjunto y mancomunado en beneficio de ambas instituciones, y que, con transparencia y cooperaci\u00f3n, logremos optimizar los resultados en beneficio de nuestros conciudadanos\u201d.<\/p>\n<p>Cabe recordar que el propio gobernador Gustavo Bordet , plante\u00f3 a los ministros del Interior, Rogelio Frigerio, de Energ\u00eda, Juan Jos\u00e9 Aranguren, y de Transporte, Guillermo Dietrich, en un reciente encuentro junto a sus pares de la Regi\u00f3n Centro \u201cla necesidad de que Entre R\u00edos vuelva a contar con los excedentes de Salto Grande\u201d; asimismo\u00a0 junto al directorio de CAFESG, lo plante\u00f3 ante el secretario de Energ\u00eda El\u00e9ctrica de la Naci\u00f3n, Alejandro Sruoga, quien se mostr\u00f3 dispuesto a avanzar sobre el tema en cuesti\u00f3n.<\/p>\n<p>Sobre esto es valioso destacar que el Directorio de CAFESG en su conjunto, oficialismo y oposici\u00f3n, apoyan y acompa\u00f1an todos los reclamos tendientes a modificar el cuadro tarifario ya que esto deber\u00e1 redundar en excedentes que contin\u00faen financiando al organismo y de esta manera permitir seguir realizando las obras p\u00fablicas y los programas de Desarrollo Regional que desde hace tantos a\u00f1os se llevan adelante en toda la zona de incumbencia del organismo provincial con sede en Concordia.<\/p>\n<p>Que CAFESG contin\u00fae con las obras y el desarrollo regional significa ni m\u00e1s ni menos que cumplir con la ley por ser el \u00fanico organismo creado a tal fin y que cuenta con el debido contralor nacional y provincial, no solo de los organismos designados a tal efecto, como es el caso del Tribunal de Cuentas de la provincia, sino tambi\u00e9n con la participaci\u00f3n directa y efectiva de vocales oficialistas y opositores, y con una comisi\u00f3n bicameral legislativa provincial con integrantes de distintos signos pol\u00edticos.<\/p>\n<p>Es importante resaltar el apoyo constante y un\u00e1nime de los intendentes y presidentes de juntas de Gobierno de los ocho departamentos donde CAFESG realiza obras y programas para el desarrollo regional al reclamo que se viene haciendo desde los diferentes estamentos del Gobierno Provincial, comenzando por el mism\u00edsimo gobernador Gustavo Bordet, sobre el costo de la energ\u00eda que recibe CTM y la necesidad de una modificaci\u00f3n en el cuadro tarifario.<\/p>\n<p>En relaci\u00f3n al cuadro tarifario se destaca que en la actualidad CTM recibe ciento veinte pesos por Megavatio\/hora que produce la Represa de Salto Grande, en tanto otras generadoras de energ\u00eda rondan los trescientos cincuenta pesos por el mismo concepto, es decir, muy por encima de los valores de la presa ubicada sobre el r\u00edo Uruguay. Estos valores se obtienen con datos de CAMMESA (Compa\u00f1\u00eda Administradora del Mercado Mayorista El\u00e9ctrico S.A.) y la Secretar\u00eda de Energ\u00eda El\u00e9ctrica de la Naci\u00f3n.<\/p>\n","protected":false},"excerpt":{"rendered":"<p>A la luz de las recientes declaraciones p\u00fablicas emitidas por la nueva conducci\u00f3n de la Delegaci\u00f3n Argentina ante la CTM, en relaci\u00f3n a que acompa\u00f1ar\u00e1n el reclamo del nuevo cuadro tarifario que el Gobierno Provincial viene llevando adelante hace ya varios meses, en CAFESG recibieron la noticia con optimismo, puesto que sumar a uno de [&hellip;]<\/p>\n","protected":false},"author":1,"featured_media":0,"comment_status":"open","ping_status":"open","sticky":false,"template":"","format":"standard","meta":{"footnotes":""},"categories":[15],"tags":[],"class_list":["post-4820","post","type-post","status-publish","format-standard","hentry","category-noticias"],"_links":{"self":[{"href":"https:\/\/cafesg.gob.ar\/cafesg2\/wp-json\/wp\/v2\/posts\/4820","targetHints":{"allow":["GET"]}}],"collection":[{"href":"https:\/\/cafesg.gob.ar\/cafesg2\/wp-json\/wp\/v2\/posts"}],"about":[{"href":"https:\/\/cafesg.gob.ar\/cafesg2\/wp-json\/wp\/v2\/types\/post"}],"author":[{"embeddable":true,"href":"https:\/\/cafesg.gob.ar\/cafesg2\/wp-json\/wp\/v2\/users\/1"}],"replies":[{"embeddable":true,"href":"https:\/\/cafesg.gob.ar\/cafesg2\/wp-json\/wp\/v2\/comments?post=4820"}],"version-history":[{"count":0,"href":"https:\/\/cafesg.gob.ar\/cafesg2\/wp-json\/wp\/v2\/posts\/4820\/revisions"}],"wp:attachment":[{"href":"https:\/\/cafesg.gob.ar\/cafesg2\/wp-json\/wp\/v2\/media?parent=4820"}],"wp:term":[{"taxonomy":"category","embeddable":true,"href":"https:\/\/cafesg.gob.ar\/cafesg2\/wp-json\/wp\/v2\/categories?post=4820"},{"taxonomy":"post_tag","embeddable":true,"href":"https:\/\/cafesg.gob.ar\/cafesg2\/wp-json\/wp\/v2\/tags?post=4820"}],"curies":[{"name":"wp","href":"https:\/\/api.w.org\/{rel}","templated":true}]}}