 {"id":4815,"date":"2016-06-23T09:08:17","date_gmt":"2016-06-23T12:08:17","guid":{"rendered":"http:\/\/www.cafesg.gob.ar\/web\/?p=4815"},"modified":"2016-06-23T09:08:17","modified_gmt":"2016-06-23T12:08:17","slug":"cafesg-dicta-nuevos-cursos-de-su-programa-de-formacion-y-capacitacion-para-el-trabajo","status":"publish","type":"post","link":"https:\/\/cafesg.gob.ar\/cafesg2\/cafesg-dicta-nuevos-cursos-de-su-programa-de-formacion-y-capacitacion-para-el-trabajo\/","title":{"rendered":"CAFESG dicta nuevos cursos de su Programa de Formaci\u00f3n y Capacitaci\u00f3n para el Trabajo"},"content":{"rendered":"<p><em>Capacitaciones gratuitas con salida laboral que se desarrollan en Concordia y Federal<\/em><\/p>\n<p>En el marco de la edici\u00f3n 2016 de su Programa de Formaci\u00f3n y Capacitaci\u00f3n para el Trabajo, la Comisi\u00f3n Administradora para el Fondo Especial de Salto Grande (CAFESG) puso en marcha este mes \u2013de manera articulada y complementaria con la UOCRA\u2013 dos nuevos cursos con cupos completos de participantes: \u201cInstalaciones Domiciliarias de Gas\u201d, que se dicta en el Hospital Felipe Heras de Concordia; y \u201cManejo de M\u00e1quinas Viales\u201d, que se ofrece en el Sal\u00f3n Cultural de la ciudad de Federal.<\/p>\n<p>Este Programa apunta a aumentar las posibilidades de inserci\u00f3n laboral de hombres y mujeres, mediante un modelo de capacitaci\u00f3n integral orientado a formar y especializar a los participantes en oficios.<\/p>\n<p>Los beneficiarios del Programa intervienen en cursos de capacitaci\u00f3n que incluyen formaci\u00f3n en un oficio, con desarrollo de competencias transversales de empleabilidad y tecnolog\u00edas de la informaci\u00f3n.<\/p>\n<p>El Programa de Formaci\u00f3n y Capacitaci\u00f3n para el Trabajo es totalmente gratuito y permite la libre elecci\u00f3n del curso de capacitaci\u00f3n seg\u00fan la oferta disponible en cada localidad. Los cursos tienen una duraci\u00f3n de 3 a 8 meses, con pr\u00e1ctica laboral incluida.<\/p>\n<p>Los participantes cuentan con seguro contra accidentes durante la capacitaci\u00f3n y al finalizar satisfactoriamente cada curso reciben certificados oficiales.<\/p>\n<p><a href=\"https:\/\/www.cafesg.gob.ar\/cafesg2\/wp-content\/uploads\/2016\/06\/Cursos-con-UOCRA-2016-1.jpg\"><img loading=\"lazy\" decoding=\"async\" class=\"alignnone size-thumbnail wp-image-4816\" src=\"https:\/\/www.cafesg.gob.ar\/cafesg2\/wp-content\/uploads\/2016\/06\/Cursos-con-UOCRA-2016-1-150x150.jpg\" alt=\"Cursos con UOCRA 2016 (1)\" width=\"150\" height=\"150\" \/><\/a> <a href=\"https:\/\/www.cafesg.gob.ar\/cafesg2\/wp-content\/uploads\/2016\/06\/Cursos-con-UOCRA-2016-2.jpg\"><img loading=\"lazy\" decoding=\"async\" class=\"alignnone size-thumbnail wp-image-4817\" src=\"https:\/\/www.cafesg.gob.ar\/cafesg2\/wp-content\/uploads\/2016\/06\/Cursos-con-UOCRA-2016-2-150x150.jpg\" alt=\"Cursos con UOCRA 2016 (2)\" width=\"150\" height=\"150\" \/><\/a><\/p>\n<p><!--more--><\/p>\n<p><strong>Calificaciones para trabajadores de la construcci\u00f3n<\/strong><\/p>\n<p>Los dos cursos que se pusieron en marcha este mes (espec\u00edficamente el lunes 13 del corriente), se inscriben en el apartado \u201cCalificaciones para trabajadores de la construcci\u00f3n\u201d del Programa de Formaci\u00f3n y Capacitaci\u00f3n para el Trabajo.<\/p>\n<p>Se trata de un paquete de cursos sobre distintos oficios, ofrecidos en forma conjunta por CAFESG, la Fundaci\u00f3n UOCRA, el Ministerio de Trabajo, Empleo y Seguridad Social de la Naci\u00f3n, y la C\u00e1mara Argentina de la Construcci\u00f3n.<\/p>\n<p>Estos cursos representan una r\u00e1pida salida laboral para los participantes, puesto que a quienes los aprueban se les entrega \u2013adem\u00e1s del diploma correspondiente\u2013 la Credencial de Registro Laboral, documento indispensable a la hora de pretender incorporarse a una empresa de construcci\u00f3n. Los certificados de aprobaci\u00f3n son oficiales y los otorga el Instituto de Estad\u00edstica y Registro de la Industria de la Construcci\u00f3n (IERIC).<\/p>\n<p>La idea fuerza que motiva estos cursos es desarrollar acciones de formaci\u00f3n enfocadas a distintas ocupaciones del sector de la construcci\u00f3n, en \u00edntima relaci\u00f3n con las necesidades de mano de obra especializada del mercado laboral.<\/p>\n<p>Con esta iniciativa se pretende generar en los trabajadores ocupados un nivel de formaci\u00f3n mayor que les brinde, por ejemplo, la posibilidad de mejorar su categorizaci\u00f3n; pero tambi\u00e9n tiene la intenci\u00f3n de otorgar a los trabajadores desocupados la chance de certificar competencias que les permitan transformarse en recursos humanos valiosos y apetecibles para las empresas del sector de la construcci\u00f3n.<\/p>\n<p>A los participantes se les hace entrega de todo el material did\u00e1ctico como as\u00ed tambi\u00e9n de los elementos de seguridad personal (casco, barbijo, antiparras, guantes, camisa, pantal\u00f3n y botines).<\/p>\n","protected":false},"excerpt":{"rendered":"<p>Capacitaciones gratuitas con salida laboral que se desarrollan en Concordia y Federal En el marco de la edici\u00f3n 2016 de su Programa de Formaci\u00f3n y Capacitaci\u00f3n para el Trabajo, la Comisi\u00f3n Administradora para el Fondo Especial de Salto Grande (CAFESG) puso en marcha este mes \u2013de manera articulada y complementaria con la UOCRA\u2013 dos nuevos [&hellip;]<\/p>\n","protected":false},"author":1,"featured_media":0,"comment_status":"open","ping_status":"open","sticky":false,"template":"","format":"standard","meta":{"footnotes":""},"categories":[15],"tags":[],"class_list":["post-4815","post","type-post","status-publish","format-standard","hentry","category-noticias"],"_links":{"self":[{"href":"https:\/\/cafesg.gob.ar\/cafesg2\/wp-json\/wp\/v2\/posts\/4815","targetHints":{"allow":["GET"]}}],"collection":[{"href":"https:\/\/cafesg.gob.ar\/cafesg2\/wp-json\/wp\/v2\/posts"}],"about":[{"href":"https:\/\/cafesg.gob.ar\/cafesg2\/wp-json\/wp\/v2\/types\/post"}],"author":[{"embeddable":true,"href":"https:\/\/cafesg.gob.ar\/cafesg2\/wp-json\/wp\/v2\/users\/1"}],"replies":[{"embeddable":true,"href":"https:\/\/cafesg.gob.ar\/cafesg2\/wp-json\/wp\/v2\/comments?post=4815"}],"version-history":[{"count":0,"href":"https:\/\/cafesg.gob.ar\/cafesg2\/wp-json\/wp\/v2\/posts\/4815\/revisions"}],"wp:attachment":[{"href":"https:\/\/cafesg.gob.ar\/cafesg2\/wp-json\/wp\/v2\/media?parent=4815"}],"wp:term":[{"taxonomy":"category","embeddable":true,"href":"https:\/\/cafesg.gob.ar\/cafesg2\/wp-json\/wp\/v2\/categories?post=4815"},{"taxonomy":"post_tag","embeddable":true,"href":"https:\/\/cafesg.gob.ar\/cafesg2\/wp-json\/wp\/v2\/tags?post=4815"}],"curies":[{"name":"wp","href":"https:\/\/api.w.org\/{rel}","templated":true}]}}