 {"id":4792,"date":"2016-06-06T11:41:38","date_gmt":"2016-06-06T14:41:38","guid":{"rendered":"http:\/\/www.cafesg.gob.ar\/web\/?p=4792"},"modified":"2016-06-06T11:41:38","modified_gmt":"2016-06-06T14:41:38","slug":"cafesg-e-inta-organizan-una-jornada-horticola-en-el-marco-de-la-red-de-escuelas-agrotecnicas","status":"publish","type":"post","link":"https:\/\/cafesg.gob.ar\/cafesg2\/cafesg-e-inta-organizan-una-jornada-horticola-en-el-marco-de-la-red-de-escuelas-agrotecnicas\/","title":{"rendered":"CAFESG e INTA organizan una Jornada Hort\u00edcola en el marco de la Red de Escuelas Agrot\u00e9cnicas"},"content":{"rendered":"<p><em>Se desarrollar\u00e1 este mi\u00e9rcoles 8 en la Agencia de Extensi\u00f3n Concordia del organismo nacional<\/em><\/p>\n<p>La Comisi\u00f3n Administradora para el Fondo Especial de Salto Grande (CAFESG) y la Estaci\u00f3n Experimental Agropecuaria Concordia de INTA, llevar\u00e1n a cabo este mi\u00e9rcoles 8 una Jornada Hort\u00edcola sobre el tema \u201cManejo del suelo en horticultura. M\u00e9todos naturales de desinfecci\u00f3n (biosolarizaci\u00f3n)\u201d, destinada a directivos, docentes y auxiliares de Escuelas Agrot\u00e9cnicas de Entre R\u00edos.<\/p>\n<p>Se trata de una nueva actividad conjunta que surge como derivaci\u00f3n del convenio que ambos organismos firmaron oportunamente, y que \u2013en este caso\u2013 se enmarca en la Red de Escuelas Agrot\u00e9cnicas Entrerrianas, que CAFESG e INTA impulsan desde 2010 en conjunto con el Consejo General de Educaci\u00f3n de la provincia.<\/p>\n<p>La Jornada Hort\u00edcola tendr\u00e1 como escenario la Agencia de extensi\u00f3n de INTA Concordia, ubicada en el kil\u00f3metro 258,5 de la autov\u00eda nacional 14, y estar\u00e1 a cargo del ingeniero agr\u00f3nomo Javier Rosenbaum.<\/p>\n<p>Las acreditaciones se podr\u00e1n realizar a partir de las 8.30Hs., mientras que la actividad dar\u00e1 inicio a las 9Hs., y finalizar\u00e1 a las 13Hs.<\/p>\n<p>Esta instancia de capacitaci\u00f3n no formal es totalmente libre y gratuita, e incluye almuerzo. Por cuestiones de organizaci\u00f3n, los interesados podr\u00e1n confirmar su asistencia hasta el martes 7 al mediod\u00eda.<\/p>\n<p>Por informes e inscripci\u00f3n dirigirse al \u00c1rea de Desarrollo Regional de CAFESG (Centro C\u00edvico de Concordia, segundo piso), tel\u00e9fonos (0345) 4223300\/4227300. O bien a la EEA Concordia de INTA, tel\u00e9fono (0345) 4290000.<\/p>\n<p><a href=\"https:\/\/www.cafesg.gob.ar\/cafesg2\/wp-content\/uploads\/2016\/06\/Jornada-Hort\u00edcola-Junio-2016-1.jpg\"><img loading=\"lazy\" decoding=\"async\" class=\"alignnone size-thumbnail wp-image-4793\" src=\"https:\/\/www.cafesg.gob.ar\/cafesg2\/wp-content\/uploads\/2016\/06\/Jornada-Hort\u00edcola-Junio-2016-1-150x150.jpg\" alt=\"Jornada Hort\u00edcola Junio 2016 (1)\" width=\"150\" height=\"150\" \/><\/a> <a href=\"https:\/\/www.cafesg.gob.ar\/cafesg2\/wp-content\/uploads\/2016\/06\/Jornada-Hort\u00edcola-Junio-2016-2.jpg\"><img loading=\"lazy\" decoding=\"async\" class=\"alignnone size-thumbnail wp-image-4794\" src=\"https:\/\/www.cafesg.gob.ar\/cafesg2\/wp-content\/uploads\/2016\/06\/Jornada-Hort\u00edcola-Junio-2016-2-150x150.jpg\" alt=\"Jornada Hort\u00edcola Junio 2016 (2)\" width=\"150\" height=\"150\" \/><\/a> <a href=\"https:\/\/www.cafesg.gob.ar\/cafesg2\/wp-content\/uploads\/2016\/06\/Jornada-Hort\u00edcola-Junio-2016-3.jpg\"><img loading=\"lazy\" decoding=\"async\" class=\"alignnone size-thumbnail wp-image-4795\" src=\"https:\/\/www.cafesg.gob.ar\/cafesg2\/wp-content\/uploads\/2016\/06\/Jornada-Hort\u00edcola-Junio-2016-3-150x150.jpg\" alt=\"Jornada Hort\u00edcola Junio 2016 (3)\" width=\"150\" height=\"150\" \/><\/a><!--more--><\/p>\n<p><strong>Detalles de la Red<\/strong><\/p>\n<p>A partir de un proyecto conjunto, CAFESG, INTA y la Direcci\u00f3n de Ense\u00f1anza T\u00e9cnica Profesional del Consejo General de Educaci\u00f3n generaron una gran Red en las que las Escuelas Agrot\u00e9cnicas son las principales protagonistas.<\/p>\n<p>Esta iniciativa entrerriana tuvo como modelo un proyecto instrumentado en el noroeste argentino, en el que escuelas de las provincias de Tucum\u00e1n, Salta, Jujuy y Santiago del Estero trabajan en red, relacion\u00e1ndose con el medio y generando v\u00ednculos entre los productores, las instituciones y la comunidad.<\/p>\n<p>En Entre R\u00edos \u2013hace ya 6 a\u00f1os\u2013 los directivos de las Escuelas Agrot\u00e9cnicas, en conjunto con representantes de las instituciones promotoras de la propuesta, definieron c\u00f3mo deb\u00eda funcionar la Red, qu\u00e9 objetivos ten\u00eda que perseguir y cu\u00e1les ser\u00edan las actividades que se deber\u00edan llevar adelante.<\/p>\n<p>Desde un principio, CAFESG, INTA y el CGE pensaron a la Red de Escuelas Agrot\u00e9cnicas de la Provincia de Entre R\u00edos como una herramienta para el Desarrollo Regional. Y actuaron desde el vamos en consecuencia.<\/p>\n","protected":false},"excerpt":{"rendered":"<p>Se desarrollar\u00e1 este mi\u00e9rcoles 8 en la Agencia de Extensi\u00f3n Concordia del organismo nacional La Comisi\u00f3n Administradora para el Fondo Especial de Salto Grande (CAFESG) y la Estaci\u00f3n Experimental Agropecuaria Concordia de INTA, llevar\u00e1n a cabo este mi\u00e9rcoles 8 una Jornada Hort\u00edcola sobre el tema \u201cManejo del suelo en horticultura. M\u00e9todos naturales de desinfecci\u00f3n (biosolarizaci\u00f3n)\u201d, [&hellip;]<\/p>\n","protected":false},"author":1,"featured_media":0,"comment_status":"open","ping_status":"open","sticky":false,"template":"","format":"standard","meta":{"footnotes":""},"categories":[15],"tags":[],"class_list":["post-4792","post","type-post","status-publish","format-standard","hentry","category-noticias"],"_links":{"self":[{"href":"https:\/\/cafesg.gob.ar\/cafesg2\/wp-json\/wp\/v2\/posts\/4792","targetHints":{"allow":["GET"]}}],"collection":[{"href":"https:\/\/cafesg.gob.ar\/cafesg2\/wp-json\/wp\/v2\/posts"}],"about":[{"href":"https:\/\/cafesg.gob.ar\/cafesg2\/wp-json\/wp\/v2\/types\/post"}],"author":[{"embeddable":true,"href":"https:\/\/cafesg.gob.ar\/cafesg2\/wp-json\/wp\/v2\/users\/1"}],"replies":[{"embeddable":true,"href":"https:\/\/cafesg.gob.ar\/cafesg2\/wp-json\/wp\/v2\/comments?post=4792"}],"version-history":[{"count":0,"href":"https:\/\/cafesg.gob.ar\/cafesg2\/wp-json\/wp\/v2\/posts\/4792\/revisions"}],"wp:attachment":[{"href":"https:\/\/cafesg.gob.ar\/cafesg2\/wp-json\/wp\/v2\/media?parent=4792"}],"wp:term":[{"taxonomy":"category","embeddable":true,"href":"https:\/\/cafesg.gob.ar\/cafesg2\/wp-json\/wp\/v2\/categories?post=4792"},{"taxonomy":"post_tag","embeddable":true,"href":"https:\/\/cafesg.gob.ar\/cafesg2\/wp-json\/wp\/v2\/tags?post=4792"}],"curies":[{"name":"wp","href":"https:\/\/api.w.org\/{rel}","templated":true}]}}