 {"id":4777,"date":"2016-05-31T12:26:34","date_gmt":"2016-05-31T15:26:34","guid":{"rendered":"http:\/\/www.cafesg.gob.ar\/web\/?p=4777"},"modified":"2016-05-31T12:26:34","modified_gmt":"2016-05-31T15:26:34","slug":"casanas-y-la-senadora-miranda-dialogaron-sobre-proyectos-para-el-departamento-federal","status":"publish","type":"post","link":"https:\/\/cafesg.gob.ar\/cafesg2\/casanas-y-la-senadora-miranda-dialogaron-sobre-proyectos-para-el-departamento-federal\/","title":{"rendered":"Casa\u00f1as y la senadora Miranda dialogaron sobre proyectos para el Departamento Federal"},"content":{"rendered":"<p><em>Tambi\u00e9n asistieron t\u00e9cnicos de CAFESG y el titular de la Zonal de Vialidad<\/em><\/p>\n<p>El presidente de la Comisi\u00f3n Administradora para el Fondo Especial de Salto Grande (CAFESG), Alejandro Casa\u00f1as, se entrevist\u00f3 en su despacho con la senadora por Federal, Nancy Miranda, y el titular de la Zonal de Vialidad federalense, Javier Poos, a los efectos de tomar conocimiento de primera mano de las necesidades de obras de las localidades del interior departamental.<\/p>\n<p>Al t\u00e9rmino del encuentro, la legisladora provincial consign\u00f3 que \u201cconversamos b\u00e1sicamente sobre proyectos de obras, siempre con la idea de trabajar en equipo, en aras de su realizaci\u00f3n, junto con el personal t\u00e9cnico de CAFESG, municipalidades, juntas de gobierno y la Zonal de Vialidad\u201d, afirm\u00f3.<\/p>\n<p>Cabe destacar que esta reuni\u00f3n dio continuidad a la visita realizada hace 10 d\u00edas a Federal por parte del personal t\u00e9cnico de CAFESG. \u201cEn aquel entonces los proyectos de obras se centraron primordialmente en la cabecera departamental, mientras que, en esta oportunidad, hicimos hincapi\u00e9 mayormente en las necesidades del interior del Departamento\u201d, agreg\u00f3 Miranda, quien manifest\u00f3, por \u00faltimo, su \u201capoyo incondicional a la defensa irrestricta de los fondos de CAFESG, para continuar ejecutando las obras que necesita la Regi\u00f3n de Salto Grande\u201d, subray\u00f3.<\/p>\n<p>En tanto, el Jefe de la Zonal Federal de Vialidad, Javier Poos, expres\u00f3 que \u201cnos vamos muy conformes de esta reuni\u00f3n porque ha sido muy productiva, y porque hemos encontrado en el presidente de CAFESG y en todo su equipo t\u00e9cnico una gran amplitud y una excelente predisposici\u00f3n a trabajar en conjunto\u201d, resalt\u00f3.<\/p>\n<p>\u201cEsta forma de encarar la tarea de gobierno \u2013ados\u00f3 Poos\u2013 es fundamental para nosotros, porque nuestra Zonal abarca 1.800 kil\u00f3metros de caminos que unen 9 localidades\u201d, grafic\u00f3.<\/p>\n<p>Seg\u00fan Poos, \u201chay proyectos m\u00e1s que interesantes y por eso ya nos pusimos a trabajar con los equipos t\u00e9cnicos para poder llevarlos a cabo a trav\u00e9s de CAFESG, que siempre ha hecho obras muy importantes en el Departamento Federal; as\u00ed que tenemos grandes expectativas para el futuro\u201d, confes\u00f3.<\/p>\n<p><a href=\"https:\/\/www.cafesg.gob.ar\/cafesg2\/wp-content\/uploads\/2016\/05\/Reunion-con-Miranda-y-Poos-1.jpg\"><img loading=\"lazy\" decoding=\"async\" class=\"alignnone size-thumbnail wp-image-4778\" src=\"https:\/\/www.cafesg.gob.ar\/cafesg2\/wp-content\/uploads\/2016\/05\/Reunion-con-Miranda-y-Poos-1-150x150.jpg\" alt=\"Reunion con Miranda y Poos (1)\" width=\"150\" height=\"150\" \/><\/a> <a href=\"https:\/\/www.cafesg.gob.ar\/cafesg2\/wp-content\/uploads\/2016\/05\/Reunion-con-Miranda-y-Poos-2.jpg\"><img loading=\"lazy\" decoding=\"async\" class=\"alignnone size-thumbnail wp-image-4779\" src=\"https:\/\/www.cafesg.gob.ar\/cafesg2\/wp-content\/uploads\/2016\/05\/Reunion-con-Miranda-y-Poos-2-150x150.jpg\" alt=\"Reunion con Miranda y Poos (2)\" width=\"150\" height=\"150\" \/><\/a> <a href=\"https:\/\/www.cafesg.gob.ar\/cafesg2\/wp-content\/uploads\/2016\/05\/Reunion-con-Miranda-y-Poos-3.jpg\"><img loading=\"lazy\" decoding=\"async\" class=\"alignnone size-thumbnail wp-image-4780\" src=\"https:\/\/www.cafesg.gob.ar\/cafesg2\/wp-content\/uploads\/2016\/05\/Reunion-con-Miranda-y-Poos-3-150x150.jpg\" alt=\"Reunion con Miranda y Poos (3)\" width=\"150\" height=\"150\" \/><\/a><\/p>\n<p><!--more--><\/p>\n<p>Por su parte, el presidente de CAFESG, Alejandro Casa\u00f1as, se\u00f1al\u00f3 que \u201cel esp\u00edritu de esta reuni\u00f3n fue el trabajo en equipo que pregonamos desde CAFESG, a partir del cual siempre pretendemos involucrar a todos los organismos e instituciones que est\u00e1n presentes en nuestra zona de incumbencia de ocho departamentos, para la elaboraci\u00f3n de los proyectos y las prioridades de obras en funci\u00f3n de las necesidades de los habitantes de cada localidad, para luego concurrir en busca del financiamiento correspondiente\u201d, resumi\u00f3.<\/p>\n<p>En ese sentido, Casa\u00f1as puso sobre relieve \u201cla impronta de cooperaci\u00f3n que le ha dado el gobernador Gustavo Bordet a su gesti\u00f3n, que en este caso se ve reflejada a trav\u00e9s del trabajo en equipo de los t\u00e9cnicos de CAFESG, que vuelcan toda su capacidad y la experiencia acumulada a lo largo de los a\u00f1os, en una tarea asociada con sus contrapartes en las distintas localidades de la Regi\u00f3n de Salto Grande, sin importar su tama\u00f1o o densidad poblacional\u201d, ponder\u00f3.<\/p>\n<p>\u201cNuestro objetivo m\u00e1s importante \u2013destac\u00f3 Casa\u00f1as\u2013 es lograr que este trabajo conjunto se vea plasmado en proyectos que interpreten lo que realmente necesita la gente de los distintos lugares\u201d.<\/p>\n<p>Para finalizar, el titular del organismo provincial agradeci\u00f3 \u201cel apoyo clar\u00edsimo de la senadora Miranda a la lucha para que los fondos de Salto Grande sigan viniendo a la Regi\u00f3n y en pos del reconocimiento a nivel nacional de que esos fondos est\u00e1n amparados por una ley del Congreso, que no s\u00f3lo recoge un acuerdo federal entre provincias y Naci\u00f3n, sino tambi\u00e9n la lucha de toda una Regi\u00f3n para lograr lo que en justicia le corresponde\u201d, concluy\u00f3.<\/p>\n<p>Es dable consignar que la reuni\u00f3n de referencia se inscribi\u00f3 tambi\u00e9n en la ronda de encuentros formales que vienen manteniendo el presidente de CAFESG, y los equipos t\u00e9cnicos del organismo provincial con sede en Concordia, con intendentes, legisladores y funcionarios de los distintos departamentos que conforman la zona de incumbencia de la Comisi\u00f3n.<\/p>\n","protected":false},"excerpt":{"rendered":"<p>Tambi\u00e9n asistieron t\u00e9cnicos de CAFESG y el titular de la Zonal de Vialidad El presidente de la Comisi\u00f3n Administradora para el Fondo Especial de Salto Grande (CAFESG), Alejandro Casa\u00f1as, se entrevist\u00f3 en su despacho con la senadora por Federal, Nancy Miranda, y el titular de la Zonal de Vialidad federalense, Javier Poos, a los efectos [&hellip;]<\/p>\n","protected":false},"author":1,"featured_media":0,"comment_status":"open","ping_status":"open","sticky":false,"template":"","format":"standard","meta":{"footnotes":""},"categories":[15],"tags":[],"class_list":["post-4777","post","type-post","status-publish","format-standard","hentry","category-noticias"],"_links":{"self":[{"href":"https:\/\/cafesg.gob.ar\/cafesg2\/wp-json\/wp\/v2\/posts\/4777","targetHints":{"allow":["GET"]}}],"collection":[{"href":"https:\/\/cafesg.gob.ar\/cafesg2\/wp-json\/wp\/v2\/posts"}],"about":[{"href":"https:\/\/cafesg.gob.ar\/cafesg2\/wp-json\/wp\/v2\/types\/post"}],"author":[{"embeddable":true,"href":"https:\/\/cafesg.gob.ar\/cafesg2\/wp-json\/wp\/v2\/users\/1"}],"replies":[{"embeddable":true,"href":"https:\/\/cafesg.gob.ar\/cafesg2\/wp-json\/wp\/v2\/comments?post=4777"}],"version-history":[{"count":0,"href":"https:\/\/cafesg.gob.ar\/cafesg2\/wp-json\/wp\/v2\/posts\/4777\/revisions"}],"wp:attachment":[{"href":"https:\/\/cafesg.gob.ar\/cafesg2\/wp-json\/wp\/v2\/media?parent=4777"}],"wp:term":[{"taxonomy":"category","embeddable":true,"href":"https:\/\/cafesg.gob.ar\/cafesg2\/wp-json\/wp\/v2\/categories?post=4777"},{"taxonomy":"post_tag","embeddable":true,"href":"https:\/\/cafesg.gob.ar\/cafesg2\/wp-json\/wp\/v2\/tags?post=4777"}],"curies":[{"name":"wp","href":"https:\/\/api.w.org\/{rel}","templated":true}]}}