 {"id":4772,"date":"2016-05-28T10:39:41","date_gmt":"2016-05-28T13:39:41","guid":{"rendered":"http:\/\/www.cafesg.gob.ar\/web\/?p=4772"},"modified":"2016-05-28T10:39:41","modified_gmt":"2016-05-28T13:39:41","slug":"oficialismo-y-oposicion-concretaron-la-primera-reunion-conjunta-como-directorio-de-cafesg","status":"publish","type":"post","link":"https:\/\/cafesg.gob.ar\/cafesg2\/oficialismo-y-oposicion-concretaron-la-primera-reunion-conjunta-como-directorio-de-cafesg\/","title":{"rendered":"Oficialismo y oposici\u00f3n concretaron la primera reuni\u00f3n conjunta como Directorio de CAFESG"},"content":{"rendered":"<p><em>Armon\u00eda y consenso en el seno del organismo provincial con sede en Concordia<\/em><\/p>\n<p>Por primera vez los representantes del oficialismo y de la oposici\u00f3n se reunieron en car\u00e1cter de directores del organismo que administra los fondos excedentes de Salto Grande. Luego del encuentro ambas partes se mostraron satisfechas por el clima de cooperaci\u00f3n y camarader\u00eda que surgi\u00f3 de manera natural en el comienzo de lo que todos consideran \u201cuna etapa de entendimiento entre dirigentes de experiencia y con mucha madurez institucional\u201d.<\/p>\n<p>En este sentido, el presidente de CAFESG, Alejandro Casa\u00f1as, destac\u00f3 que \u201cesta manera de trabajar y gestionar superponiendo los intereses generales por encima de cualquier mezquindad, es una instrucci\u00f3n clara y espec\u00edfica que nos ha dado nuestro gobernador Gustavo Bordet, quien as\u00ed lo demuestra d\u00eda a d\u00eda trabajando y gestionando por el bien de todos los entrerrianos, independientemente de las bander\u00edas pol\u00edticas de los ciudadanos y quienes los gobiernan en los diferentes estamentos del Estado\u201d.<\/p>\n<p>No obstante ello, oficialistas y opositores se encargaron de dejar en claro que trabajo conjunto, cooperaci\u00f3n y asistencia mutua no implica en ning\u00fan caso que ambos sectores claudiquen intereses, antes bien, estos se ver\u00e1n aunados mientras las acciones de gesti\u00f3n no conculquen los intereses de las sociedades a las que se debe el organismo.<\/p>\n<p>Casa\u00f1as remarc\u00f3 adem\u00e1s que \u201cla lucha por los fondos de Salto Grande es algo que nos une, m\u00e1s all\u00e1 de cualquier otro inter\u00e9s; bregar para que sigan llegando desde la Naci\u00f3n y se derramen para el bienestar de toda la Regi\u00f3n de Salto Grande, es algo que estamos dispuestos a impulsar en todo momento y en todo lugar\u201d.<\/p>\n<p>\u201cQueremos que CAFESG siga siendo uno de los motores del desarrollo en la Regi\u00f3n, y para eso es imprescindible que CTM y el gobierno nacional sigan garantizando el flujo de los fondos que han venido llegando durante tantos a\u00f1os para ese fin\u201d, concluy\u00f3 Casa\u00f1as.<\/p>\n<p><a href=\"https:\/\/www.cafesg.gob.ar\/cafesg2\/wp-content\/uploads\/2016\/05\/Primera-Reuni\u00f3n-Directorio-Mayo-2016-3.jpg\"><img loading=\"lazy\" decoding=\"async\" class=\"alignnone size-thumbnail wp-image-4773\" src=\"https:\/\/www.cafesg.gob.ar\/cafesg2\/wp-content\/uploads\/2016\/05\/Primera-Reuni\u00f3n-Directorio-Mayo-2016-3-150x150.jpg\" alt=\"Primera Reuni\u00f3n Directorio Mayo 2016 (3)\" width=\"150\" height=\"150\" \/><\/a> <a href=\"https:\/\/www.cafesg.gob.ar\/cafesg2\/wp-content\/uploads\/2016\/05\/Primera-Reuni\u00f3n-Directorio-Mayo-2016-2.jpg\"><img loading=\"lazy\" decoding=\"async\" class=\"alignnone size-thumbnail wp-image-4774\" src=\"https:\/\/www.cafesg.gob.ar\/cafesg2\/wp-content\/uploads\/2016\/05\/Primera-Reuni\u00f3n-Directorio-Mayo-2016-2-150x150.jpg\" alt=\"Primera Reuni\u00f3n Directorio Mayo 2016 (2)\" width=\"150\" height=\"150\" \/><\/a> <a href=\"https:\/\/www.cafesg.gob.ar\/cafesg2\/wp-content\/uploads\/2016\/05\/Primera-Reuni\u00f3n-Directorio-Mayo-2016-1.jpg\"><img loading=\"lazy\" decoding=\"async\" class=\"alignnone size-thumbnail wp-image-4775\" src=\"https:\/\/www.cafesg.gob.ar\/cafesg2\/wp-content\/uploads\/2016\/05\/Primera-Reuni\u00f3n-Directorio-Mayo-2016-1-150x150.jpg\" alt=\"Primera Reuni\u00f3n Directorio Mayo 2016 (1)\" width=\"150\" height=\"150\" \/><\/a><\/p>\n","protected":false},"excerpt":{"rendered":"<p>Armon\u00eda y consenso en el seno del organismo provincial con sede en Concordia Por primera vez los representantes del oficialismo y de la oposici\u00f3n se reunieron en car\u00e1cter de directores del organismo que administra los fondos excedentes de Salto Grande. Luego del encuentro ambas partes se mostraron satisfechas por el clima de cooperaci\u00f3n y camarader\u00eda [&hellip;]<\/p>\n","protected":false},"author":1,"featured_media":0,"comment_status":"open","ping_status":"open","sticky":false,"template":"","format":"standard","meta":{"footnotes":""},"categories":[15],"tags":[],"class_list":["post-4772","post","type-post","status-publish","format-standard","hentry","category-noticias"],"_links":{"self":[{"href":"https:\/\/cafesg.gob.ar\/cafesg2\/wp-json\/wp\/v2\/posts\/4772","targetHints":{"allow":["GET"]}}],"collection":[{"href":"https:\/\/cafesg.gob.ar\/cafesg2\/wp-json\/wp\/v2\/posts"}],"about":[{"href":"https:\/\/cafesg.gob.ar\/cafesg2\/wp-json\/wp\/v2\/types\/post"}],"author":[{"embeddable":true,"href":"https:\/\/cafesg.gob.ar\/cafesg2\/wp-json\/wp\/v2\/users\/1"}],"replies":[{"embeddable":true,"href":"https:\/\/cafesg.gob.ar\/cafesg2\/wp-json\/wp\/v2\/comments?post=4772"}],"version-history":[{"count":0,"href":"https:\/\/cafesg.gob.ar\/cafesg2\/wp-json\/wp\/v2\/posts\/4772\/revisions"}],"wp:attachment":[{"href":"https:\/\/cafesg.gob.ar\/cafesg2\/wp-json\/wp\/v2\/media?parent=4772"}],"wp:term":[{"taxonomy":"category","embeddable":true,"href":"https:\/\/cafesg.gob.ar\/cafesg2\/wp-json\/wp\/v2\/categories?post=4772"},{"taxonomy":"post_tag","embeddable":true,"href":"https:\/\/cafesg.gob.ar\/cafesg2\/wp-json\/wp\/v2\/tags?post=4772"}],"curies":[{"name":"wp","href":"https:\/\/api.w.org\/{rel}","templated":true}]}}