 {"id":4767,"date":"2016-05-28T10:38:18","date_gmt":"2016-05-28T13:38:18","guid":{"rendered":"http:\/\/www.cafesg.gob.ar\/web\/?p=4767"},"modified":"2016-05-28T10:38:18","modified_gmt":"2016-05-28T13:38:18","slug":"cafesg-solucionara-problemas-en-alcantarilla-sobre-el-morrillo-provocados-por-seguidilla-de-lluvias-extraordinarias","status":"publish","type":"post","link":"https:\/\/cafesg.gob.ar\/cafesg2\/cafesg-solucionara-problemas-en-alcantarilla-sobre-el-morrillo-provocados-por-seguidilla-de-lluvias-extraordinarias\/","title":{"rendered":"CAFESG solucionar\u00e1 problemas en alcantarilla sobre El Morrillo provocados por seguidilla de lluvias extraordinarias"},"content":{"rendered":"<p><em>Los trabajos quitar\u00e1n del estado de incomunicaci\u00f3n actual a un vasto sector de Villa del Rosario<\/em><\/p>\n<p>A un mes de la reuni\u00f3n del intendente de Villa del Rosario, Claudio Baldezari, con el presidente de la Comisi\u00f3n Administradora para el Fondo Especial de Salto Grande (CAFESG), Alejandro Casa\u00f1as, el organismo provincial procedi\u00f3 a la apertura de sobres de la obra complementaria en la alcantarilla sobre el arroyo El Morillo, considerada prioritaria por el jefe comunal luego del relevamiento conjunto de los da\u00f1os provocados por la seguidilla de lluvias que afect\u00f3 a la Regi\u00f3n al comienzo del oto\u00f1o.<\/p>\n<p>\u201cEsta es una obra adicional muy importante, en el marco del trabajo conjunto que venimos realizando con las distintas intendencias y juntas de gobierno de la Regi\u00f3n de Salto Grande\u201d, consider\u00f3 Casa\u00f1as.<\/p>\n<p>El titular de la Comisi\u00f3n estim\u00f3 necesario aclarar que \u201cse trata de una obra originalmente realizada y concluida por CAFESG sobre el arroyo El Morrillo, un curso de agua caudaloso que cuando se desborda producto de lluvias intensas, como las registradas en abril, colapsa por los terraplenes de tierra de las cabeceras\u201d, grafic\u00f3.<\/p>\n<p>En efecto, la obra se vio seriamente afectada como consecuencia de las \u00faltimas precipitaciones extraordinarias, y por ello, con gran esfuerzo, \u201cCAFESG accedi\u00f3 r\u00e1pidamente a realizar esta obra complementaria, clave para quitar del estado de incomunicaci\u00f3n actual a un vasto sector vinculado fuertemente a la producci\u00f3n\u201d, consign\u00f3 Casa\u00f1as.<\/p>\n<p>El funcionario provincial record\u00f3 que este veloz proceso \u201cse inici\u00f3 con reuniones que mantuvimos con el intendente Baldezari y encuentros de los equipos t\u00e9cnicos de ambos organismos, donde se logr\u00f3 consensuar la obra complementaria a realizar\u201d, indic\u00f3.<\/p>\n<p>La realizaci\u00f3n de los trabajos despert\u00f3 el inter\u00e9s de una \u00fanica empresa (Grinac S.R.L.), la cual tas\u00f3 la obra en $ 630.000.-<\/p>\n<p>Las tareas se iniciar\u00edan en 15 d\u00edas y el plazo de ejecuci\u00f3n es de un mes aproximadamente.<\/p>\n<p>Cabe destacar que en su momento \u2013y a solicitud del intendente Baldezari\u2013 el personal t\u00e9cnico de CAFESG visit\u00f3 de inmediato el lugar de intervenci\u00f3n y present\u00f3 un informe t\u00e9cnico de los da\u00f1os existentes en la alcantarilla, donde tambi\u00e9n qued\u00f3 plasmado que los trabajos incluidos en esta obra complementaria consistir\u00edan en la colocaci\u00f3n de tres hileras de tubos cil\u00edndricos de hierro, de un metro de di\u00e1metro, en ambos lados de la alcantarilla, con sus respectivos cabezales.<\/p>\n<p>\u201cCon esta respuesta en tiempo r\u00e9cord no hacemos m\u00e1s que cumplir con las directivas del gobernador Gustavo Bordet, en cuanto a atender r\u00e1pidamente con CAFESG todas las necesidades de las localidades de la Regi\u00f3n de Salto Grande, especialmente aquellas surgidas de situaciones de emergencia\u201d, concluy\u00f3 Casa\u00f1as.<\/p>\n<p><a href=\"https:\/\/www.cafesg.gob.ar\/cafesg2\/wp-content\/uploads\/2016\/05\/Obra-complementaria-Alcantarilla-El-Morrillo-3.jpg\"><img loading=\"lazy\" decoding=\"async\" class=\"alignnone size-thumbnail wp-image-4768\" src=\"https:\/\/www.cafesg.gob.ar\/cafesg2\/wp-content\/uploads\/2016\/05\/Obra-complementaria-Alcantarilla-El-Morrillo-3-150x150.jpg\" alt=\"Obra complementaria Alcantarilla El Morrillo (3)\" width=\"150\" height=\"150\" \/><\/a> <a href=\"https:\/\/www.cafesg.gob.ar\/cafesg2\/wp-content\/uploads\/2016\/05\/Obra-complementaria-Alcantarilla-El-Morrillo-2.jpg\"><img loading=\"lazy\" decoding=\"async\" class=\"alignnone size-thumbnail wp-image-4769\" src=\"https:\/\/www.cafesg.gob.ar\/cafesg2\/wp-content\/uploads\/2016\/05\/Obra-complementaria-Alcantarilla-El-Morrillo-2-150x150.jpg\" alt=\"Obra complementaria Alcantarilla El Morrillo (2)\" width=\"150\" height=\"150\" \/><\/a> <a href=\"https:\/\/www.cafesg.gob.ar\/cafesg2\/wp-content\/uploads\/2016\/05\/Obra-complementaria-Alcantarilla-El-Morrillo-1.jpg\"><img loading=\"lazy\" decoding=\"async\" class=\"alignnone size-thumbnail wp-image-4770\" src=\"https:\/\/www.cafesg.gob.ar\/cafesg2\/wp-content\/uploads\/2016\/05\/Obra-complementaria-Alcantarilla-El-Morrillo-1-150x150.jpg\" alt=\"Obra complementaria Alcantarilla El Morrillo (1)\" width=\"150\" height=\"150\" \/><\/a><\/p>\n","protected":false},"excerpt":{"rendered":"<p>Los trabajos quitar\u00e1n del estado de incomunicaci\u00f3n actual a un vasto sector de Villa del Rosario A un mes de la reuni\u00f3n del intendente de Villa del Rosario, Claudio Baldezari, con el presidente de la Comisi\u00f3n Administradora para el Fondo Especial de Salto Grande (CAFESG), Alejandro Casa\u00f1as, el organismo provincial procedi\u00f3 a la apertura de [&hellip;]<\/p>\n","protected":false},"author":1,"featured_media":0,"comment_status":"open","ping_status":"open","sticky":false,"template":"","format":"standard","meta":{"footnotes":""},"categories":[15],"tags":[],"class_list":["post-4767","post","type-post","status-publish","format-standard","hentry","category-noticias"],"_links":{"self":[{"href":"https:\/\/cafesg.gob.ar\/cafesg2\/wp-json\/wp\/v2\/posts\/4767","targetHints":{"allow":["GET"]}}],"collection":[{"href":"https:\/\/cafesg.gob.ar\/cafesg2\/wp-json\/wp\/v2\/posts"}],"about":[{"href":"https:\/\/cafesg.gob.ar\/cafesg2\/wp-json\/wp\/v2\/types\/post"}],"author":[{"embeddable":true,"href":"https:\/\/cafesg.gob.ar\/cafesg2\/wp-json\/wp\/v2\/users\/1"}],"replies":[{"embeddable":true,"href":"https:\/\/cafesg.gob.ar\/cafesg2\/wp-json\/wp\/v2\/comments?post=4767"}],"version-history":[{"count":0,"href":"https:\/\/cafesg.gob.ar\/cafesg2\/wp-json\/wp\/v2\/posts\/4767\/revisions"}],"wp:attachment":[{"href":"https:\/\/cafesg.gob.ar\/cafesg2\/wp-json\/wp\/v2\/media?parent=4767"}],"wp:term":[{"taxonomy":"category","embeddable":true,"href":"https:\/\/cafesg.gob.ar\/cafesg2\/wp-json\/wp\/v2\/categories?post=4767"},{"taxonomy":"post_tag","embeddable":true,"href":"https:\/\/cafesg.gob.ar\/cafesg2\/wp-json\/wp\/v2\/tags?post=4767"}],"curies":[{"name":"wp","href":"https:\/\/api.w.org\/{rel}","templated":true}]}}