 {"id":4755,"date":"2016-05-24T10:05:47","date_gmt":"2016-05-24T13:05:47","guid":{"rendered":"http:\/\/www.cafesg.gob.ar\/web\/?p=4755"},"modified":"2016-05-24T10:05:47","modified_gmt":"2016-05-24T13:05:47","slug":"personal-tecnico-de-cafesg-visito-la-ciudad-de-federal","status":"publish","type":"post","link":"https:\/\/cafesg.gob.ar\/cafesg2\/personal-tecnico-de-cafesg-visito-la-ciudad-de-federal\/","title":{"rendered":"Personal t\u00e9cnico de CAFESG visit\u00f3 la ciudad de Federal"},"content":{"rendered":"<p><em>Evaluaron el proyecto de la nueva Terminal y obras de desag\u00fces pluviales e iluminaci\u00f3n en zona rural<\/em><\/p>\n<p>Por disposici\u00f3n del presidente de la Comisi\u00f3n Administradora para el Fondo Especial de Salto Grande (CAFESG), Alejandro Casa\u00f1as, personal t\u00e9cnico del organismo provincial visit\u00f3 la ciudad de Federal con el fin de evaluar en terreno las condiciones para la elaboraci\u00f3n de diversos proyectos.<\/p>\n<p>Respondiendo a una invitaci\u00f3n del intendente Gerardo Chapino, y en coordinaci\u00f3n con el ministro de Planeamiento, Infraestructura y Servicios, Luis Benedetto, los funcionarios de CAFESG recorrieron la localidad mediterr\u00e1nea con el objetivo de valorar in situ diversas alternativas para la construcci\u00f3n de la nueva Terminal de \u00d3mnibus.<\/p>\n<p>Tambi\u00e9n visitaron las inmediaciones de calle Seguezo, donde se proyectar\u00e1n desag\u00fces pluviales, ya que con las \u00faltimas lluvias y debido a la carencia de los mismos, m\u00e1s de 50 familias debieron ser evacuadas y otras tantas se vieron afectadas.<\/p>\n<p>Por \u00faltimo, el personal de CAFESG, junto a funcionarios de obras y servicios p\u00fablicos de la Municipalidad de Federal, se dirigieron al Paraje Las Delicias, una localidad rural ubicada a unos 15 kil\u00f3metros de la zona urbanizada, con el objeto de recorrer el pueblo y comenzar a proyectar una obra de iluminaci\u00f3n de calles y en una cancha de f\u00fatbol.<\/p>\n<p>A modo de resumen de la estad\u00eda en Federal, el coordinador de Proyectos de CAFESG, Gustavo Larenze, indic\u00f3 que primeramente \u201cse evaluaron dos alternativas de terreno para la elaboraci\u00f3n del proyecto de la nueva Terminal de \u00d3mnibus de la ciudad, teniendo en cuenta los servicios p\u00fablicos que ya est\u00e1n en cada zona, las v\u00edas de acceso y egreso, el tendido el\u00e9ctrico, las condiciones del terreno y otras cuestiones que determinan el emplazamiento en un lugar por encima de otro. Ahora se conformar\u00e1 un equipo t\u00e9cnico de CAFESG que, articulando tareas con el personal de la Municipalidad de Federal, comenzar\u00e1 a realizar el proyecto para la concreci\u00f3n de una obra tan importante para la ciudad y zonas aleda\u00f1as\u201d.<\/p>\n<p>\u201cEn segundo t\u00e9rmino \u2013continu\u00f3 Larenze\u2013 recorrimos algunos puntos de la ciudad a pedido del intendente, a fin de estudiar las probabilidades t\u00e9cnicas para proyectar desag\u00fces pluviales que mejoren la situaci\u00f3n de algunas zonas que se han visto afectadas seriamente con las \u00faltimas lluvias grandes en la regi\u00f3n\u201d, se\u00f1al\u00f3.<\/p>\n<p>\u201cY por \u00faltimo \u2013concluy\u00f3\u2013 estuvimos en la zona del Paraje Las Delicias haciendo un relevamiento del lugar para proyectar la ampliaci\u00f3n del tendido el\u00e9ctrico a fin de proveer de luminarias a las calles, as\u00ed como tambi\u00e9n a una cancha de f\u00fatbol del lugar, que es un punto de encuentro muy importante para la comunidad\u201d, resalt\u00f3.<\/p>\n<p>Por su parte, el intendente de Federal, Gerardo Chapino, manifest\u00f3 que \u201ccomo lo hab\u00edamos hablado con el ministro Luis Benedetto y con el presidente de CAFESG Alejandro Casa\u00f1as, este \u00faltimo puso a disposici\u00f3n sus equipos t\u00e9cnicos y es un hecho que han venido a la ciudad para trabajar en lo que es la proyecci\u00f3n de una nueva Terminal de \u00d3mnibus, algo que hace falta hace mucho tiempo en nuestra ciudad, y ser\u00eda un avance muy importante para todos los federalenses y para toda la regi\u00f3n, no nos olvidemos que hay un ejido muy amplio en lo que es el departamento Federal. La Terminal de \u00d3mnibus es quiz\u00e1s un proyecto ambicioso, pero tambi\u00e9n una necesidad imperiosa de la regi\u00f3n, as\u00ed que vemos como muy positiva la visita de CAFESG para trabajar en este proyecto\u201d, destac\u00f3 el presidente comunal.<\/p>\n<p>\u201cTambi\u00e9n \u2013prosigui\u00f3 Chiapino\u2013 hemos estado trabajando en la zona de Colonia Federal, m\u00e1s precisamente en el Paraje Las Delicias, en donde estuvimos viendo la necesidad de luminarias; all\u00ed personal municipal junto al de CAFESG tom\u00f3 los apuntes necesarios para poder realizar un proyecto no s\u00f3lo para las luminarias de las calles, sino adem\u00e1s para un complejo deportivo, espec\u00edficamente una cancha de f\u00fatbol, que es el lugar de reuni\u00f3n m\u00e1s importante que tiene el paraje, y que hoy no cuenta con iluminaci\u00f3n artificial\u201d, subray\u00f3.<\/p>\n<p>Chiapino se refiri\u00f3 adem\u00e1s \u201cal proyecto de desag\u00fces pluviales en calle Seguezo y sus inmediaciones, ya que el mes pasado, cuando llovieron m\u00e1s de 900 mil\u00edmetros en la regi\u00f3n, nos hemos visto obligados a evacuar m\u00e1s de cincuenta familias, que se sumaron a otro importante n\u00famero de damnificados. La verdad es que Federal carece de desag\u00fces pluviales en muchas zonas y no queremos volver a vivir lo que nos toc\u00f3 con las \u00faltimas lluvias\u201d, reclam\u00f3 el intendente.<\/p>\n<p>A modo de cierre, el jefe comunal confes\u00f3 sentirse \u201cmuy contento por la visita del personal t\u00e9cnico de CAFESG\u201d, pero a rengl\u00f3n seguido aclar\u00f3 que \u201cesto es s\u00f3lo el puntapi\u00e9 inicial, ahora hay que trabajar en firme sobre los proyectos, y lo m\u00e1s importante es llevarlos a la realidad\u201d, finaliz\u00f3.<\/p>\n<p><a href=\"https:\/\/www.cafesg.gob.ar\/cafesg2\/wp-content\/uploads\/2016\/05\/Visita-personal-t\u00e9cnico-a-Federal-1.jpg\"><img loading=\"lazy\" decoding=\"async\" class=\"alignnone size-thumbnail wp-image-4756\" src=\"https:\/\/www.cafesg.gob.ar\/cafesg2\/wp-content\/uploads\/2016\/05\/Visita-personal-t\u00e9cnico-a-Federal-1-150x150.jpg\" alt=\"Visita personal t\u00e9cnico a Federal (1)\" width=\"150\" height=\"150\" \/><\/a> <a href=\"https:\/\/www.cafesg.gob.ar\/cafesg2\/wp-content\/uploads\/2016\/05\/Visita-personal-t\u00e9cnico-a-Federal-2.jpg\"><img loading=\"lazy\" decoding=\"async\" class=\"alignnone size-thumbnail wp-image-4757\" src=\"https:\/\/www.cafesg.gob.ar\/cafesg2\/wp-content\/uploads\/2016\/05\/Visita-personal-t\u00e9cnico-a-Federal-2-150x150.jpg\" alt=\"Visita personal t\u00e9cnico a Federal (2)\" width=\"150\" height=\"150\" \/><\/a> <a href=\"https:\/\/www.cafesg.gob.ar\/cafesg2\/wp-content\/uploads\/2016\/05\/Visita-personal-t\u00e9cnico-a-Federal-3.jpg\"><img loading=\"lazy\" decoding=\"async\" class=\"alignnone size-thumbnail wp-image-4758\" src=\"https:\/\/www.cafesg.gob.ar\/cafesg2\/wp-content\/uploads\/2016\/05\/Visita-personal-t\u00e9cnico-a-Federal-3-150x150.jpg\" alt=\"Visita personal t\u00e9cnico a Federal (3)\" width=\"150\" height=\"150\" \/><\/a><\/p>\n","protected":false},"excerpt":{"rendered":"<p>Evaluaron el proyecto de la nueva Terminal y obras de desag\u00fces pluviales e iluminaci\u00f3n en zona rural Por disposici\u00f3n del presidente de la Comisi\u00f3n Administradora para el Fondo Especial de Salto Grande (CAFESG), Alejandro Casa\u00f1as, personal t\u00e9cnico del organismo provincial visit\u00f3 la ciudad de Federal con el fin de evaluar en terreno las condiciones para [&hellip;]<\/p>\n","protected":false},"author":1,"featured_media":0,"comment_status":"open","ping_status":"open","sticky":false,"template":"","format":"standard","meta":{"footnotes":""},"categories":[15],"tags":[],"class_list":["post-4755","post","type-post","status-publish","format-standard","hentry","category-noticias"],"_links":{"self":[{"href":"https:\/\/cafesg.gob.ar\/cafesg2\/wp-json\/wp\/v2\/posts\/4755","targetHints":{"allow":["GET"]}}],"collection":[{"href":"https:\/\/cafesg.gob.ar\/cafesg2\/wp-json\/wp\/v2\/posts"}],"about":[{"href":"https:\/\/cafesg.gob.ar\/cafesg2\/wp-json\/wp\/v2\/types\/post"}],"author":[{"embeddable":true,"href":"https:\/\/cafesg.gob.ar\/cafesg2\/wp-json\/wp\/v2\/users\/1"}],"replies":[{"embeddable":true,"href":"https:\/\/cafesg.gob.ar\/cafesg2\/wp-json\/wp\/v2\/comments?post=4755"}],"version-history":[{"count":0,"href":"https:\/\/cafesg.gob.ar\/cafesg2\/wp-json\/wp\/v2\/posts\/4755\/revisions"}],"wp:attachment":[{"href":"https:\/\/cafesg.gob.ar\/cafesg2\/wp-json\/wp\/v2\/media?parent=4755"}],"wp:term":[{"taxonomy":"category","embeddable":true,"href":"https:\/\/cafesg.gob.ar\/cafesg2\/wp-json\/wp\/v2\/categories?post=4755"},{"taxonomy":"post_tag","embeddable":true,"href":"https:\/\/cafesg.gob.ar\/cafesg2\/wp-json\/wp\/v2\/tags?post=4755"}],"curies":[{"name":"wp","href":"https:\/\/api.w.org\/{rel}","templated":true}]}}