 {"id":4750,"date":"2016-05-20T09:59:42","date_gmt":"2016-05-20T12:59:42","guid":{"rendered":"http:\/\/www.cafesg.gob.ar\/web\/?p=4750"},"modified":"2016-05-20T09:59:42","modified_gmt":"2016-05-20T12:59:42","slug":"cafesg-cerro-con-un-encuentro-de-mini-atletismo-el-primer-trimestre-del-programa-deporte-comunitario","status":"publish","type":"post","link":"https:\/\/cafesg.gob.ar\/cafesg2\/cafesg-cerro-con-un-encuentro-de-mini-atletismo-el-primer-trimestre-del-programa-deporte-comunitario\/","title":{"rendered":"CAFESG cerr\u00f3 con un encuentro de mini-atletismo el primer trimestre del programa \u201cDeporte Comunitario\u201d"},"content":{"rendered":"<p><em>Iniciativa conjunta con el ISEEF, Departamental de Escuelas y el Centro de Educaci\u00f3n F\u00edsica N\u00ba4<\/em><\/p>\n<p>La Comisi\u00f3n Administradora para el Fondo Especial de Salto Grande (CAFESG), a trav\u00e9s de su \u00c1rea de Desarrollo Regional, y el Instituto Superior de las Especialidades de la Educaci\u00f3n F\u00edsica (ISEEF), en conjunto con la Direcci\u00f3n Departamental de Escuelas de Concordia y el Centro de Educaci\u00f3n F\u00edsica N\u00ba 4 \u201cGeneral San Mart\u00edn\u201d, concluyeron con una actividad integradora el primer trimestre de la edici\u00f3n 2016 del programa \u201cDeporte Comunitario\u201d.<\/p>\n<p>El cierre se concret\u00f3 con un encuentro de mini-atletismo desarrollado en el Polideportivo V\u00edctor Oppel, del que participaron m\u00e1s de 400 alumnos de 11 escuelas primarias de Concordia.<\/p>\n<p>La coordinadora del \u00c1rea de Deportes de CAFESG, Victoria Chuquel, indic\u00f3 que \u201clos objetivos generales del programa apuntan a promover la actividad f\u00edsica y el deporte como medio para la socializaci\u00f3n e inclusi\u00f3n social, as\u00ed como tambi\u00e9n difundir los h\u00e1bitos de vida sana en los puntos de actuaci\u00f3n\u201d, pormenoriz\u00f3.<\/p>\n<p>La actividad de hoy se organiz\u00f3 en el marco del convenio que oportunamente firmaron CAFESG y el ISEEF, con la participaci\u00f3n de la Direcci\u00f3n Departamental de Escuelas de Concordia y el Centro de Educaci\u00f3n F\u00edsica N\u00ba 4.<\/p>\n<p>\u201cSe trabaja en articulaci\u00f3n con los profesores de las escuelas, por eso ellos ense\u00f1aron atletismo en el primer trimestre; y a trav\u00e9s de este encuentro se le brinda un cierre formal a esta etapa del a\u00f1o, con la entrega de diplomas a todos los alumnos\u201d, agreg\u00f3 Chuquel.<\/p>\n<p>Durante el encuentro, los ni\u00f1os practicaron distintas especialidades del atletismo: lanzamiento de bala, lanzamiento de jabalina, carreras de velocidad, carreras con obst\u00e1culos, entre otras.<\/p>\n<p>La idea es ir replicando estos encuentros de mini-atletismo con todas las escuelas de la zona, en esta oportunidad \u201cse han reunido alrededor 450 chicos de distintos establecimientos de los barrios del noroeste de Concordia\u201d, report\u00f3 por \u00faltimo la coordinadora.<\/p>\n<p>Los pr\u00f3ximos encuentros ser\u00e1n en la Costanera de Concordia y en el Centro de Alto Rendimiento Deportivo del Noreste Argentino (ex Polideportivo Municipal).<\/p>\n<p>\u201cDeporte Comunitario\u201d es una consecuencia directa del programa de CAFESG \u201cEscuelitas Deportivas\u201d, que desde hace cuatro a\u00f1os facilita el acceso de ni\u00f1os y ni\u00f1as de diferentes edades a distintos deportes, y se lleva a cabo en distritos de la Regi\u00f3n de Salto Grande que carecen de escuelas deportivas municipales.<\/p>\n<p>Con \u201cDeporte Comunitario\u201d, CAFESG \u2013que provee todos los insumos necesarios para su desarrollo\u2013 reafirma el rol de la actividad f\u00edsica como medio principal para el crecimiento sano y activo de los ni\u00f1os en su zona de incumbencia de ocho departamentos.<\/p>\n<p><a href=\"https:\/\/www.cafesg.gob.ar\/cafesg2\/wp-content\/uploads\/2016\/05\/Encuentro-miniatletismo-en-V\u00edctor-Oppel-1.jpg\"><img loading=\"lazy\" decoding=\"async\" class=\"alignnone size-thumbnail wp-image-4751\" src=\"https:\/\/www.cafesg.gob.ar\/cafesg2\/wp-content\/uploads\/2016\/05\/Encuentro-miniatletismo-en-V\u00edctor-Oppel-1-150x150.jpg\" alt=\"Encuentro miniatletismo en V\u00edctor Oppel (1)\" width=\"150\" height=\"150\" \/><\/a> <a href=\"https:\/\/www.cafesg.gob.ar\/cafesg2\/wp-content\/uploads\/2016\/05\/Encuentro-miniatletismo-en-V\u00edctor-Oppel-2.jpg\"><img loading=\"lazy\" decoding=\"async\" class=\"alignnone size-thumbnail wp-image-4752\" src=\"https:\/\/www.cafesg.gob.ar\/cafesg2\/wp-content\/uploads\/2016\/05\/Encuentro-miniatletismo-en-V\u00edctor-Oppel-2-150x150.jpg\" alt=\"Encuentro miniatletismo en V\u00edctor Oppel (2)\" width=\"150\" height=\"150\" \/><\/a> <a href=\"https:\/\/www.cafesg.gob.ar\/cafesg2\/wp-content\/uploads\/2016\/05\/Encuentro-miniatletismo-en-V\u00edctor-Oppel-5.jpg\"><img loading=\"lazy\" decoding=\"async\" class=\"alignnone size-thumbnail wp-image-4753\" src=\"https:\/\/www.cafesg.gob.ar\/cafesg2\/wp-content\/uploads\/2016\/05\/Encuentro-miniatletismo-en-V\u00edctor-Oppel-5-150x150.jpg\" alt=\"Encuentro miniatletismo en V\u00edctor Oppel (5)\" width=\"150\" height=\"150\" \/><\/a><\/p>\n<p><!--more--><\/p>\n<p><strong>Escuelas participantes del Encuentro<\/strong><\/p>\n<p>-N\u00ba 3 \u201cDomingo Faustino Sarmiento\u201d.<\/p>\n<p>-N\u00ba 76 \u201cMadre Teresa de Calcuta\u201d.<\/p>\n<p>-N\u00ba 70 \u201cEva Duarte\u201d.<\/p>\n<p>-N\u00ba 74 \u201cJ. J. Valle\u201d.<\/p>\n<p>-N\u00ba 7 \u201cCabildo Abierto\u201d.<\/p>\n<p>-N\u00ba 51 \u201cProfesor Felipe Gardell\u201d.<\/p>\n<p>-N\u00ba 69 \u201cSan Francisco de As\u00eds\u201d.<\/p>\n<p>-N\u00ba 152 \u201cLa Vi\u00f1a\u201d.<\/p>\n<p>-N\u00ba 71 \u201cIndependencia\u201d.<\/p>\n<p>-N\u00ba 75 \u201c2 de Abril\u201d.<\/p>\n<p>-N\u00ba 73 \u201cPancho Ram\u00edrez\u201d.<\/p>\n<p>&nbsp;<\/p>\n<p><strong>Objetivos espec\u00edficos del Programa<\/strong><\/p>\n<p>-Mancomunar esfuerzos entre las instituciones para propiciar el ambiente adecuado en pos del desarrollo de la actividad f\u00edsica y el deporte.<\/p>\n<p>-Promover la formaci\u00f3n de valores e interacci\u00f3n social, estimulando a trabajar conjuntamente y comprender la importancia de la cooperaci\u00f3n, acentuando la virtud del \u201cjuego limpio\u201d.<\/p>\n<p>-Generar espacios de encuentro entre los actores institucionales, identificando problemas sociales, sus causas y posibilidades de soluci\u00f3n.<\/p>\n<p>-Fortalecer procesos de identidad comunitaria.<\/p>\n<p>-Promover estrategias de intervenci\u00f3n que disminuyan las situaciones de riesgo y vulnerabilidad social.<\/p>\n","protected":false},"excerpt":{"rendered":"<p>Iniciativa conjunta con el ISEEF, Departamental de Escuelas y el Centro de Educaci\u00f3n F\u00edsica N\u00ba4 La Comisi\u00f3n Administradora para el Fondo Especial de Salto Grande (CAFESG), a trav\u00e9s de su \u00c1rea de Desarrollo Regional, y el Instituto Superior de las Especialidades de la Educaci\u00f3n F\u00edsica (ISEEF), en conjunto con la Direcci\u00f3n Departamental de Escuelas de [&hellip;]<\/p>\n","protected":false},"author":1,"featured_media":0,"comment_status":"open","ping_status":"open","sticky":false,"template":"","format":"standard","meta":{"footnotes":""},"categories":[15],"tags":[],"class_list":["post-4750","post","type-post","status-publish","format-standard","hentry","category-noticias"],"_links":{"self":[{"href":"https:\/\/cafesg.gob.ar\/cafesg2\/wp-json\/wp\/v2\/posts\/4750","targetHints":{"allow":["GET"]}}],"collection":[{"href":"https:\/\/cafesg.gob.ar\/cafesg2\/wp-json\/wp\/v2\/posts"}],"about":[{"href":"https:\/\/cafesg.gob.ar\/cafesg2\/wp-json\/wp\/v2\/types\/post"}],"author":[{"embeddable":true,"href":"https:\/\/cafesg.gob.ar\/cafesg2\/wp-json\/wp\/v2\/users\/1"}],"replies":[{"embeddable":true,"href":"https:\/\/cafesg.gob.ar\/cafesg2\/wp-json\/wp\/v2\/comments?post=4750"}],"version-history":[{"count":0,"href":"https:\/\/cafesg.gob.ar\/cafesg2\/wp-json\/wp\/v2\/posts\/4750\/revisions"}],"wp:attachment":[{"href":"https:\/\/cafesg.gob.ar\/cafesg2\/wp-json\/wp\/v2\/media?parent=4750"}],"wp:term":[{"taxonomy":"category","embeddable":true,"href":"https:\/\/cafesg.gob.ar\/cafesg2\/wp-json\/wp\/v2\/categories?post=4750"},{"taxonomy":"post_tag","embeddable":true,"href":"https:\/\/cafesg.gob.ar\/cafesg2\/wp-json\/wp\/v2\/tags?post=4750"}],"curies":[{"name":"wp","href":"https:\/\/api.w.org\/{rel}","templated":true}]}}