 {"id":4735,"date":"2016-05-12T12:33:19","date_gmt":"2016-05-12T15:33:19","guid":{"rendered":"http:\/\/www.cafesg.gob.ar\/web\/?p=4735"},"modified":"2016-05-12T12:33:19","modified_gmt":"2016-05-12T15:33:19","slug":"casanas-puso-los-equipos-tecnicos-de-cafesg-a-disposicion-de-los-intendentes-de-feliciano-y-santa-ana","status":"publish","type":"post","link":"https:\/\/cafesg.gob.ar\/cafesg2\/casanas-puso-los-equipos-tecnicos-de-cafesg-a-disposicion-de-los-intendentes-de-feliciano-y-santa-ana\/","title":{"rendered":"Casa\u00f1as puso los equipos t\u00e9cnicos de CAFESG a disposici\u00f3n de los intendentes de Feliciano y Santa Ana"},"content":{"rendered":"<p><em>Trabajo mancomunado en materia de obras y defensa conjunta de los Fondos de Salto Grande<\/em><\/p>\n<p>El presidente de la Comisi\u00f3n Administradora para el Fondo Especial de Salto Grande (CAFESG), Alejandro Casa\u00f1as, recibi\u00f3 ayer en su despacho a los intendentes de Feliciano y Santa Ana, Silvia del Carmen Moreno y Mario Toler, respectivamente, con el \u00e1nimo de dar continuidad a la ronda de encuentros con jefes comunales de la Regi\u00f3n de Salto Grande, iniciada a los efectos de tomar conocimiento de primera mano acerca de las necesidades de obras m\u00e1s urgentes.<\/p>\n<p>Luego de la reuni\u00f3n, Moreno se mostr\u00f3 \u201cmuy conforme con esta primera reuni\u00f3n con el presidente de CAFESG, porque coordinamos las tareas a realizar de aqu\u00ed en m\u00e1s\u201d, indic\u00f3.<\/p>\n<p>\u201cPor otra parte \u2013agreg\u00f3 la presidente municipal\u2013 Casa\u00f1as nos explic\u00f3 c\u00f3mo est\u00e1 trabajando CAFESG de manera articulada con el Ministerio de Planeamiento de la provincia, y tambi\u00e9n puso a disposici\u00f3n los equipos t\u00e9cnicos para la realizaci\u00f3n de proyectos que atiendan las demandas que tenemos en Feliciano\u201d, confi\u00f3 Moreno.<\/p>\n<p>En funci\u00f3n de lo anterior, \u201cnuestros equipos t\u00e9cnicos estar\u00e1n en contacto con los equipos t\u00e9cnicos de CAFESG y de la provincia, para la realizaci\u00f3n de los proyectos y posteriores obras acordes a la disponibilidad financiera tanto de CAFESG como de la provincia\u201d, manifest\u00f3 por \u00faltimo la intendenta, quien concurri\u00f3 en compa\u00f1\u00eda de su secretario de Obras P\u00fablicas, Sergio Ar\u00e9valo.<\/p>\n<p>Por su parte, el intendente de Santa Ana, Mario Toler, se mostr\u00f3 agradecido \u201cpor la excelente predisposici\u00f3n del presidente de CAFESG, a qui\u00e9n conozco desde hace muchos a\u00f1os por nuestro tr\u00e1nsito por la funci\u00f3n p\u00fablica\u201d, y a rengl\u00f3n seguido confes\u00f3 su satisfacci\u00f3n por \u201cel compromiso expresado por Casa\u00f1as de trabajar en conjunto con los municipios de la Regi\u00f3n\u201d, resalt\u00f3.<\/p>\n<p>En cuanto a las necesidades inmediatas de Santa Ana, Toler se\u00f1al\u00f3 como prioritarias \u201cla finalizaci\u00f3n de la Plaza San Mart\u00edn, que se encuentra en un 80%, y una obra de enripiado en los caminos de la producci\u00f3n de la zona rural, que resultaron muy da\u00f1ados por la seguidilla de lluvias\u201d, grafic\u00f3.<\/p>\n<p>Por \u00faltimo, el presidente de CAFESG, Alejandro Casa\u00f1as, subray\u00f3 una vez m\u00e1s que estos encuentros \u201cse inscriben en una forma de hacer pol\u00edtica que sigue los lineamientos del gobernador Gustavo Bordet, y que se basa en el di\u00e1logo y en la construcci\u00f3n en conjunto a trav\u00e9s de la cooperaci\u00f3n, en este caso de nuestra instituci\u00f3n con los distintos municipios de la Regi\u00f3n de Salto Grande\u201d, destac\u00f3.<\/p>\n<p>\u201cCon los intendentes Moreno y Toler, al igual que con sus pares, vamos a trabajar en todas aquellas cuestiones de obras que estaban pendientes, aportando el personal t\u00e9cnico de CAFESG para que sus municipios puedan contar con los proyectos tendientes a su ejecuci\u00f3n\u201d, anticip\u00f3 el titular del organismo provincial con sede en Concordia.<\/p>\n<p>Para concluir, Casa\u00f1as ponder\u00f3 \u201cel buen di\u00e1logo con los intendentes de nuestra zona de incumbencia y el compromiso asumido por todos ellos para acompa\u00f1arnos en una lucha conjunta por los Fondos de Salto Grande, y en la defensa de CAFESG como un organismo clave para la Regi\u00f3n\u201d, finaliz\u00f3.<\/p>\n<p><a href=\"https:\/\/www.cafesg.gob.ar\/cafesg2\/wp-content\/uploads\/2016\/05\/Reuniones-con-Moreno-y-Toller-1.jpg\"><img loading=\"lazy\" decoding=\"async\" class=\"alignnone size-thumbnail wp-image-4736\" src=\"https:\/\/www.cafesg.gob.ar\/cafesg2\/wp-content\/uploads\/2016\/05\/Reuniones-con-Moreno-y-Toller-1-150x150.jpg\" alt=\"Reuniones con Moreno y Toller (1)\" width=\"150\" height=\"150\" \/><\/a> <a href=\"https:\/\/www.cafesg.gob.ar\/cafesg2\/wp-content\/uploads\/2016\/05\/Reuniones-con-Moreno-y-Toller-2.jpg\"><img loading=\"lazy\" decoding=\"async\" class=\"alignnone size-thumbnail wp-image-4737\" src=\"https:\/\/www.cafesg.gob.ar\/cafesg2\/wp-content\/uploads\/2016\/05\/Reuniones-con-Moreno-y-Toller-2-150x150.jpg\" alt=\"Reuniones con Moreno y Toller (2)\" width=\"150\" height=\"150\" \/><\/a> <a href=\"https:\/\/www.cafesg.gob.ar\/cafesg2\/wp-content\/uploads\/2016\/05\/Reuniones-con-Moreno-y-Toller-3.jpg\"><img loading=\"lazy\" decoding=\"async\" class=\"alignnone size-thumbnail wp-image-4738\" src=\"https:\/\/www.cafesg.gob.ar\/cafesg2\/wp-content\/uploads\/2016\/05\/Reuniones-con-Moreno-y-Toller-3-150x150.jpg\" alt=\"Reuniones con Moreno y Toller (3)\" width=\"150\" height=\"150\" \/><\/a> <a href=\"https:\/\/www.cafesg.gob.ar\/cafesg2\/wp-content\/uploads\/2016\/05\/Reuniones-con-Moreno-y-Toller-4.jpg\"><img loading=\"lazy\" decoding=\"async\" class=\"alignnone size-thumbnail wp-image-4739\" src=\"https:\/\/www.cafesg.gob.ar\/cafesg2\/wp-content\/uploads\/2016\/05\/Reuniones-con-Moreno-y-Toller-4-150x150.jpg\" alt=\"Reuniones con Moreno y Toller (4)\" width=\"150\" height=\"150\" \/><\/a><\/p>\n","protected":false},"excerpt":{"rendered":"<p>Trabajo mancomunado en materia de obras y defensa conjunta de los Fondos de Salto Grande El presidente de la Comisi\u00f3n Administradora para el Fondo Especial de Salto Grande (CAFESG), Alejandro Casa\u00f1as, recibi\u00f3 ayer en su despacho a los intendentes de Feliciano y Santa Ana, Silvia del Carmen Moreno y Mario Toler, respectivamente, con el \u00e1nimo [&hellip;]<\/p>\n","protected":false},"author":1,"featured_media":0,"comment_status":"open","ping_status":"open","sticky":false,"template":"","format":"standard","meta":{"footnotes":""},"categories":[15],"tags":[],"class_list":["post-4735","post","type-post","status-publish","format-standard","hentry","category-noticias"],"_links":{"self":[{"href":"https:\/\/cafesg.gob.ar\/cafesg2\/wp-json\/wp\/v2\/posts\/4735","targetHints":{"allow":["GET"]}}],"collection":[{"href":"https:\/\/cafesg.gob.ar\/cafesg2\/wp-json\/wp\/v2\/posts"}],"about":[{"href":"https:\/\/cafesg.gob.ar\/cafesg2\/wp-json\/wp\/v2\/types\/post"}],"author":[{"embeddable":true,"href":"https:\/\/cafesg.gob.ar\/cafesg2\/wp-json\/wp\/v2\/users\/1"}],"replies":[{"embeddable":true,"href":"https:\/\/cafesg.gob.ar\/cafesg2\/wp-json\/wp\/v2\/comments?post=4735"}],"version-history":[{"count":0,"href":"https:\/\/cafesg.gob.ar\/cafesg2\/wp-json\/wp\/v2\/posts\/4735\/revisions"}],"wp:attachment":[{"href":"https:\/\/cafesg.gob.ar\/cafesg2\/wp-json\/wp\/v2\/media?parent=4735"}],"wp:term":[{"taxonomy":"category","embeddable":true,"href":"https:\/\/cafesg.gob.ar\/cafesg2\/wp-json\/wp\/v2\/categories?post=4735"},{"taxonomy":"post_tag","embeddable":true,"href":"https:\/\/cafesg.gob.ar\/cafesg2\/wp-json\/wp\/v2\/tags?post=4735"}],"curies":[{"name":"wp","href":"https:\/\/api.w.org\/{rel}","templated":true}]}}