 {"id":4729,"date":"2016-05-10T08:37:14","date_gmt":"2016-05-10T11:37:14","guid":{"rendered":"http:\/\/www.cafesg.gob.ar\/web\/?p=4729"},"modified":"2016-05-10T08:37:14","modified_gmt":"2016-05-10T11:37:14","slug":"casanas-se-reunio-con-los-flamantes-vocales-de-la-minoria-en-el-directorio-de-cafesg","status":"publish","type":"post","link":"https:\/\/cafesg.gob.ar\/cafesg2\/casanas-se-reunio-con-los-flamantes-vocales-de-la-minoria-en-el-directorio-de-cafesg\/","title":{"rendered":"Casa\u00f1as se reuni\u00f3 con los flamantes vocales de la minor\u00eda en el Directorio de CAFESG"},"content":{"rendered":"<p><em>Con la entrega de sendos decretos los puso formalmente en funciones para el per\u00edodo 2016-2019<\/em><\/p>\n<p>Tal lo previsto, el presidente de la Comisi\u00f3n Administradora para el Fondo Especial de Salto Grande (CAFESG), Alejandro Casa\u00f1as, se reuni\u00f3 esta ma\u00f1ana con los flamantes vocales de la oposici\u00f3n en el Directorio del organismo provincial, Horacio Giorgio y Rub\u00e9n Rastelli.<\/p>\n<p>Primeramente \u2013y en compa\u00f1\u00eda del vocal Diego Lascurain\u2013 Casa\u00f1as hizo entrega a los nuevos directores de una copia de los decretos del Poder Ejecutivo Provincial que oficializaron a fines de la semana pasada sus respectivas designaciones.<\/p>\n<p>Luego del encuentro, Rastelli manifest\u00f3 que \u201cse trata de un momento importante para Federaci\u00f3n y para la propia CAFESG, ya que hoy, dando cumplimiento a la Ley, se complet\u00f3 el Directorio, punto de partida para el trabajo conjunto que queremos encarar\u201d, indic\u00f3.<\/p>\n<p>En ese sentido, Rastelli agreg\u00f3 que \u201ctenemos todas las expectativas de ser verdaderamente parte de un equipo y a partir de aqu\u00ed empezar a trabajar sobre algunas cuestiones que tal vez han quedado pendientes y aquellas nuevas ideas que pueden empezar a aparecer\u201d, afirm\u00f3.<\/p>\n<p>El flamante vocal anticip\u00f3 luego que se va a transformar \u201cen portavoz del Departamento Federaci\u00f3n\u201d y se defini\u00f3 como \u201cuna persona de di\u00e1logo que busca denominadores comunes y siempre procura arribar al consenso\u201d.<\/p>\n<p>Cabe destacar que CAFESG cuenta con dos delegaciones en el Departamento Federaci\u00f3n (una en la ciudad hom\u00f3nima y otra en Chajar\u00ed) y Rastelli asumi\u00f3 el compromiso de \u201cempezar a visitarlas para conocer las tareas que est\u00e1n llevando adelante y conformar equipos de trabajo\u201d, y a rengl\u00f3n seguido reflexion\u00f3 que \u201cpor sobre todas las cosas somos conscientes de que a CAFESG la tenemos que defender entre todos\u201d.<\/p>\n<p>Por \u00faltimo, Rastelli confi\u00f3 que \u201clas se\u00f1ales que hemos recibido de parte de Alejandro Casa\u00f1as anticipan una buena relaci\u00f3n con nosotros, con el gobierno provincial y con las autoridades nacionales, lo cual nos predispone a trabajar de manera conjunta y con grandes expectativas\u201d, finaliz\u00f3.<\/p>\n<p>Por su parte, Horacio Giorgio calific\u00f3 a la reuni\u00f3n como \u201cmuy valiosa\u201d y resalt\u00f3 que \u201csomos gente que al asumir un cargo tambi\u00e9n asume una responsabilidad en el trabajo\u201d, enfatiz\u00f3.<\/p>\n<p>\u201cHemos venido a conversar \u2013ados\u00f3 Giorgio\u2013 para manifestar de qu\u00e9 manera queremos trabajar nosotros, y evidentemente hemos encontrado una muy buena recepci\u00f3n\u201d, recalc\u00f3.<\/p>\n<p>\u201cTenemos que ser responsables y trabajar para lo que hemos sido designados, y para eso estamos. Considero que de aqu\u00ed en adelante no deber\u00edamos tener ning\u00fan problema, somos gente que ya hemos tenido cargos en otras funciones y con esa misma responsabilidad con que los ejercimos es que lo haremos ahora en CAFESG\u201d, complet\u00f3 Giorgio.<\/p>\n<p>A modo de cierre, Casa\u00f1as expres\u00f3 que \u201cfue una satisfacci\u00f3n muy grande poner en marcha a todo el Directorio para a partir de ahora ponernos a trabajar en conjunto, buscando lo mejor para la Regi\u00f3n\u201d, subray\u00f3.<\/p>\n<p>El titular del organismo con sede en Concordia reflexion\u00f3 que \u201ceste es un trabajo conjunto de Naci\u00f3n, Provincia, municipios, juntas y CAFESG, y nuestro desaf\u00edo conjunto es en primer lugar generar un \u00e1mbito de creatividad, convivencia e integraci\u00f3n demostrando capacidad de di\u00e1logo y fundamentalmente de trabajo para la Regi\u00f3n de Salto Grande\u201d.<\/p>\n<p>Para finalizar, Casa\u00f1as destac\u00f3 \u201cel clima cordial de la reuni\u00f3n y el compromiso de escuchar todas las demandas para despu\u00e9s identificar con un esp\u00edritu de conjunto cu\u00e1les ser\u00e1n las prioridades. Lo m\u00e1s importante es mantener una CAFESG unida, sin perder identidades, pero con un objetivo claro, que es el desarrollo de toda la Regi\u00f3n de Salto Grande\u201d, concluy\u00f3.<\/p>\n<p><a href=\"https:\/\/www.cafesg.gob.ar\/cafesg2\/wp-content\/uploads\/2016\/05\/Reuni\u00f3n-Casa\u00f1as.-Giorgio.Rastelli-Mayo16-1.jpg\"><img loading=\"lazy\" decoding=\"async\" class=\"alignnone size-thumbnail wp-image-4730\" src=\"https:\/\/www.cafesg.gob.ar\/cafesg2\/wp-content\/uploads\/2016\/05\/Reuni\u00f3n-Casa\u00f1as.-Giorgio.Rastelli-Mayo16-1-150x150.jpg\" alt=\"Reuni\u00f3n Casa\u00f1as. Giorgio.Rastelli Mayo16 (1)\" width=\"150\" height=\"150\" \/><\/a> <a href=\"https:\/\/www.cafesg.gob.ar\/cafesg2\/wp-content\/uploads\/2016\/05\/Reuni\u00f3n-Casa\u00f1as.-Giorgio.Rastelli-Mayo16-2.jpg\"><img loading=\"lazy\" decoding=\"async\" class=\"alignnone size-thumbnail wp-image-4731\" src=\"https:\/\/www.cafesg.gob.ar\/cafesg2\/wp-content\/uploads\/2016\/05\/Reuni\u00f3n-Casa\u00f1as.-Giorgio.Rastelli-Mayo16-2-150x150.jpg\" alt=\"Reuni\u00f3n Casa\u00f1as. Giorgio.Rastelli Mayo16 (2)\" width=\"150\" height=\"150\" \/><\/a> <a href=\"https:\/\/www.cafesg.gob.ar\/cafesg2\/wp-content\/uploads\/2016\/05\/Reuni\u00f3n-Casa\u00f1as.-Giorgio.Rastelli-Mayo16-3.jpg\"><img loading=\"lazy\" decoding=\"async\" class=\"alignnone size-thumbnail wp-image-4732\" src=\"https:\/\/www.cafesg.gob.ar\/cafesg2\/wp-content\/uploads\/2016\/05\/Reuni\u00f3n-Casa\u00f1as.-Giorgio.Rastelli-Mayo16-3-150x150.jpg\" alt=\"Reuni\u00f3n Casa\u00f1as. Giorgio.Rastelli Mayo16 (3)\" width=\"150\" height=\"150\" \/><\/a> <a href=\"https:\/\/www.cafesg.gob.ar\/cafesg2\/wp-content\/uploads\/2016\/05\/Reuni\u00f3n-Casa\u00f1as.-Giorgio.Rastelli-Mayo16-4.jpg\"><img loading=\"lazy\" decoding=\"async\" class=\"alignnone size-thumbnail wp-image-4733\" src=\"https:\/\/www.cafesg.gob.ar\/cafesg2\/wp-content\/uploads\/2016\/05\/Reuni\u00f3n-Casa\u00f1as.-Giorgio.Rastelli-Mayo16-4-150x150.jpg\" alt=\"Reuni\u00f3n Casa\u00f1as. Giorgio.Rastelli Mayo16 (4)\" width=\"150\" height=\"150\" \/><\/a><\/p>\n","protected":false},"excerpt":{"rendered":"<p>Con la entrega de sendos decretos los puso formalmente en funciones para el per\u00edodo 2016-2019 Tal lo previsto, el presidente de la Comisi\u00f3n Administradora para el Fondo Especial de Salto Grande (CAFESG), Alejandro Casa\u00f1as, se reuni\u00f3 esta ma\u00f1ana con los flamantes vocales de la oposici\u00f3n en el Directorio del organismo provincial, Horacio Giorgio y Rub\u00e9n [&hellip;]<\/p>\n","protected":false},"author":1,"featured_media":0,"comment_status":"open","ping_status":"open","sticky":false,"template":"","format":"standard","meta":{"footnotes":""},"categories":[15],"tags":[],"class_list":["post-4729","post","type-post","status-publish","format-standard","hentry","category-noticias"],"_links":{"self":[{"href":"https:\/\/cafesg.gob.ar\/cafesg2\/wp-json\/wp\/v2\/posts\/4729","targetHints":{"allow":["GET"]}}],"collection":[{"href":"https:\/\/cafesg.gob.ar\/cafesg2\/wp-json\/wp\/v2\/posts"}],"about":[{"href":"https:\/\/cafesg.gob.ar\/cafesg2\/wp-json\/wp\/v2\/types\/post"}],"author":[{"embeddable":true,"href":"https:\/\/cafesg.gob.ar\/cafesg2\/wp-json\/wp\/v2\/users\/1"}],"replies":[{"embeddable":true,"href":"https:\/\/cafesg.gob.ar\/cafesg2\/wp-json\/wp\/v2\/comments?post=4729"}],"version-history":[{"count":0,"href":"https:\/\/cafesg.gob.ar\/cafesg2\/wp-json\/wp\/v2\/posts\/4729\/revisions"}],"wp:attachment":[{"href":"https:\/\/cafesg.gob.ar\/cafesg2\/wp-json\/wp\/v2\/media?parent=4729"}],"wp:term":[{"taxonomy":"category","embeddable":true,"href":"https:\/\/cafesg.gob.ar\/cafesg2\/wp-json\/wp\/v2\/categories?post=4729"},{"taxonomy":"post_tag","embeddable":true,"href":"https:\/\/cafesg.gob.ar\/cafesg2\/wp-json\/wp\/v2\/tags?post=4729"}],"curies":[{"name":"wp","href":"https:\/\/api.w.org\/{rel}","templated":true}]}}