 {"id":4725,"date":"2016-05-09T10:07:16","date_gmt":"2016-05-09T13:07:16","guid":{"rendered":"http:\/\/www.cafesg.gob.ar\/web\/?p=4725"},"modified":"2016-05-09T10:07:16","modified_gmt":"2016-05-09T13:07:16","slug":"casanas-pondero-la-oficializacion-de-las-dos-vocalias-opositoras-en-el-directorio-de-cafesg","status":"publish","type":"post","link":"https:\/\/cafesg.gob.ar\/cafesg2\/casanas-pondero-la-oficializacion-de-las-dos-vocalias-opositoras-en-el-directorio-de-cafesg\/","title":{"rendered":"Casa\u00f1as ponder\u00f3 la oficializaci\u00f3n de las dos vocal\u00edas opositoras en el Directorio de CAFESG"},"content":{"rendered":"<p><em>Destac\u00f3 que tanto Giorgio como Rastelli ya participaron en una reuni\u00f3n de trabajo<\/em><\/p>\n<p><a href=\"https:\/\/www.cafesg.gob.ar\/cafesg2\/wp-content\/uploads\/2016\/05\/Foto-Casa\u00f1as-con-vocales-opositores.jpg\"><img loading=\"lazy\" decoding=\"async\" class=\"alignleft wp-image-4726 size-medium\" src=\"https:\/\/www.cafesg.gob.ar\/cafesg2\/wp-content\/uploads\/2016\/05\/Foto-Casa\u00f1as-con-vocales-opositores-300x152.jpg\" alt=\"Foto Casa\u00f1as con vocales opositores\" width=\"300\" height=\"152\" hspace=\"20\" vspace=\"10\" \/><\/a><\/p>\n<p>El presidente de la Comisi\u00f3n Administradora para el Fondo Especial de Salto Grande (CAFESG), Alejandro Casa\u00f1as, salud\u00f3 las designaciones por la Legislatura entrerriana, oficializadas por decreto del Poder Ejecutivo Provincial, de los vocales de la oposici\u00f3n en el Directorio del organismo, Horacio Giorgio y Rub\u00e9n Rastelli.<\/p>\n<p>Casa\u00f1as expres\u00f3 su \u201cbenepl\u00e1cito y el del Directorio por la comunicaci\u00f3n de los decretos\u201d, pero a rengl\u00f3n seguido destac\u00f3 que \u201cel di\u00e1logo entre los distintos sectores ya se hab\u00eda iniciado en CAFESG, con la participaci\u00f3n de los nuevos vocales en sendas reuniones, una con el presidente y otra de trabajo con intendentes de la Regi\u00f3n de Salto Grande\u201d, evoc\u00f3.<\/p>\n<p>El titular de CAFESG resalt\u00f3 que \u201cel esp\u00edritu que prima en nuestra instituci\u00f3n es el del trabajo en equipo entre todos los vocales del Directorio, junto a los municipios, juntas, y los gobiernos provincial y nacional. Debemos dar el ejemplo de trabajo mancomunado\u201d, remarc\u00f3.<\/p>\n<p>En ese sentido, Casa\u00f1as puso sobre relieve que \u201ces pol\u00edtica del gobernador Gustavo Bordet el hecho de construir mancomunadamente en base al di\u00e1logo, entendimiento y responsabilidades conjuntas, asegurando la eficiencia en la administraci\u00f3n y la gobernabilidad\u201d, enfatiz\u00f3.<\/p>\n<p>Por \u00faltimo, Casa\u00f1as consign\u00f3 que, si bien se mantienen comunicados constantemente, ya salud\u00f3 \u201ctelef\u00f3nicamente a los nuevos vocales designados para informarles que, a pesar de que a\u00fan se est\u00e1n cumplimentando los pasos administrativos pertinentes, este mismo lunes tendremos un encuentro a fin de notificar los decretos y dialogar sobre el trabajo conjunto\u201d. Asimismo, anticip\u00f3 que \u201cpara la semana entrante est\u00e1 previsto el adelantamiento dela primera reuni\u00f3n de trabajo oficial del Directorio en pleno, con todos los vocales de CAFESG\u201d.<\/p>\n<p>Cabe recordar que luego de aquella primera reuni\u00f3n con los vocales opositores ahora oficializados (cuya foto ilustra la presente nota), Casa\u00f1as hab\u00eda calificado el encuentro como \u201cuna charla distendida, de di\u00e1logo cordial, donde nos comprometimos a trabajar en conjunto, con cooperaci\u00f3n y participaci\u00f3n\u201d.<\/p>\n<p>En aquel entonces, Casa\u00f1as hab\u00eda ponderado que tanto Giorgio como Rastelli \u201cson personas de una larga trayectoria p\u00fablica, a las cuales conozco hace mucho tiempo y s\u00e9 de su buen accionar, por lo que entiendo que podremos trabajar de manera conjunta sin ning\u00fan tipo de inconvenientes\u201d.<\/p>\n<p><!--more--><\/p>\n<p><strong>La impronta de CAFESG<\/strong><\/p>\n<p>La Comisi\u00f3n Administradora para el Fondo Especial de Salto Grande (CAFESG) fue creada por Ley Provincial 9140 en el a\u00f1o 1998, y es la encargada de administrar el fondo formado por los aportes provenientes del excedente derivado de la explotaci\u00f3n del Complejo Hidroel\u00e9ctrico de Salto Grande.<\/p>\n<p>M\u00e1s tarde, por Decreto 2954\/98, se estableci\u00f3 el Reglamento Org\u00e1nico de CAFESG. En su Art\u00edculo N\u00ba 9 dispone que \u201cla conducci\u00f3n de la Comisi\u00f3n estar\u00e1 a cargo de un Directorio de seis miembros, de los cuales cuatro ser\u00e1n designados por el Poder Ejecutivo Provincial, un representante por la Honorable C\u00e1mara de Senadores de la Provincia, y uno por la Honorable C\u00e1mara de Diputados de la Provincia\u201d.<\/p>\n<p>As\u00ed fue que, dando cumplimiento a lo normado, el gobernador Gustavo Bordet decret\u00f3 que los cuatro vocales oficialistas sean Alejandro Casa\u00f1as (quien preside el cuerpo), Walter Doronzoro, Oscar Colombo y Diego Lascurain.<\/p>\n<p>Por su parte, los legisladores de la oposici\u00f3n eligieron en la Honorable C\u00e1mara de Diputados a Horacio F\u00e9lix Giorgio y en la H.C. de Senadores a Jos\u00e9 Rub\u00e9n Rastelli, de la ciudad de Federaci\u00f3n.<\/p>\n<p>Es dable recalcar que CAFESG ha sido reconocida como un ejemplo de c\u00f3mo debe funcionar un organismo del Estado, integrado por oficialismo y oposici\u00f3n cumpliendo funciones ejecutivas. Por otra parte, CAFESG tiene un complejo y estricto sistema de contralor y seguimiento por parte de distintos organismos de control provinciales y nacionales, que se cumple sistem\u00e1tica y permanentemente.<\/p>\n","protected":false},"excerpt":{"rendered":"<p>Destac\u00f3 que tanto Giorgio como Rastelli ya participaron en una reuni\u00f3n de trabajo El presidente de la Comisi\u00f3n Administradora para el Fondo Especial de Salto Grande (CAFESG), Alejandro Casa\u00f1as, salud\u00f3 las designaciones por la Legislatura entrerriana, oficializadas por decreto del Poder Ejecutivo Provincial, de los vocales de la oposici\u00f3n en el Directorio del organismo, Horacio [&hellip;]<\/p>\n","protected":false},"author":1,"featured_media":0,"comment_status":"open","ping_status":"open","sticky":false,"template":"","format":"standard","meta":{"footnotes":""},"categories":[15],"tags":[],"class_list":["post-4725","post","type-post","status-publish","format-standard","hentry","category-noticias"],"_links":{"self":[{"href":"https:\/\/cafesg.gob.ar\/cafesg2\/wp-json\/wp\/v2\/posts\/4725","targetHints":{"allow":["GET"]}}],"collection":[{"href":"https:\/\/cafesg.gob.ar\/cafesg2\/wp-json\/wp\/v2\/posts"}],"about":[{"href":"https:\/\/cafesg.gob.ar\/cafesg2\/wp-json\/wp\/v2\/types\/post"}],"author":[{"embeddable":true,"href":"https:\/\/cafesg.gob.ar\/cafesg2\/wp-json\/wp\/v2\/users\/1"}],"replies":[{"embeddable":true,"href":"https:\/\/cafesg.gob.ar\/cafesg2\/wp-json\/wp\/v2\/comments?post=4725"}],"version-history":[{"count":0,"href":"https:\/\/cafesg.gob.ar\/cafesg2\/wp-json\/wp\/v2\/posts\/4725\/revisions"}],"wp:attachment":[{"href":"https:\/\/cafesg.gob.ar\/cafesg2\/wp-json\/wp\/v2\/media?parent=4725"}],"wp:term":[{"taxonomy":"category","embeddable":true,"href":"https:\/\/cafesg.gob.ar\/cafesg2\/wp-json\/wp\/v2\/categories?post=4725"},{"taxonomy":"post_tag","embeddable":true,"href":"https:\/\/cafesg.gob.ar\/cafesg2\/wp-json\/wp\/v2\/tags?post=4725"}],"curies":[{"name":"wp","href":"https:\/\/api.w.org\/{rel}","templated":true}]}}