 {"id":4712,"date":"2016-05-03T11:44:20","date_gmt":"2016-05-03T14:44:20","guid":{"rendered":"http:\/\/www.cafesg.gob.ar\/web\/?p=4712"},"modified":"2016-05-03T11:44:20","modified_gmt":"2016-05-03T14:44:20","slug":"cafesg-y-la-cooperativa-electrica-de-concordia-ratificaron-la-continuidad-de-su-programa-de-conectividad-escolar-2","status":"publish","type":"post","link":"https:\/\/cafesg.gob.ar\/cafesg2\/cafesg-y-la-cooperativa-electrica-de-concordia-ratificaron-la-continuidad-de-su-programa-de-conectividad-escolar-2\/","title":{"rendered":"CAFESG y la Cooperativa El\u00e9ctrica de Concordia ratificaron la continuidad de su Programa de Conectividad Escolar"},"content":{"rendered":"<p><em>Ambas instituciones firmaron un nuevo convenio en el organismo provincial<\/em><\/p>\n<p>La Comisi\u00f3n Administradora para el Fondo Especial de Salto Grande (CAFESG) y la Cooperativa El\u00e9ctrica y Otros Servicios de Concordia Limitada plasmaron hoy en un nuevo convenio su compromiso de continuar trabajando juntas en el marco del Programa de Conectividad Escolar, que impulsan desde el a\u00f1o 2009.<\/p>\n<p>El acto de r\u00fabrica se llev\u00f3 a cabo en la sede central de CAFESG, que estuvo representada por su presidente, Alejandro Casa\u00f1as, y los vocales del Directorio, Oscar Colombo y Diego Lascurain; mientras que por la Cooperativa El\u00e9ctrica asistieron su titular, C\u00e9sar Gottfried, y el secretario del Consejo de Administraci\u00f3n, Jorge Trent\u00edn.<\/p>\n<p>Tambi\u00e9n concurri\u00f3 Griselda De Lello, titular de la Direcci\u00f3n Departamental de Escuelas, la tercera instituci\u00f3n involucrada en este Programa, que tiene como objetivo dotar de conexi\u00f3n a Internet, asistencia t\u00e9cnica y capacitaci\u00f3n, a las escuelas p\u00fablicas de Concordia.<\/p>\n<p>Actualmente son 48 las escuelas del Departamento alcanzadas por el Programa, lo cual representa un universo de m\u00e1s de 7.000 alumnos y docentes. Este a\u00f1o, y a partir de este nuevo convenio, se abre la posibilidad de llegar con este servicio a nuevos establecimientos educativos.<\/p>\n<p>Al reflexionar sobre el Programa, el presidente de CAFESG, Alejandro Casa\u00f1as, manifest\u00f3 que \u201cla conectividad permite el acceso a nuevas tecnolog\u00edas, a nuevos conocimientos, a comunicarse de otra manera, y contribuye a que los mismos profesores puedan tener herramientas nuevas para incentivar a los chicos al momento del aprendizaje\u201d, indic\u00f3.<\/p>\n<p>\u201cLo importante \u2013agreg\u00f3 Casa\u00f1as\u2013 es que tanto desde el sector p\u00fablico, en este caso con CAFESG, como desde el sector privado, representado en esta ocasi\u00f3n por la Cooperativa El\u00e9ctrica, seguimos trabajando en conjunto para dotar de una mejor infraestructura a la actividad educativa y, en particular con este Programa, apuntamos a brindar un servicio adicional que ofrece una herramienta clave en este tiempo, como la conectividad\u201d, consider\u00f3.<\/p>\n<p>A continuaci\u00f3n, el presidente del Consejo de Administraci\u00f3n de la Cooperativa El\u00e9ctrica, C\u00e9sar Gottfried, expres\u00f3 que \u201cpara nosotros esto es motivo de orgullo, porque trabajamos en lo que creemos, y sabemos que el trabajo en conjunto da siempre buenos resultados. De modo tal que si no tuvi\u00e9ramos el aporte de las escuelas y de CAFESG esto no ser\u00eda posible. Por lo tanto, s\u00f3lo puedo agradecer a la comunidad que se manifiesta a trav\u00e9s de las instituciones\u201d, expres\u00f3.<\/p>\n<p><a href=\"https:\/\/www.cafesg.gob.ar\/cafesg2\/wp-content\/uploads\/2016\/05\/Firma-Convenio-Conectividad-con-CEC-1.jpg\"><img loading=\"lazy\" decoding=\"async\" class=\"alignnone size-thumbnail wp-image-4713\" src=\"https:\/\/www.cafesg.gob.ar\/cafesg2\/wp-content\/uploads\/2016\/05\/Firma-Convenio-Conectividad-con-CEC-1-150x150.jpg\" alt=\"Firma Convenio Conectividad con CEC (1)\" width=\"150\" height=\"150\" \/><\/a> <a href=\"https:\/\/www.cafesg.gob.ar\/cafesg2\/wp-content\/uploads\/2016\/05\/Firma-Convenio-Conectividad-con-CEC-2.jpg\"><img loading=\"lazy\" decoding=\"async\" class=\"alignnone size-thumbnail wp-image-4714\" src=\"https:\/\/www.cafesg.gob.ar\/cafesg2\/wp-content\/uploads\/2016\/05\/Firma-Convenio-Conectividad-con-CEC-2-150x150.jpg\" alt=\"Firma Convenio Conectividad con CEC (2)\" width=\"150\" height=\"150\" \/><\/a> <a href=\"https:\/\/www.cafesg.gob.ar\/cafesg2\/wp-content\/uploads\/2016\/05\/Firma-Convenio-Conectividad-con-CEC-3.jpg\"><img loading=\"lazy\" decoding=\"async\" class=\"alignnone size-thumbnail wp-image-4715\" src=\"https:\/\/www.cafesg.gob.ar\/cafesg2\/wp-content\/uploads\/2016\/05\/Firma-Convenio-Conectividad-con-CEC-3-150x150.jpg\" alt=\"Firma Convenio Conectividad con CEC (3)\" width=\"150\" height=\"150\" \/><\/a> <a href=\"https:\/\/www.cafesg.gob.ar\/cafesg2\/wp-content\/uploads\/2016\/05\/Firma-Convenio-Conectividad-con-CEC-4.jpg\"><img loading=\"lazy\" decoding=\"async\" class=\"alignnone size-thumbnail wp-image-4716\" src=\"https:\/\/www.cafesg.gob.ar\/cafesg2\/wp-content\/uploads\/2016\/05\/Firma-Convenio-Conectividad-con-CEC-4-150x150.jpg\" alt=\"Firma Convenio Conectividad con CEC (4)\" width=\"150\" height=\"150\" \/><\/a> <a href=\"https:\/\/www.cafesg.gob.ar\/cafesg2\/wp-content\/uploads\/2016\/05\/Firma-Convenio-Conectividad-con-CEC-5.jpg\"><img loading=\"lazy\" decoding=\"async\" class=\"alignnone size-thumbnail wp-image-4717\" src=\"https:\/\/www.cafesg.gob.ar\/cafesg2\/wp-content\/uploads\/2016\/05\/Firma-Convenio-Conectividad-con-CEC-5-150x150.jpg\" alt=\"Firma Convenio Conectividad con CEC (5)\" width=\"150\" height=\"150\" \/><\/a><\/p>\n<p><!--more--><\/p>\n<p><strong>Alcances de Conectividad Escolar<\/strong><\/p>\n<p>Los objetivos del Programa apuntan a asegurar que las escuelas p\u00fablicas de educaci\u00f3n b\u00e1sica puedan utilizar las herramientas modernas disponibles para el mejor procesamiento de la informaci\u00f3n y las telecomunicaciones, ampliando as\u00ed sus capacidades a fines de alcanzar mejores niveles de desempe\u00f1o acad\u00e9mico y fomentar la reducci\u00f3n de la brecha tecnol\u00f3gica.<\/p>\n<p>En funci\u00f3n de ello se ha dotado de conexi\u00f3n a Internet, asistencia t\u00e9cnica y capacitaci\u00f3n a 48 establecimientos p\u00fablicos del Departamento Concordia. En efecto, este grupo de escuelas cuenta actualmente con conexi\u00f3n inal\u00e1mbrica y soporte a cargo del equipo profesional de CAFESG que, conjuntamente con el personal de la Cooperativa El\u00e9ctrica, trabaja para solucionar los eventuales problemas que puedan llegar a presentarse en los equipos y en la configuraci\u00f3n de las conexiones; evacuando adem\u00e1s las dudas y consultas que surjan del cuerpo docente que hace uso de las herramientas tecnol\u00f3gicas que ya han incorporado a sus clases.<\/p>\n<p>A partir de la renovaci\u00f3n del convenio entre ambas instituciones \u2013por espacio de un a\u00f1o\u2013, CAFESG continuar\u00e1 financiando no s\u00f3lo el servicio de Internet brindado por la Cooperativa El\u00e9ctrica sino tambi\u00e9n el soporte t\u00e9cnico y la capacitaci\u00f3n a las escuelas que se encuentran dentro del Programa de Conectividad Escolar.<\/p>\n<p>Cabe destacar que la prestaci\u00f3n del servicio incluye un control de contenidos y el uso de la biblioteca digital de la Cooperativa El\u00e9ctrica.<\/p>\n","protected":false},"excerpt":{"rendered":"<p>Ambas instituciones firmaron un nuevo convenio en el organismo provincial La Comisi\u00f3n Administradora para el Fondo Especial de Salto Grande (CAFESG) y la Cooperativa El\u00e9ctrica y Otros Servicios de Concordia Limitada plasmaron hoy en un nuevo convenio su compromiso de continuar trabajando juntas en el marco del Programa de Conectividad Escolar, que impulsan desde el [&hellip;]<\/p>\n","protected":false},"author":1,"featured_media":0,"comment_status":"open","ping_status":"open","sticky":false,"template":"","format":"standard","meta":{"footnotes":""},"categories":[15],"tags":[],"class_list":["post-4712","post","type-post","status-publish","format-standard","hentry","category-noticias"],"_links":{"self":[{"href":"https:\/\/cafesg.gob.ar\/cafesg2\/wp-json\/wp\/v2\/posts\/4712","targetHints":{"allow":["GET"]}}],"collection":[{"href":"https:\/\/cafesg.gob.ar\/cafesg2\/wp-json\/wp\/v2\/posts"}],"about":[{"href":"https:\/\/cafesg.gob.ar\/cafesg2\/wp-json\/wp\/v2\/types\/post"}],"author":[{"embeddable":true,"href":"https:\/\/cafesg.gob.ar\/cafesg2\/wp-json\/wp\/v2\/users\/1"}],"replies":[{"embeddable":true,"href":"https:\/\/cafesg.gob.ar\/cafesg2\/wp-json\/wp\/v2\/comments?post=4712"}],"version-history":[{"count":0,"href":"https:\/\/cafesg.gob.ar\/cafesg2\/wp-json\/wp\/v2\/posts\/4712\/revisions"}],"wp:attachment":[{"href":"https:\/\/cafesg.gob.ar\/cafesg2\/wp-json\/wp\/v2\/media?parent=4712"}],"wp:term":[{"taxonomy":"category","embeddable":true,"href":"https:\/\/cafesg.gob.ar\/cafesg2\/wp-json\/wp\/v2\/categories?post=4712"},{"taxonomy":"post_tag","embeddable":true,"href":"https:\/\/cafesg.gob.ar\/cafesg2\/wp-json\/wp\/v2\/tags?post=4712"}],"curies":[{"name":"wp","href":"https:\/\/api.w.org\/{rel}","templated":true}]}}