 {"id":4693,"date":"2016-04-23T08:32:25","date_gmt":"2016-04-23T11:32:25","guid":{"rendered":"http:\/\/www.cafesg.gob.ar\/web\/?p=4693"},"modified":"2016-04-23T08:32:25","modified_gmt":"2016-04-23T11:32:25","slug":"4693","status":"publish","type":"post","link":"https:\/\/cafesg.gob.ar\/cafesg2\/4693\/","title":{"rendered":""},"content":{"rendered":"<p><em>Es la primera etapa de una obra de 93 metros cuadrados cubiertos y 75 semicubiertos<\/em><\/p>\n<p>&nbsp;<\/p>\n<p><strong>CAFESG super\u00f3 el 70% de avance en la construcci\u00f3n de vestuarios y equipamiento del Polideportivo de Puerto Yeru\u00e1<\/strong><\/p>\n<p>&nbsp;<\/p>\n<p>El \u00c1rea T\u00e9cnica de la Comisi\u00f3n Administradora para el Fondo Especial de Salto Grande (CAFESG) constat\u00f3 un 72% de avance en la obra de \u201cConstrucci\u00f3n de vestuarios y equipamiento en el Polideportivo de Puerto Yeru\u00e1\u201d, cuyo presupuesto asciende a la suma de 1,8 millones de pesos.<\/p>\n<p>Este nuevo emprendimiento de CAFESG consiste en un conjunto edilicio que albergar\u00e1 un p\u00f3rtico de entrada al complejo polideportivo, una oficina de recepci\u00f3n, una administraci\u00f3n general, un dep\u00f3sito de elementos deportivos, n\u00facleos sanitarios, y vestuarios para caballeros y personas con capacidades diferentes.<\/p>\n<p>En una futura segunda etapa est\u00e1n contemplados los sanitarios y vestuarios para damas, un sector de kiosco con su respectivo dep\u00f3sito, y un consultorio m\u00e9dico con enfermer\u00eda para atender los requerimientos de salubridad de las personas \u2013principalmente ni\u00f1os\u2013 que concurrir\u00e1n al lugar.<\/p>\n<p>La construcci\u00f3n guarda relaci\u00f3n con las obras t\u00edpicas de Puerto Yeru\u00e1, es decir que se trata de una estructura independiente de hormig\u00f3n armado, con contrapisos, carpetas y pisos cer\u00e1micos o baldosones de cemento, mamposter\u00edas de ladrillos comunes de 30 cent\u00edmetros, y otras de ladrillos huecos de 18 \u00f3 12 cent\u00edmetros de espesor; revoques comunes, texturados o finos al fieltro con pinturas al l\u00e1tex.<\/p>\n<p>La estructura del techo es de maderas multilaminadas, machimbres de eucalipto y chapas prepintadas. En algunos lugares puntuales indicados en los planos, se utilizan revestimientos de piedras de la zona.<\/p>\n<p>La superficie de referencia es de 93 metros cuadrados cubiertos netos y una galer\u00eda semi-cubierta de 75 metros cuadrados.<\/p>\n<p>El plazo de ejecuci\u00f3n de los trabajos es de 240 d\u00edas corridos.<\/p>\n<p><a href=\"https:\/\/www.cafesg.gob.ar\/cafesg2\/wp-content\/uploads\/2016\/04\/Polideportivo-Puerto-Yeru\u00e1-1.jpg\"><img loading=\"lazy\" decoding=\"async\" class=\"alignnone size-thumbnail wp-image-4694\" src=\"https:\/\/www.cafesg.gob.ar\/cafesg2\/wp-content\/uploads\/2016\/04\/Polideportivo-Puerto-Yeru\u00e1-1-150x150.jpg\" alt=\"Polideportivo Puerto Yeru\u00e1 (1)\" width=\"150\" height=\"150\" \/><\/a> <a href=\"https:\/\/www.cafesg.gob.ar\/cafesg2\/wp-content\/uploads\/2016\/04\/Polideportivo-Puerto-Yeru\u00e1-2.jpg\"><img loading=\"lazy\" decoding=\"async\" class=\"alignnone size-thumbnail wp-image-4695\" src=\"https:\/\/www.cafesg.gob.ar\/cafesg2\/wp-content\/uploads\/2016\/04\/Polideportivo-Puerto-Yeru\u00e1-2-150x150.jpg\" alt=\"Polideportivo Puerto Yeru\u00e1 (2)\" width=\"150\" height=\"150\" \/><\/a> <a href=\"https:\/\/www.cafesg.gob.ar\/cafesg2\/wp-content\/uploads\/2016\/04\/Polideportivo-Puerto-Yeru\u00e1-3.jpg\"><img loading=\"lazy\" decoding=\"async\" class=\"alignnone size-thumbnail wp-image-4696\" src=\"https:\/\/www.cafesg.gob.ar\/cafesg2\/wp-content\/uploads\/2016\/04\/Polideportivo-Puerto-Yeru\u00e1-3-150x150.jpg\" alt=\"Polideportivo Puerto Yeru\u00e1 (3)\" width=\"150\" height=\"150\" \/><\/a> <a href=\"https:\/\/www.cafesg.gob.ar\/cafesg2\/wp-content\/uploads\/2016\/04\/Polideportivo-Puerto-Yeru\u00e1-4.jpg\"><img loading=\"lazy\" decoding=\"async\" class=\"alignnone size-thumbnail wp-image-4697\" src=\"https:\/\/www.cafesg.gob.ar\/cafesg2\/wp-content\/uploads\/2016\/04\/Polideportivo-Puerto-Yeru\u00e1-4-150x150.jpg\" alt=\"Polideportivo Puerto Yeru\u00e1 (4)\" width=\"150\" height=\"150\" \/><\/a> <a href=\"https:\/\/www.cafesg.gob.ar\/cafesg2\/wp-content\/uploads\/2016\/04\/Polideportivo-Puerto-Yeru\u00e1-5.jpg\"><img loading=\"lazy\" decoding=\"async\" class=\"alignnone size-thumbnail wp-image-4698\" src=\"https:\/\/www.cafesg.gob.ar\/cafesg2\/wp-content\/uploads\/2016\/04\/Polideportivo-Puerto-Yeru\u00e1-5-150x150.jpg\" alt=\"Polideportivo Puerto Yeru\u00e1 (5)\" width=\"150\" height=\"150\" \/><\/a><\/p>\n","protected":false},"excerpt":{"rendered":"<p>Es la primera etapa de una obra de 93 metros cuadrados cubiertos y 75 semicubiertos &nbsp; CAFESG super\u00f3 el 70% de avance en la construcci\u00f3n de vestuarios y equipamiento del Polideportivo de Puerto Yeru\u00e1 &nbsp; El \u00c1rea T\u00e9cnica de la Comisi\u00f3n Administradora para el Fondo Especial de Salto Grande (CAFESG) constat\u00f3 un 72% de avance [&hellip;]<\/p>\n","protected":false},"author":1,"featured_media":0,"comment_status":"open","ping_status":"open","sticky":false,"template":"","format":"standard","meta":{"footnotes":""},"categories":[15],"tags":[],"class_list":["post-4693","post","type-post","status-publish","format-standard","hentry","category-noticias"],"_links":{"self":[{"href":"https:\/\/cafesg.gob.ar\/cafesg2\/wp-json\/wp\/v2\/posts\/4693","targetHints":{"allow":["GET"]}}],"collection":[{"href":"https:\/\/cafesg.gob.ar\/cafesg2\/wp-json\/wp\/v2\/posts"}],"about":[{"href":"https:\/\/cafesg.gob.ar\/cafesg2\/wp-json\/wp\/v2\/types\/post"}],"author":[{"embeddable":true,"href":"https:\/\/cafesg.gob.ar\/cafesg2\/wp-json\/wp\/v2\/users\/1"}],"replies":[{"embeddable":true,"href":"https:\/\/cafesg.gob.ar\/cafesg2\/wp-json\/wp\/v2\/comments?post=4693"}],"version-history":[{"count":0,"href":"https:\/\/cafesg.gob.ar\/cafesg2\/wp-json\/wp\/v2\/posts\/4693\/revisions"}],"wp:attachment":[{"href":"https:\/\/cafesg.gob.ar\/cafesg2\/wp-json\/wp\/v2\/media?parent=4693"}],"wp:term":[{"taxonomy":"category","embeddable":true,"href":"https:\/\/cafesg.gob.ar\/cafesg2\/wp-json\/wp\/v2\/categories?post=4693"},{"taxonomy":"post_tag","embeddable":true,"href":"https:\/\/cafesg.gob.ar\/cafesg2\/wp-json\/wp\/v2\/tags?post=4693"}],"curies":[{"name":"wp","href":"https:\/\/api.w.org\/{rel}","templated":true}]}}