 {"id":4688,"date":"2016-04-19T11:16:18","date_gmt":"2016-04-19T14:16:18","guid":{"rendered":"http:\/\/www.cafesg.gob.ar\/web\/?p=4688"},"modified":"2016-04-19T11:16:18","modified_gmt":"2016-04-19T14:16:18","slug":"casanas-y-baldezari-dialogaron-sobre-obras-urgentes-y-a-mediano-plazo","status":"publish","type":"post","link":"https:\/\/cafesg.gob.ar\/cafesg2\/casanas-y-baldezari-dialogaron-sobre-obras-urgentes-y-a-mediano-plazo\/","title":{"rendered":"Casa\u00f1as y Baldezari dialogaron sobre obras urgentes y a mediano plazo"},"content":{"rendered":"<p><em>El intendente de Villa del Rosario coordin\u00f3 trabajo conjunto con los t\u00e9cnicos de CAFESG<\/em><\/p>\n<p>El presidente de la Comisi\u00f3n Administradora para el Fondo Especial de Salto Grande (CAFESG), Alejandro Casa\u00f1as, se entrevist\u00f3 ayer en su despacho con el intendente de Villa del Rosario, Claudio Baldezari, a los efectos de dar continuidad a los encuentros con jefes comunales del departamento Federaci\u00f3n, que comenz\u00f3 a concretar la semana pasada con la finalidad de tomar conocimiento de primera mano acerca de las necesidades de obras m\u00e1s urgentes, surgidas como consecuencia del fen\u00f3meno meteorol\u00f3gico extraordinario que sopesa la Regi\u00f3n de Salto Grande.<\/p>\n<p>Luego de la reuni\u00f3n, Baldezari se mostr\u00f3 agradecido \u201cpor la excelente predisposici\u00f3n del presidente de CAFESG\u201d, y a rengl\u00f3n seguido confes\u00f3 que lo \u201cmotiva y alegra el compromiso expresado por Casa\u00f1as de trabajar en conjunto con los municipios de la Regi\u00f3n\u201d, indic\u00f3.<\/p>\n<p>\u201cFue una reuni\u00f3n muy amena \u2013agreg\u00f3 el intendente de Villa del Rosario\u2013 donde CAFESG se puso a disposici\u00f3n para atender a la coyuntura, pero tambi\u00e9n para proyectos de obras a futuro\u201d, destac\u00f3.<\/p>\n<p>En cuanto a las necesidades inmediatas, Baldezari se\u00f1al\u00f3 que \u201cpuntualmente tenemos una urgencia con la obra de la alcantarilla conocida como \u00abEl Morillo\u00bb, construida sobre un arroyo caudaloso que cuando se desborda producto de lluvias intensas como las \u00faltimas que se han registrado, colapsa por los terraplenes de tierra de las cabeceras\u201d, grafic\u00f3.<\/p>\n<p>\u201cLa soluci\u00f3n \u2013ados\u00f3 el presidente comunal\u2013 es una ampliaci\u00f3n de la alcantarilla, lo cual ya fue conversado tanto con Casa\u00f1as cuanto con los t\u00e9cnicos de CAFESG\u201d, afirm\u00f3.<\/p>\n<p>Cabe destacar que en el momento en que se produjo la emergencia con la referida alcantarilla, el Directorio de CAFESG tom\u00f3 como medida el r\u00e1pido env\u00edo de personal t\u00e9cnico para que realizara un relevamiento in situ de la situaci\u00f3n, lo cual se efectiviz\u00f3 el pasado jueves 14.<\/p>\n<p>Por \u00faltimo, el intendente Baldezari se refiri\u00f3 a las prioridades de nuevas obras y manifest\u00f3 que \u201cpasan por la construcci\u00f3n de dos o tres alcantarillas m\u00e1s en caminos de la producci\u00f3n que unen Villa del Rosario con las colonias; esos caminos siempre tenemos que tenerlos en buenas condiciones para que el productor pueda salir cualquier d\u00eda a cualquier hora con sus veh\u00edculos hacia los centros de venta\u201d, puntualiz\u00f3.<\/p>\n<p><a href=\"https:\/\/www.cafesg.gob.ar\/cafesg2\/wp-content\/uploads\/2016\/04\/Reuni\u00f3n-con-Int.-Baldezari-Va.-del-Rosario-1.jpg\"><img loading=\"lazy\" decoding=\"async\" class=\"alignnone size-thumbnail wp-image-4689\" src=\"https:\/\/www.cafesg.gob.ar\/cafesg2\/wp-content\/uploads\/2016\/04\/Reuni\u00f3n-con-Int.-Baldezari-Va.-del-Rosario-1-150x150.jpg\" alt=\"Reuni\u00f3n con Int. Baldezari Va. del Rosario (1)\" width=\"150\" height=\"150\" \/><\/a> <a href=\"https:\/\/www.cafesg.gob.ar\/cafesg2\/wp-content\/uploads\/2016\/04\/Reuni\u00f3n-con-Int.-Baldezari-Va.-del-Rosario-2.jpg\"><img loading=\"lazy\" decoding=\"async\" class=\"alignnone size-thumbnail wp-image-4690\" src=\"https:\/\/www.cafesg.gob.ar\/cafesg2\/wp-content\/uploads\/2016\/04\/Reuni\u00f3n-con-Int.-Baldezari-Va.-del-Rosario-2-150x150.jpg\" alt=\"Reuni\u00f3n con Int. Baldezari Va. del Rosario (2)\" width=\"150\" height=\"150\" \/><\/a> <a href=\"https:\/\/www.cafesg.gob.ar\/cafesg2\/wp-content\/uploads\/2016\/04\/Reuni\u00f3n-con-Int.-Baldezari-Va.-del-Rosario-3.jpg\"><img loading=\"lazy\" decoding=\"async\" class=\"alignnone size-thumbnail wp-image-4691\" src=\"https:\/\/www.cafesg.gob.ar\/cafesg2\/wp-content\/uploads\/2016\/04\/Reuni\u00f3n-con-Int.-Baldezari-Va.-del-Rosario-3-150x150.jpg\" alt=\"Reuni\u00f3n con Int. Baldezari Va. del Rosario (3)\" width=\"150\" height=\"150\" \/><\/a><\/p>\n<p><!--more--><\/p>\n<p><strong>Di\u00e1logo y construcci\u00f3n en conjunto<\/strong><\/p>\n<p>Por su parte, el presidente de CAFESG, Alejandro Casa\u00f1as, consign\u00f3 que estos encuentros \u201ctienen anclaje en una forma de hacer pol\u00edtica que sigue los lineamientos del\u00a0 gobernador Gustavo Bordet, y que se basa en el di\u00e1logo y en la construcci\u00f3n en conjunto a trav\u00e9s de la cooperaci\u00f3n, en este caso de nuestra instituci\u00f3n con los distintos municipios de la Regi\u00f3n de Salto Grande\u201d, resalt\u00f3.<\/p>\n<p>\u201cCon el intendente Baldezari, al igual que lo hicimos con pares suyos \u2013coment\u00f3 Casa\u00f1as\u2013 estuvimos trabajando en todas aquellas cuestiones de obras que estaban pendientes, algunas de las cuales son urgentes producto de la emergencia que estamos viviendo\u201d, expres\u00f3.<\/p>\n<p>\u201cTambi\u00e9n avanzamos sobre algunas propuestas de nuevas obras con las que CAFESG va a contribuir primeramente con los proyectos t\u00e9cnicos, a los efectos de que la intendencia pueda contar con los mismos para su ejecuci\u00f3n\u201d, anticip\u00f3 el titular del organismo provincial con sede en Concordia.<\/p>\n<p>Para finalizar, Casa\u00f1as ponder\u00f3 \u201cel buen di\u00e1logo que se pudo mantener entre el intendente Baldezari y su equipo, y el personal t\u00e9cnico de CAFESG, con el objetivo de trabajar en conjunto las propuestas, dentro de las posibilidades financieras, t\u00e9cnicas y econ\u00f3micas del momento. La idea madre es que esos proyectos no sean meramente t\u00e9cnicos, sino que tambi\u00e9n se tenga en cuenta lo que puede manifestar el lugare\u00f1o en cuanto a sus necesidades\u201d, concluy\u00f3.<\/p>\n","protected":false},"excerpt":{"rendered":"<p>El intendente de Villa del Rosario coordin\u00f3 trabajo conjunto con los t\u00e9cnicos de CAFESG El presidente de la Comisi\u00f3n Administradora para el Fondo Especial de Salto Grande (CAFESG), Alejandro Casa\u00f1as, se entrevist\u00f3 ayer en su despacho con el intendente de Villa del Rosario, Claudio Baldezari, a los efectos de dar continuidad a los encuentros con [&hellip;]<\/p>\n","protected":false},"author":1,"featured_media":0,"comment_status":"open","ping_status":"open","sticky":false,"template":"","format":"standard","meta":{"footnotes":""},"categories":[15],"tags":[],"class_list":["post-4688","post","type-post","status-publish","format-standard","hentry","category-noticias"],"_links":{"self":[{"href":"https:\/\/cafesg.gob.ar\/cafesg2\/wp-json\/wp\/v2\/posts\/4688","targetHints":{"allow":["GET"]}}],"collection":[{"href":"https:\/\/cafesg.gob.ar\/cafesg2\/wp-json\/wp\/v2\/posts"}],"about":[{"href":"https:\/\/cafesg.gob.ar\/cafesg2\/wp-json\/wp\/v2\/types\/post"}],"author":[{"embeddable":true,"href":"https:\/\/cafesg.gob.ar\/cafesg2\/wp-json\/wp\/v2\/users\/1"}],"replies":[{"embeddable":true,"href":"https:\/\/cafesg.gob.ar\/cafesg2\/wp-json\/wp\/v2\/comments?post=4688"}],"version-history":[{"count":1,"href":"https:\/\/cafesg.gob.ar\/cafesg2\/wp-json\/wp\/v2\/posts\/4688\/revisions"}],"predecessor-version":[{"id":16296,"href":"https:\/\/cafesg.gob.ar\/cafesg2\/wp-json\/wp\/v2\/posts\/4688\/revisions\/16296"}],"wp:attachment":[{"href":"https:\/\/cafesg.gob.ar\/cafesg2\/wp-json\/wp\/v2\/media?parent=4688"}],"wp:term":[{"taxonomy":"category","embeddable":true,"href":"https:\/\/cafesg.gob.ar\/cafesg2\/wp-json\/wp\/v2\/categories?post=4688"},{"taxonomy":"post_tag","embeddable":true,"href":"https:\/\/cafesg.gob.ar\/cafesg2\/wp-json\/wp\/v2\/tags?post=4688"}],"curies":[{"name":"wp","href":"https:\/\/api.w.org\/{rel}","templated":true}]}}