 {"id":4677,"date":"2016-04-14T12:14:23","date_gmt":"2016-04-14T15:14:23","guid":{"rendered":"http:\/\/www.cafesg.gob.ar\/web\/?p=4677"},"modified":"2016-04-14T12:14:23","modified_gmt":"2016-04-14T15:14:23","slug":"casanas-y-galimberti-coordinaron-trabajo-conjunto-cafesg-municipalidad-en-medio-de-la-coyuntura-climatica","status":"publish","type":"post","link":"https:\/\/cafesg.gob.ar\/cafesg2\/casanas-y-galimberti-coordinaron-trabajo-conjunto-cafesg-municipalidad-en-medio-de-la-coyuntura-climatica\/","title":{"rendered":"Casa\u00f1as y Galimberti coordinaron trabajo conjunto CAFESG-Municipalidad en medio de la coyuntura clim\u00e1tica"},"content":{"rendered":"<p><em>Tambi\u00e9n conversaron sobre proyectos claves para Chajar\u00ed y la defensa de los fondos de Salto Grande<\/em><\/p>\n<p>El presidente de la Comisi\u00f3n Administradora para el Fondo Especial de Salto Grande (CAFESG), Alejandro Casa\u00f1as, recibi\u00f3 ayer en su despacho al intendente de Chajar\u00ed, Pedro Galimberti, quien asisti\u00f3 acompa\u00f1ado por los vocales del Directorio por la oposici\u00f3n, elegidos por la legislatura provincial, Horacio F\u00e9lix Giorgio y Rub\u00e9n Rafael Rastelli.<\/p>\n<p>El encuentro dio continuidad a los contactos establecidos por Casa\u00f1as la semana pasada a los efectos de informarse de primera mano acerca del estado de situaci\u00f3n de la ciudad, despu\u00e9s del fen\u00f3meno meteorol\u00f3gico extraordinario que se abati\u00f3 sobre su ejido.<\/p>\n<p>Cabe recordar que, en paralelo, el titular del organismo provincial hab\u00eda puesto a disposici\u00f3n al \u00c1rea T\u00e9cnica para evaluar in situ el estado en que hab\u00edan quedado las obras de CAFESG en Chajar\u00ed.<\/p>\n<p>Luego de la reuni\u00f3n, Galimberti se manifest\u00f3 \u201cconforme, la idea de hoy fue una primera aproximaci\u00f3n despu\u00e9s de que tanto el presidente Alejandro Casa\u00f1as como el delegado de CAFESG en Chajar\u00ed, Juan Carlos Romero, se pusieran a disposici\u00f3n de nuestra Municipalidad para trabajar en aquellas obras que necesiten alg\u00fan tipo de reparaci\u00f3n inmediata\u201d, consign\u00f3.<\/p>\n<p>\u201cTambi\u00e9n \u2013agreg\u00f3 Galimberti\u2013 empezamos a buscar puntos de acuerdo respecto a la planificaci\u00f3n de obras que son necesarias para el desarrollo de nuestra ciudad, y adem\u00e1s dialogamos sobre cuestiones generales referidas a lo que es el funcionamiento de CAFESG\u201d, indic\u00f3.<\/p>\n<p>Dando cumplimiento al compromiso asumido por el presidente de CAFESG, hoy jueves van a recorrer la ciudad de Chajar\u00ed profesionales del \u00c1rea T\u00e9cnica, \u201clo cual es importante para conocer la situaci\u00f3n en terreno y sobre todo para ver algunas obras que a ra\u00edz de las fuertes precipitaciones han tenido problemas\u201d, consider\u00f3 Galimberti.<\/p>\n<p>\u201cLo de ma\u00f1ana (por hoy jueves) ser\u00e1 trabajar sobre las necesidades en lo inmediato, pero tambi\u00e9n tenemos en agenda algunos proyectos que van a contar con la participaci\u00f3n de personal t\u00e9cnico de CAFESG en su etapa de elaboraci\u00f3n; esto evidentemente es un paso muy importante para nosotros\u201d, destac\u00f3 Galimberti.<\/p>\n<p>Por su parte, el presidente de CAFESG, Alejandro Casa\u00f1as, se mostr\u00f3 \u201cpreocupado por la situaci\u00f3n vivida en la localidad de Chajar\u00ed\u201d, pero a su vez \u201cconfiado en el trabajo en conjunto, basado en la estrecha relaci\u00f3n existente entre los t\u00e9cnicos de CAFESG y el intendente y funcionarios del municipio, para resolver r\u00e1pidamente los problemas surgidos en medio de esta coyuntura clim\u00e1tica\u201d, asever\u00f3.<\/p>\n<p>\u201cTambi\u00e9n \u2013ados\u00f3 Casa\u00f1as\u2013 estuvimos viendo c\u00f3mo se trabaja con la Municipalidad en los diferentes programas y hablamos adem\u00e1s de proyectos de obras importantes para la ciudad\u201d, confi\u00f3.<\/p>\n<p>\u201cEl municipio de Chajar\u00ed y CAFESG tenemos objetivos comunes, como mejorar la calidad de vida de los ciudadanos y de todos los habitantes de la Regi\u00f3n, y para ello debemos poner todo el material humano a disposici\u00f3n no s\u00f3lo de las obras, sino tambi\u00e9n de los diferentes programas que contribuyen a la consecuci\u00f3n de estos objetivos\u201d, enfatiz\u00f3 Casa\u00f1as.<\/p>\n<p>Como en cada reuni\u00f3n que ha mantenido con mandatarios comunales de la zona de incumbencia del organismo provincial, Casa\u00f1as resalt\u00f3 que \u201cen esta oportunidad tambi\u00e9n estuvo fuertemente presente el tema de la lucha por los fondos de Salto Grande, y la defensa de CAFESG como una instituci\u00f3n clave para la Regi\u00f3n\u201d, finaliz\u00f3.<\/p>\n<p><a href=\"https:\/\/www.cafesg.gob.ar\/cafesg2\/wp-content\/uploads\/2016\/04\/Reuni\u00f3n-con-Galimberti-1.jpg\"><img loading=\"lazy\" decoding=\"async\" class=\"alignnone size-thumbnail wp-image-4678\" src=\"https:\/\/www.cafesg.gob.ar\/cafesg2\/wp-content\/uploads\/2016\/04\/Reuni\u00f3n-con-Galimberti-1-150x150.jpg\" alt=\"Reuni\u00f3n con Galimberti (1)\" width=\"150\" height=\"150\" \/><\/a> <a href=\"https:\/\/www.cafesg.gob.ar\/cafesg2\/wp-content\/uploads\/2016\/04\/Reuni\u00f3n-con-Galimberti-2.jpg\"><img loading=\"lazy\" decoding=\"async\" class=\"alignnone size-thumbnail wp-image-4679\" src=\"https:\/\/www.cafesg.gob.ar\/cafesg2\/wp-content\/uploads\/2016\/04\/Reuni\u00f3n-con-Galimberti-2-150x150.jpg\" alt=\"Reuni\u00f3n con Galimberti (2)\" width=\"150\" height=\"150\" \/><\/a> <a href=\"https:\/\/www.cafesg.gob.ar\/cafesg2\/wp-content\/uploads\/2016\/04\/Reuni\u00f3n-con-Galimberti-3.jpg\"><img loading=\"lazy\" decoding=\"async\" class=\"alignnone size-thumbnail wp-image-4680\" src=\"https:\/\/www.cafesg.gob.ar\/cafesg2\/wp-content\/uploads\/2016\/04\/Reuni\u00f3n-con-Galimberti-3-150x150.jpg\" alt=\"Reuni\u00f3n con Galimberti (3)\" width=\"150\" height=\"150\" \/><\/a><\/p>\n<p><!--more--><\/p>\n<p><strong>Obras a evaluar<\/strong><\/p>\n<p>Consultado sobre aquellas obras que el personal t\u00e9cnico de CAFESG inspeccionar\u00e1 in situ en Chajar\u00ed, el intendente Galimberti expres\u00f3 que \u201cse trata de emprendimientos en los cuales CAFESG ha participado de alguna u otra manera, como por ejemplo la pasarela y un conducto que atraviesa el arroyo Chajar\u00ed, donde hay que evaluar los da\u00f1os que ha sufrido, y se va a trabajar r\u00e1pidamente sobre eso, tambi\u00e9n la avenida de acceso est\u00e1 comenzando a tener deterioros en la carpeta asf\u00e1ltica, los cuales ma\u00f1ana (por hoy) ser\u00e1n evaluados por los especialistas de CAFESG. La idea es que este conjunto de tareas se lleve a cabo a la brevedad\u201d, indic\u00f3 Galimberti.<\/p>\n<p>En cuanto a los proyectos en carpeta, Galimberti enumer\u00f3 \u201cla repavimentaci\u00f3n en determinados tramos de la avenida 9 de Julio que atraviesa de norte a sur nuestra ciudad y la pavimentaci\u00f3n de algunas franjas de esa misma avenida, y los colectores cloacales en las zonas oeste y este, ya que el tratamiento de los efluentes para nosotros es una obra fundamental, teniendo en cuenta el crecimiento de nuestra ciudad\u201d, concluy\u00f3 el intendente de Chajar\u00ed.<\/p>\n","protected":false},"excerpt":{"rendered":"<p>Tambi\u00e9n conversaron sobre proyectos claves para Chajar\u00ed y la defensa de los fondos de Salto Grande El presidente de la Comisi\u00f3n Administradora para el Fondo Especial de Salto Grande (CAFESG), Alejandro Casa\u00f1as, recibi\u00f3 ayer en su despacho al intendente de Chajar\u00ed, Pedro Galimberti, quien asisti\u00f3 acompa\u00f1ado por los vocales del Directorio por la oposici\u00f3n, elegidos [&hellip;]<\/p>\n","protected":false},"author":1,"featured_media":0,"comment_status":"open","ping_status":"open","sticky":false,"template":"","format":"standard","meta":{"footnotes":""},"categories":[15],"tags":[],"class_list":["post-4677","post","type-post","status-publish","format-standard","hentry","category-noticias"],"_links":{"self":[{"href":"https:\/\/cafesg.gob.ar\/cafesg2\/wp-json\/wp\/v2\/posts\/4677","targetHints":{"allow":["GET"]}}],"collection":[{"href":"https:\/\/cafesg.gob.ar\/cafesg2\/wp-json\/wp\/v2\/posts"}],"about":[{"href":"https:\/\/cafesg.gob.ar\/cafesg2\/wp-json\/wp\/v2\/types\/post"}],"author":[{"embeddable":true,"href":"https:\/\/cafesg.gob.ar\/cafesg2\/wp-json\/wp\/v2\/users\/1"}],"replies":[{"embeddable":true,"href":"https:\/\/cafesg.gob.ar\/cafesg2\/wp-json\/wp\/v2\/comments?post=4677"}],"version-history":[{"count":0,"href":"https:\/\/cafesg.gob.ar\/cafesg2\/wp-json\/wp\/v2\/posts\/4677\/revisions"}],"wp:attachment":[{"href":"https:\/\/cafesg.gob.ar\/cafesg2\/wp-json\/wp\/v2\/media?parent=4677"}],"wp:term":[{"taxonomy":"category","embeddable":true,"href":"https:\/\/cafesg.gob.ar\/cafesg2\/wp-json\/wp\/v2\/categories?post=4677"},{"taxonomy":"post_tag","embeddable":true,"href":"https:\/\/cafesg.gob.ar\/cafesg2\/wp-json\/wp\/v2\/tags?post=4677"}],"curies":[{"name":"wp","href":"https:\/\/api.w.org\/{rel}","templated":true}]}}