 {"id":4674,"date":"2016-04-11T08:02:59","date_gmt":"2016-04-11T11:02:59","guid":{"rendered":"http:\/\/www.cafesg.gob.ar\/web\/?p=4674"},"modified":"2016-04-11T08:02:59","modified_gmt":"2016-04-11T11:02:59","slug":"casanas-destaco-trabajo-articulado-de-cafesg-con-localidades-afectadas-por-el-temporal","status":"publish","type":"post","link":"https:\/\/cafesg.gob.ar\/cafesg2\/casanas-destaco-trabajo-articulado-de-cafesg-con-localidades-afectadas-por-el-temporal\/","title":{"rendered":"Casa\u00f1as destac\u00f3 trabajo articulado de CAFESG con localidades afectadas por el temporal"},"content":{"rendered":"<p><em>Tambi\u00e9n abog\u00f3 por una defensa conjunta de los fondos excedentes de Salto Grande<\/em><\/p>\n<p><a href=\"https:\/\/www.cafesg.gob.ar\/cafesg2\/wp-content\/uploads\/2016\/04\/Casa\u00f1as-Abril-2016.jpg\"><img loading=\"lazy\" decoding=\"async\" class=\"alignleft wp-image-4675 size-thumbnail\" src=\"https:\/\/www.cafesg.gob.ar\/cafesg2\/wp-content\/uploads\/2016\/04\/Casa\u00f1as-Abril-2016-150x150.jpg\" alt=\"Casa\u00f1as Abril 2016\" width=\"150\" height=\"150\" hspace=\"20\" vspace=\"10\" \/><\/a>El presidente de la Comisi\u00f3n Administradora para el Fondo Especial de Salto Grande (CAFESG), Alejandro Casa\u00f1as, estableci\u00f3 contactos con los intendentes de Gerardo Chapino (Federal), Carlos Cecco (Federaci\u00f3n), Pedro Galimberti (Chajar\u00ed), Mario Toler (Santa Ana) y Claudio Baldezari (Villa del Rosario) para informarse de primera mano acerca del estado de situaci\u00f3n despu\u00e9s del fen\u00f3meno meteorol\u00f3gico extraordinario que se registr\u00f3 entresemana, y en paralelo puso a disposici\u00f3n al \u00c1rea T\u00e9cnica del organismo provincial para evaluar in situ el estado de las obras de CAFESG en estas localidades.<\/p>\n<p>La semana entrante Casa\u00f1as mantendr\u00e1 tambi\u00e9n encuentros personales en Concordia con el intendente de Chajar\u00ed, Pedro Galimberti (el martes 12) y el presidente comunal de Santa Ana, Mario Toler (el mi\u00e9rcoles 13). Adem\u00e1s tiene agendada una reuni\u00f3n con el vocal por la oposici\u00f3n elegido por la legislatura provincial, Rub\u00e9n Rafael Rastelli.<\/p>\n<p>Mientras tanto, Casa\u00f1as instruy\u00f3 \u201ca los responsables t\u00e9cnicos para que recorran todas las ciudades afectadas de la zona de incumbencia de CAFESG, a los efectos de revisar cada una de las obras, y ponerse a disposici\u00f3n de los intendentes y funcionarios\u201d, resalt\u00f3.<\/p>\n<p>El titular de CAFESG no ocult\u00f3 su preocupaci\u00f3n por la situaci\u00f3n vivida en los municipios antes mencionados y en funci\u00f3n de ello destac\u00f3 la necesidad de \u201ctrabajar en conjunto\u201d, pero sobre el plaf\u00f3n que representa \u201cla estrecha relaci\u00f3n existente entre los t\u00e9cnicos de CAFESG y los intendentes y funcionarios de los municipios de los departamentos Federaci\u00f3n y Federal\u201d, consider\u00f3.<\/p>\n<p>En ese sentido estim\u00f3 \u201cclave y necesario reforzar el trabajo en equipo, el respaldo mutuo y la labor sin distingos, sin sembrar diferencias entre ciudades, porque el Fondo Especial de Salto Grande es un derecho de la Regi\u00f3n, producto de la lucha mancomunada\u201d, subray\u00f3.<\/p>\n<p>\u201cCAFESG \u2013prosigui\u00f3 Casa\u00f1as en ese orden de ideas\u2013 es una gran herramienta que se logr\u00f3 con lucha, participaci\u00f3n y fundamentalmente uni\u00f3n. Es algo que va m\u00e1s all\u00e1 de los partidos, y de las ciudades, que por m\u00e1s que uno las ame, por sobre todas ellas existe una Regi\u00f3n, donde debemos fomentar la uni\u00f3n, el trabajo conjunto, en cooperaci\u00f3n, con entendimiento y buena fe. Hay muchas personas de nuestros pueblos que desde hace mucho tiempo vienen luchando por Salto Grande y la Regi\u00f3n, sin personalismos, con prudencia, sensatez; y \u00e9se es el ejemplo que debemos seguir\u201d, asever\u00f3.<\/p>\n<p>\u201cTenemos que lograr que Salto Grande genere energ\u00eda con eficiencia y eficacia, que se le abone un justo precio por la energ\u00eda y que se prevean los excedentes en cualquier planificaci\u00f3n, tal como lo indica la ley\u201d, reclam\u00f3 Casa\u00f1as.<\/p>\n<p>\u201cEn definitiva \u2013concluy\u00f3\u2013 debemos honrar el sentido com\u00fan y el cumplimiento de la ley para seguir trabajando todos juntos, como hombres y mujeres del interior que sabemos c\u00f3mo hacerlo, en equipo, para administrar y cuidar CAFESG. En la Regi\u00f3n de Salto Grande somos dignos de tener instituciones como CAFESG, que no quede duda alguna de ello\u201d, finaliz\u00f3 el presidente del organismo provincial con sede en Concordia.<\/p>\n","protected":false},"excerpt":{"rendered":"<p>Tambi\u00e9n abog\u00f3 por una defensa conjunta de los fondos excedentes de Salto Grande El presidente de la Comisi\u00f3n Administradora para el Fondo Especial de Salto Grande (CAFESG), Alejandro Casa\u00f1as, estableci\u00f3 contactos con los intendentes de Gerardo Chapino (Federal), Carlos Cecco (Federaci\u00f3n), Pedro Galimberti (Chajar\u00ed), Mario Toler (Santa Ana) y Claudio Baldezari (Villa del Rosario) para [&hellip;]<\/p>\n","protected":false},"author":1,"featured_media":0,"comment_status":"open","ping_status":"open","sticky":false,"template":"","format":"standard","meta":{"footnotes":""},"categories":[15],"tags":[],"class_list":["post-4674","post","type-post","status-publish","format-standard","hentry","category-noticias"],"_links":{"self":[{"href":"https:\/\/cafesg.gob.ar\/cafesg2\/wp-json\/wp\/v2\/posts\/4674","targetHints":{"allow":["GET"]}}],"collection":[{"href":"https:\/\/cafesg.gob.ar\/cafesg2\/wp-json\/wp\/v2\/posts"}],"about":[{"href":"https:\/\/cafesg.gob.ar\/cafesg2\/wp-json\/wp\/v2\/types\/post"}],"author":[{"embeddable":true,"href":"https:\/\/cafesg.gob.ar\/cafesg2\/wp-json\/wp\/v2\/users\/1"}],"replies":[{"embeddable":true,"href":"https:\/\/cafesg.gob.ar\/cafesg2\/wp-json\/wp\/v2\/comments?post=4674"}],"version-history":[{"count":0,"href":"https:\/\/cafesg.gob.ar\/cafesg2\/wp-json\/wp\/v2\/posts\/4674\/revisions"}],"wp:attachment":[{"href":"https:\/\/cafesg.gob.ar\/cafesg2\/wp-json\/wp\/v2\/media?parent=4674"}],"wp:term":[{"taxonomy":"category","embeddable":true,"href":"https:\/\/cafesg.gob.ar\/cafesg2\/wp-json\/wp\/v2\/categories?post=4674"},{"taxonomy":"post_tag","embeddable":true,"href":"https:\/\/cafesg.gob.ar\/cafesg2\/wp-json\/wp\/v2\/tags?post=4674"}],"curies":[{"name":"wp","href":"https:\/\/api.w.org\/{rel}","templated":true}]}}