 {"id":4660,"date":"2016-04-04T10:24:54","date_gmt":"2016-04-04T13:24:54","guid":{"rendered":"http:\/\/www.cafesg.gob.ar\/web\/?p=4660"},"modified":"2016-04-04T10:24:54","modified_gmt":"2016-04-04T13:24:54","slug":"cafesg-y-caritas-renovaron-su-compromiso-de-trabajar-juntas-por-el-desarrollo-humano-y-social","status":"publish","type":"post","link":"https:\/\/cafesg.gob.ar\/cafesg2\/cafesg-y-caritas-renovaron-su-compromiso-de-trabajar-juntas-por-el-desarrollo-humano-y-social\/","title":{"rendered":"CAFESG y C\u00e1ritas renovaron su compromiso de trabajar juntas por el desarrollo humano y social"},"content":{"rendered":"<p><em>Casa\u00f1as y Petel\u00edn firmaron un nuevo convenio con una extensi\u00f3n de 4 a\u00f1os<\/em><\/p>\n<p>La Comisi\u00f3n Administradora para el Fondo Especial de Salto Grande (CAFESG) y C\u00e1ritas Diocesana Concordia firmaron un nuevo Acuerdo Marco de Cooperaci\u00f3n para dar continuidad al Programa \u201cConfianza en el Futuro\u201d, una enriquecedora experiencia que comprende estrategias conjuntas de Promoci\u00f3n Social, Contenci\u00f3n Familiar y Capacitaci\u00f3n Laboral, que ambas instituciones impulsan desde el a\u00f1o 2009.<\/p>\n<p>El acto de r\u00fabrica tuvo lugar en el Sal\u00f3n de Actos de CAFESG y cont\u00f3 con la presencia del Presidente del organismo provincial, Alejandro Casa\u00f1as, y el Vicepresidente de C\u00e1ritas, presb\u00edtero Daniel Petel\u00edn. Asisti\u00f3 tambi\u00e9n el vocal de CAFESG Diego Lascurain.<\/p>\n<p>\u201cConfianza en el Futuro\u201d constituye un conjunto de acciones de cooperaci\u00f3n y asistencia t\u00e9cnica para la capacitaci\u00f3n laboral, promoci\u00f3n social y contenci\u00f3n familiar de miembros de comunidades carecientes de recursos, mediante la implementaci\u00f3n de Talleres que atienden sus inquietudes, promoviendo una salida laboral con inclusi\u00f3n en el medio.<\/p>\n<p>Los talleres del Programa \u2013que se realizan en capillas, parroquias, escuelas y centros de jubilados\u2013 se fundamentan en la necesidad de dar respuesta a las demandas\u00a0 manifestadas por los propios destinatarios y las comunidades donde habitan.<\/p>\n<p><a href=\"https:\/\/www.cafesg.gob.ar\/cafesg2\/wp-content\/uploads\/2016\/04\/Firma-con-C\u00e1ritas-2016-1.jpg\"><img loading=\"lazy\" decoding=\"async\" class=\"alignnone size-thumbnail wp-image-4661\" src=\"https:\/\/www.cafesg.gob.ar\/cafesg2\/wp-content\/uploads\/2016\/04\/Firma-con-C\u00e1ritas-2016-1-150x150.jpg\" alt=\"Firma con C\u00e1ritas 2016 (1)\" width=\"150\" height=\"150\" \/><\/a> <a href=\"https:\/\/www.cafesg.gob.ar\/cafesg2\/wp-content\/uploads\/2016\/04\/Firma-con-C\u00e1ritas-2016-2.jpg\"><img loading=\"lazy\" decoding=\"async\" class=\"alignnone size-thumbnail wp-image-4662\" src=\"https:\/\/www.cafesg.gob.ar\/cafesg2\/wp-content\/uploads\/2016\/04\/Firma-con-C\u00e1ritas-2016-2-150x150.jpg\" alt=\"Firma con C\u00e1ritas 2016 (2)\" width=\"150\" height=\"150\" \/><\/a> <a href=\"https:\/\/www.cafesg.gob.ar\/cafesg2\/wp-content\/uploads\/2016\/04\/Firma-con-C\u00e1ritas-2016-3.jpg\"><img loading=\"lazy\" decoding=\"async\" class=\"alignnone size-thumbnail wp-image-4663\" src=\"https:\/\/www.cafesg.gob.ar\/cafesg2\/wp-content\/uploads\/2016\/04\/Firma-con-C\u00e1ritas-2016-3-150x150.jpg\" alt=\"Firma con C\u00e1ritas 2016 (3)\" width=\"150\" height=\"150\" \/><\/a> <a href=\"https:\/\/www.cafesg.gob.ar\/cafesg2\/wp-content\/uploads\/2016\/04\/Firma-con-C\u00e1ritas-2016-4.jpg\"><img loading=\"lazy\" decoding=\"async\" class=\"alignnone size-thumbnail wp-image-4664\" src=\"https:\/\/www.cafesg.gob.ar\/cafesg2\/wp-content\/uploads\/2016\/04\/Firma-con-C\u00e1ritas-2016-4-150x150.jpg\" alt=\"Firma con C\u00e1ritas 2016 (4)\" width=\"150\" height=\"150\" \/><\/a><\/p>\n<p><!--more--><\/p>\n<p><strong>CAFESG y el desarrollo humano<\/strong><\/p>\n<p>Al hacer uso de la palabra, Alejandro Casa\u00f1as se\u00f1al\u00f3 que \u201csabemos del significado de este convenio para la Regi\u00f3n y por eso desde el Directorio hemos decidido comenzar con algunas cuestiones concretas que las vamos a ir trabajando; es fundamental que conformemos un equipo donde podamos discutir, pero que tambi\u00e9n podamos comprendernos, ayudarnos a ir buscando todas las alternativas que se van a ir presentando a medida que vayamos generando las actividades contempladas en el acuerdo\u201d, resalt\u00f3.<\/p>\n<p>\u201cEstas actividades \u2013prosigui\u00f3 Casa\u00f1as\u2013 han surgido de lo m\u00e1s profundo de nuestra sociedad y en momentos muy particulares donde la responsabilidad de los liderazgos implica tomar posturas concretas para construir ciudadan\u00eda, y reconstruirla en algunos casos, para llegar a lo m\u00e1s peque\u00f1o y muchas veces a lo m\u00e1s olvidado, y para ir hacia los que tienen que ser centro, base del Estado, pero tambi\u00e9n a la sociedad intermedia y a los simples ciudadanos, en pos de trabajar genuinamente en conjunto\u201d, afirm\u00f3 el titular de CAFESG.<\/p>\n<p>En ese mismo sentido, Casa\u00f1as subray\u00f3 que \u201cpodemos hacer grandes obras, pero si mientras tanto tenemos j\u00f3venes y no tan j\u00f3venes con su vida perdida por el flagelo de las adicciones, de nada vale todo lo que se est\u00e1 haciendo. No s\u00f3lo es importante hacer esa obra, sino tambi\u00e9n el contacto personal, el estar al lado, reconocer lo importante del pr\u00f3jimo, tocarlo, respetarlo, valorarlo, recuperar sus expectativas, el sentido de su vida, que son las prerrogativas con las que los capacitadores de este programa Confianza en el Futuro saldr\u00e1n para el trabajo en campo con sus destinatarios\u201d, indic\u00f3.<\/p>\n<p>\u201cTenemos la certeza \u2013remarc\u00f3 Casa\u00f1as\u2013 que esto tiene una urgencia muy grande y a medida que vayamos trabajando con aquellos a los que les vamos a dar una mano, deberemos reconocer en realidad \u2013humildemente\u2013 que es m\u00e1s lo que vamos a recibir; esto significa reconocer que todos somos iguales, pero tenemos que estar al lado del que m\u00e1s sufre: no podemos perder una persona m\u00e1s. \u00a1No podemos! Debemos darnos una mano con respeto, humildad, cooperaci\u00f3n, y entrega, desde la perspectiva de que somos todos iguales y luchamos contra las injusticias y a favor de la persona humana\u201d, expres\u00f3.<\/p>\n<p>A ese respecto, el titular de CAFESG se\u00f1al\u00f3 que \u201cllegar a una persona para que no se sienta sola y abandonada, es una de las mejores obras que podemos llegar a hacer, y que debemos hacer\u201d.<\/p>\n<p>Por su parte, el padre Daniel Petel\u00edn agradeci\u00f3 por la firma de este convenio, \u201ca todo el Directorio de CAFESG, a los colaboradores que est\u00e1n desde hace a\u00f1os, y a todo el equipo del programa\u201d.<\/p>\n<p>A modo de balance, el cl\u00e9rigo manifest\u00f3 que \u201cson much\u00edsimos los talleres que se han dictado en distintas localidades de la Regi\u00f3n, y el resultado es una mejora en la calidad de vida de las personas, las familias y por lo tanto de la sociedad: cuando se puede mejorar a una persona ya se est\u00e1 ayudando a una familia, y cuando son m\u00e1s de mil los beneficiarios de los talleres, como en este caso, se est\u00e1 ayudando a much\u00edsimas familias a mejorar su calidad de vida\u201d, grafic\u00f3.<\/p>\n<p>Petel\u00edn ponder\u00f3 \u201cla colaboraci\u00f3n mutua con CAFESG\u201d y luego puso sobre relieve que \u201ceste nuevo convenio cuenta con orientaciones a la rehabilitaci\u00f3n en adicciones, un tema que si bien se viene trabajando desde hace tiempo, no estaba espec\u00edficamente contemplado en los convenios anteriores; que se haya incluido en este nuevo acuerdo es relevante porque se trata de uno de los grandes flagelos de nuestra \u00e9poca\u201d, finaliz\u00f3.<\/p>\n<p>\u201cIncorporamos la lucha contra las adicciones \u2013ados\u00f3 Casa\u00f1as\u2013 porque debe ser una prioridad, ya que destruyen desde nuestros gurises a nuestros mayores, y lo hacen sin piedad\u201d, concluy\u00f3.<\/p>\n<p>&nbsp;<\/p>\n<p><strong>Alcances del Programa<\/strong><\/p>\n<p>\u201cConfianza en el Futuro\u201d es una enriquecedora experiencia conjunta que CAFESG y C\u00e1ritas Diocesana Concordia comenzaron a construir a partir del a\u00f1o\u00a0 2009, cuando firmaron un Acuerdo Marco de Cooperaci\u00f3n y Asistencia T\u00e9cnica, que luego renovaron en 2012.<\/p>\n<p>El Programa se fundamenta en la necesidad de dar respuesta a las demandas manifestadas por los propios destinatarios \u2013que habitan en diferentes barrios de Concordia y otras localidades de la Regi\u00f3n de Salto Grande\u2013 registradas en un relevamiento realizado oportunamente por C\u00e1ritas Diocesana Concordia.<\/p>\n<p>Con el dictado de los distintos Talleres \u2013cuyo contenido obedece a estas demandas\u2013 se pretende contribuir a revertir, a mediano plazo, la situaci\u00f3n de marginalidad de los beneficiarios, aportando a su formaci\u00f3n en un oficio o a la adquisici\u00f3n de competencias ocupacionales acordes al mundo laboral actual, fortaleciendo de esa manera su empleabilidad. La meta es generar una inclusi\u00f3n social real, sostenible en el tiempo, y que contribuya a mejorar la calidad de vida de los participantes.<\/p>\n<p>En 2015 se implementan con \u00e9xito 42 Proyectos de Capacitaci\u00f3n, que derivaron en 98 Talleres de diferentes tem\u00e1ticas, que se dictaron en 22 localidades de la Regi\u00f3n de Salto Grande.<\/p>\n","protected":false},"excerpt":{"rendered":"<p>Casa\u00f1as y Petel\u00edn firmaron un nuevo convenio con una extensi\u00f3n de 4 a\u00f1os La Comisi\u00f3n Administradora para el Fondo Especial de Salto Grande (CAFESG) y C\u00e1ritas Diocesana Concordia firmaron un nuevo Acuerdo Marco de Cooperaci\u00f3n para dar continuidad al Programa \u201cConfianza en el Futuro\u201d, una enriquecedora experiencia que comprende estrategias conjuntas de Promoci\u00f3n Social, Contenci\u00f3n [&hellip;]<\/p>\n","protected":false},"author":1,"featured_media":0,"comment_status":"open","ping_status":"open","sticky":false,"template":"","format":"standard","meta":{"footnotes":""},"categories":[15],"tags":[],"class_list":["post-4660","post","type-post","status-publish","format-standard","hentry","category-noticias"],"_links":{"self":[{"href":"https:\/\/cafesg.gob.ar\/cafesg2\/wp-json\/wp\/v2\/posts\/4660","targetHints":{"allow":["GET"]}}],"collection":[{"href":"https:\/\/cafesg.gob.ar\/cafesg2\/wp-json\/wp\/v2\/posts"}],"about":[{"href":"https:\/\/cafesg.gob.ar\/cafesg2\/wp-json\/wp\/v2\/types\/post"}],"author":[{"embeddable":true,"href":"https:\/\/cafesg.gob.ar\/cafesg2\/wp-json\/wp\/v2\/users\/1"}],"replies":[{"embeddable":true,"href":"https:\/\/cafesg.gob.ar\/cafesg2\/wp-json\/wp\/v2\/comments?post=4660"}],"version-history":[{"count":0,"href":"https:\/\/cafesg.gob.ar\/cafesg2\/wp-json\/wp\/v2\/posts\/4660\/revisions"}],"wp:attachment":[{"href":"https:\/\/cafesg.gob.ar\/cafesg2\/wp-json\/wp\/v2\/media?parent=4660"}],"wp:term":[{"taxonomy":"category","embeddable":true,"href":"https:\/\/cafesg.gob.ar\/cafesg2\/wp-json\/wp\/v2\/categories?post=4660"},{"taxonomy":"post_tag","embeddable":true,"href":"https:\/\/cafesg.gob.ar\/cafesg2\/wp-json\/wp\/v2\/tags?post=4660"}],"curies":[{"name":"wp","href":"https:\/\/api.w.org\/{rel}","templated":true}]}}