 {"id":4654,"date":"2016-03-30T07:40:01","date_gmt":"2016-03-30T10:40:01","guid":{"rendered":"http:\/\/www.cafesg.gob.ar\/web\/?p=4654"},"modified":"2016-03-30T07:40:01","modified_gmt":"2016-03-30T10:40:01","slug":"el-directorio-de-cafesg-se-reunio-en-uruguay-con-el-intendente-jose-lauritto","status":"publish","type":"post","link":"https:\/\/cafesg.gob.ar\/cafesg2\/el-directorio-de-cafesg-se-reunio-en-uruguay-con-el-intendente-jose-lauritto\/","title":{"rendered":"El Directorio de CAFESG se reuni\u00f3 en Uruguay con el intendente Jos\u00e9 Lauritto"},"content":{"rendered":"<p><em>Tambi\u00e9n mantuvo encuentros de trabajo con funcionarios de INTA e INTI<\/em><\/p>\n<p>El presidente de la Comisi\u00f3n Administradora para el Fondo Especial de Salto Grande (CAFESG), Alejandro Casa\u00f1as, fue recibido este martes en Concepci\u00f3n del Uruguay por el intendente Jos\u00e9 Eduardo Lauritto.<\/p>\n<p>La m\u00e1xima autoridad del organismo provincial concurri\u00f3 a la entrevista acompa\u00f1ado por los vocales del Directorio, Diego Lascurain, Walter Doronzoro y Oscar Colombo.<\/p>\n<p>Durante la reuni\u00f3n de trabajo \u201cfuimos abordando la situaci\u00f3n de CAFESG y de los proyectos de las obras que se pueden encarar, y fundamentalmente el apoyo a gestiones ante el gobierno nacional\u201d, explic\u00f3 Casa\u00f1as. En tal sentido, se trataron las posibilidades de financiamiento de obras para la ciudad, seg\u00fan las prioridades fijadas por el intendente.<\/p>\n<p>Al respecto, Casa\u00f1as se\u00f1al\u00f3 que \u201ces muy importante el respaldo que el intendente Lauritto y el contador Colombo le dan a CAFESG, porque ellos acompa\u00f1an en la lucha por los fondos de Salto Grande, que sin dudas constituyen una palanca de desarrollo en beneficio y potenciaci\u00f3n de la Regi\u00f3n de la costa del r\u00edo Uruguay\u201d, resalt\u00f3.<\/p>\n<p>Por su parte, el presidente municipal Jos\u00e9 Lauritto destac\u00f3 que el Directorio de CAFESG se haya hecho presente en la ciudad y permitiera mantener una reuni\u00f3n de trabajo y planificaci\u00f3n. \u201cVemos con mucho agrado la disposici\u00f3n para trabajar en conjunto, para nosotros es fundamental potenciar un organismo como CAFESG y que ello redunde en beneficio de los uruguayenses. En ese sentido, hemos hablado de los proyectos para nuestra ciudad, y sin dudas el que m\u00e1s nos interesa y al que pretendemos darle prioridad es al que nos permita continuar con el plan de pavimentaci\u00f3n y asfaltado de m\u00e1s calles en Concepci\u00f3n del Uruguay\u201d, indic\u00f3 el intendente.<\/p>\n<p><a href=\"https:\/\/www.cafesg.gob.ar\/cafesg2\/wp-content\/uploads\/2016\/03\/Reuni\u00f3n-con-Lauritto-1.jpg\"><img loading=\"lazy\" decoding=\"async\" class=\"alignnone size-thumbnail wp-image-4655\" src=\"https:\/\/www.cafesg.gob.ar\/cafesg2\/wp-content\/uploads\/2016\/03\/Reuni\u00f3n-con-Lauritto-1-150x150.jpg\" alt=\"Reuni\u00f3n con Lauritto (1)\" width=\"150\" height=\"150\" \/><\/a> <a href=\"https:\/\/www.cafesg.gob.ar\/cafesg2\/wp-content\/uploads\/2016\/03\/Reuni\u00f3n-con-Lauritto-2.jpg\"><img loading=\"lazy\" decoding=\"async\" class=\"alignnone size-thumbnail wp-image-4656\" src=\"https:\/\/www.cafesg.gob.ar\/cafesg2\/wp-content\/uploads\/2016\/03\/Reuni\u00f3n-con-Lauritto-2-150x150.jpg\" alt=\"Reuni\u00f3n con Lauritto (2)\" width=\"150\" height=\"150\" \/><\/a> <a href=\"https:\/\/www.cafesg.gob.ar\/cafesg2\/wp-content\/uploads\/2016\/03\/Reuni\u00f3n-con-Lauritto-3.jpg\"><img loading=\"lazy\" decoding=\"async\" class=\"alignnone size-thumbnail wp-image-4657\" src=\"https:\/\/www.cafesg.gob.ar\/cafesg2\/wp-content\/uploads\/2016\/03\/Reuni\u00f3n-con-Lauritto-3-150x150.jpg\" alt=\"Reuni\u00f3n con Lauritto (3)\" width=\"150\" height=\"150\" \/><\/a> <a href=\"https:\/\/www.cafesg.gob.ar\/cafesg2\/wp-content\/uploads\/2016\/03\/Reuniones-con-INTI-e-INTA.jpg\"><img loading=\"lazy\" decoding=\"async\" class=\"alignnone size-thumbnail wp-image-4658\" src=\"https:\/\/www.cafesg.gob.ar\/cafesg2\/wp-content\/uploads\/2016\/03\/Reuniones-con-INTI-e-INTA-150x150.jpg\" alt=\"Reuniones con INTI e INTA\" width=\"150\" height=\"150\" \/><\/a><\/p>\n<p><!--more--><\/p>\n<p><strong>\u201cLa Hist\u00f3rica\u201d en el Directorio<\/strong><\/p>\n<p>Concepci\u00f3n del Uruguay est\u00e1 representada en el directorio de CAFESG a trav\u00e9s del actual secretario de Hacienda de la Municipalidad, contador Oscar Colombo. El funcionario consider\u00f3 que esto facilita \u201cacercar y explicar las necesidades de la ciudad y discutirlas en igualdad con todo el Directorio. Ser de la ciudad nos permite tener una voz m\u00e1s cerca para plantear las necesidades o ir definiendo obras en marcha, u otras que en los pr\u00f3ximos d\u00edas saldr\u00edan definitivamente\u201d, expres\u00f3.<\/p>\n<p>&nbsp;<\/p>\n<p><strong>CAFESG, INTA e INTI<\/strong><\/p>\n<p>El Directorio de CAFESG tambi\u00e9n se reuni\u00f3 con autoridades de INTA e INTI, para evaluar la continuidad de convenios que apuntan al desarrollo regional. El primer encuentro se celebr\u00f3 con Oscar Valentinuz, Director Regional del INTA Entre R\u00edos; Guillermo Meyer, Director de la Estaci\u00f3n Experimental Concordia del INTA; y Sebasti\u00e1n Trupiano, coordinador territorial de esta sede.<\/p>\n<p>Posteriormente, el Directorio de CAFESG se entrevist\u00f3 con Julia Sacco, Directora T\u00e9cnica del INTI Centro Regional Mesopotamia; y su director adjunto, Sebasti\u00e1n Faure. Al respecto, Sacco manifest\u00f3: \u201cQuer\u00edamos que el presidente de CAFESG conociera la realidad de trabajo conjunto que venimos desarrollando y ver las propuestas para este a\u00f1o. En esa l\u00ednea hay un proyecto avanzado y acordamos algunas modificaciones para presentarlo lo antes posible. El v\u00ednculo entre CAFESG e INTI viene desde 2005, y en los \u00faltimos a\u00f1os hemos venido trabajando mancomunadamente en diferentes l\u00edneas, y queremos sumar para este a\u00f1o una nueva l\u00ednea ambiental\u201d, anticip\u00f3 la Directora T\u00e9cnica del INTI.<\/p>\n<p>&nbsp;<\/p>\n","protected":false},"excerpt":{"rendered":"<p>Tambi\u00e9n mantuvo encuentros de trabajo con funcionarios de INTA e INTI El presidente de la Comisi\u00f3n Administradora para el Fondo Especial de Salto Grande (CAFESG), Alejandro Casa\u00f1as, fue recibido este martes en Concepci\u00f3n del Uruguay por el intendente Jos\u00e9 Eduardo Lauritto. La m\u00e1xima autoridad del organismo provincial concurri\u00f3 a la entrevista acompa\u00f1ado por los vocales [&hellip;]<\/p>\n","protected":false},"author":1,"featured_media":0,"comment_status":"open","ping_status":"open","sticky":false,"template":"","format":"standard","meta":{"footnotes":""},"categories":[15],"tags":[],"class_list":["post-4654","post","type-post","status-publish","format-standard","hentry","category-noticias"],"_links":{"self":[{"href":"https:\/\/cafesg.gob.ar\/cafesg2\/wp-json\/wp\/v2\/posts\/4654","targetHints":{"allow":["GET"]}}],"collection":[{"href":"https:\/\/cafesg.gob.ar\/cafesg2\/wp-json\/wp\/v2\/posts"}],"about":[{"href":"https:\/\/cafesg.gob.ar\/cafesg2\/wp-json\/wp\/v2\/types\/post"}],"author":[{"embeddable":true,"href":"https:\/\/cafesg.gob.ar\/cafesg2\/wp-json\/wp\/v2\/users\/1"}],"replies":[{"embeddable":true,"href":"https:\/\/cafesg.gob.ar\/cafesg2\/wp-json\/wp\/v2\/comments?post=4654"}],"version-history":[{"count":0,"href":"https:\/\/cafesg.gob.ar\/cafesg2\/wp-json\/wp\/v2\/posts\/4654\/revisions"}],"wp:attachment":[{"href":"https:\/\/cafesg.gob.ar\/cafesg2\/wp-json\/wp\/v2\/media?parent=4654"}],"wp:term":[{"taxonomy":"category","embeddable":true,"href":"https:\/\/cafesg.gob.ar\/cafesg2\/wp-json\/wp\/v2\/categories?post=4654"},{"taxonomy":"post_tag","embeddable":true,"href":"https:\/\/cafesg.gob.ar\/cafesg2\/wp-json\/wp\/v2\/tags?post=4654"}],"curies":[{"name":"wp","href":"https:\/\/api.w.org\/{rel}","templated":true}]}}