 {"id":4628,"date":"2016-03-09T07:20:11","date_gmt":"2016-03-09T10:20:11","guid":{"rendered":"http:\/\/www.cafesg.gob.ar\/web\/?p=4628"},"modified":"2016-03-09T07:20:11","modified_gmt":"2016-03-09T10:20:11","slug":"alejandro-casanas-mantuvo-una-reunion-de-trabajo-con-el-gobernador-gustavo-bordet","status":"publish","type":"post","link":"https:\/\/cafesg.gob.ar\/cafesg2\/alejandro-casanas-mantuvo-una-reunion-de-trabajo-con-el-gobernador-gustavo-bordet\/","title":{"rendered":"Alejandro Casa\u00f1as mantuvo una reuni\u00f3n de trabajo con el gobernador Gustavo Bordet"},"content":{"rendered":"<p><em>El temario incluy\u00f3 fondos excedentes, plan de acci\u00f3n, actividades y presupuesto<\/em><\/p>\n<p>&nbsp;<\/p>\n<p><a href=\"https:\/\/www.cafesg.gob.ar\/cafesg2\/wp-content\/uploads\/2016\/03\/Reuni\u00f3n-Casa\u00f1as-con-Bordet.jpg\"><img loading=\"lazy\" decoding=\"async\" class=\"alignleft wp-image-4629 size-thumbnail\" src=\"https:\/\/www.cafesg.gob.ar\/cafesg2\/wp-content\/uploads\/2016\/03\/Reuni\u00f3n-Casa\u00f1as-con-Bordet-150x150.jpg\" alt=\"Reuni\u00f3n Casa\u00f1as con Bordet\" width=\"150\" height=\"150\" hspace=\"20\" vspace=\"10\" \/><\/a>El gobernador Gustavo Bordet recibi\u00f3 ayer martes en Casa de Gobierno al presidente de la Comisi\u00f3n Administradora para el Fondo Especial de Salto Grande (CAFESG), Alejandro Casa\u00f1as.<\/p>\n<p>El seguimiento de las actividades, el plan de acci\u00f3n y el presupuesto del organismo provincial con sede en Concordia formaron parte del temario abordado durante el encuentro, del que tambi\u00e9n participaron los ministros de Econom\u00eda, Hugo Ballay, y de Planeamiento, Infraestructura y Servicios, Luis Benedetto.<\/p>\n<p>Al t\u00e9rmino de la reuni\u00f3n, Casa\u00f1as consign\u00f3 que \u201cvenimos trabajando en conjunto en todo lo que es el tratamiento con las autoridades nacionales sobre los fondos que recibe la provincia y cuestiones m\u00e1s institucionales como el precio del megavatio hora que se le abona a Salto Grande, el manejo de la represa, la aplicaci\u00f3n de la ley del Fondo Especial de Salto Grande, entre otras normas\u201d, enumer\u00f3 el titular de CAFESG.<\/p>\n<p>La Comisi\u00f3n Administradora para el Fondo Especial de Salto Grande es la encargada de administrar el fondo conformado por los aportes provenientes del excedente derivado de la explotaci\u00f3n del Complejo Hidroel\u00e9ctrico de Salto Grande.<\/p>\n<p>Creada por la Ley Provincial 9140, CAFESG cuenta con un doble sistema de control riguroso.<\/p>\n<p>El presupuesto, as\u00ed como su ejecuci\u00f3n, se aprueban en la Legislatura. En tanto, son elevados al Poder Ejecutivo provincial el Balance General, la Cuenta de Resultado y la Memoria del Ejercicio para su publicaci\u00f3n en el Bolet\u00edn Oficial de Entre R\u00edos.<\/p>\n<p>El plan de obras, por su parte, debe ser aprobado por la Naci\u00f3n, en el Ministerio de Econom\u00eda.<\/p>\n<p>Asimismo CAFESG es controlada a nivel nacional por la Secretar\u00eda de Energ\u00eda, la Subsecretaria de Relaciones con las Provincias, la Direcci\u00f3n de Relaciones Fiscales con las Provincias, y la Sindicatura General de la Naci\u00f3n.<\/p>\n<p>A nivel Provincial es auditada por la Contadur\u00eda General de la Provincia, la Direcci\u00f3n de Presupuesto, el Tribunal de Cuentas y la Comisi\u00f3n Bicameral.<\/p>\n","protected":false},"excerpt":{"rendered":"<p>El temario incluy\u00f3 fondos excedentes, plan de acci\u00f3n, actividades y presupuesto &nbsp; El gobernador Gustavo Bordet recibi\u00f3 ayer martes en Casa de Gobierno al presidente de la Comisi\u00f3n Administradora para el Fondo Especial de Salto Grande (CAFESG), Alejandro Casa\u00f1as. El seguimiento de las actividades, el plan de acci\u00f3n y el presupuesto del organismo provincial con [&hellip;]<\/p>\n","protected":false},"author":1,"featured_media":0,"comment_status":"open","ping_status":"open","sticky":false,"template":"","format":"standard","meta":{"footnotes":""},"categories":[15],"tags":[],"class_list":["post-4628","post","type-post","status-publish","format-standard","hentry","category-noticias"],"_links":{"self":[{"href":"https:\/\/cafesg.gob.ar\/cafesg2\/wp-json\/wp\/v2\/posts\/4628","targetHints":{"allow":["GET"]}}],"collection":[{"href":"https:\/\/cafesg.gob.ar\/cafesg2\/wp-json\/wp\/v2\/posts"}],"about":[{"href":"https:\/\/cafesg.gob.ar\/cafesg2\/wp-json\/wp\/v2\/types\/post"}],"author":[{"embeddable":true,"href":"https:\/\/cafesg.gob.ar\/cafesg2\/wp-json\/wp\/v2\/users\/1"}],"replies":[{"embeddable":true,"href":"https:\/\/cafesg.gob.ar\/cafesg2\/wp-json\/wp\/v2\/comments?post=4628"}],"version-history":[{"count":0,"href":"https:\/\/cafesg.gob.ar\/cafesg2\/wp-json\/wp\/v2\/posts\/4628\/revisions"}],"wp:attachment":[{"href":"https:\/\/cafesg.gob.ar\/cafesg2\/wp-json\/wp\/v2\/media?parent=4628"}],"wp:term":[{"taxonomy":"category","embeddable":true,"href":"https:\/\/cafesg.gob.ar\/cafesg2\/wp-json\/wp\/v2\/categories?post=4628"},{"taxonomy":"post_tag","embeddable":true,"href":"https:\/\/cafesg.gob.ar\/cafesg2\/wp-json\/wp\/v2\/tags?post=4628"}],"curies":[{"name":"wp","href":"https:\/\/api.w.org\/{rel}","templated":true}]}}