 {"id":4610,"date":"2016-02-26T12:39:24","date_gmt":"2016-02-26T15:39:24","guid":{"rendered":"http:\/\/www.cafesg.gob.ar\/web\/?p=4610"},"modified":"2016-02-26T12:39:24","modified_gmt":"2016-02-26T15:39:24","slug":"autoridades-de-cafesg-se-reunieron-con-intendentes-del-departamento-concordia","status":"publish","type":"post","link":"https:\/\/cafesg.gob.ar\/cafesg2\/autoridades-de-cafesg-se-reunieron-con-intendentes-del-departamento-concordia\/","title":{"rendered":"Autoridades de CAFESG se reunieron con intendentes del Departamento Concordia"},"content":{"rendered":"<p><em>Trabajo conjunto con jefes comunales y legisladores provinciales en defensa de los excedentes<\/em><\/p>\n<p>Esta ma\u00f1ana se llev\u00f3 a cabo en la sede de CAFESG una reuni\u00f3n de trabajo con los intendentes de las distintas localidades del Departamento Concordia. El encuentro fue encabezado por el presidente del organismo provincial, Alejandro Casa\u00f1as, a quien acompa\u00f1aron los vocales Walter Doronzoro y Diego Lascurain. Tambi\u00e9n asistieron el senador provincial Angel Giano; el coordinador de Proyectos de Obras de CAFESG, Gustavo Larenze; y los intendentes Fabi\u00e1n Cevey (Puerto Yeru\u00e1), Edgardo Almada (Colonia Ayu\u00ed) y Gabriel Panozo Z\u00e9nere (Los Charr\u00faas); y el secretario de Gobierno de La Criolla, Ariel Stuker, en representaci\u00f3n del intendente Nicol\u00e1s Pasarello.<\/p>\n<p>Al t\u00e9rmino del encuentro Casa\u00f1as manifest\u00f3 que \u201cnuestra idea es trabajar en forma mancomunada junto a los intendentes y legisladores del Departamento, para que juntos podamos cuidar y gestionar los fondos de una gran instituci\u00f3n como CAFESG, que es patrimonio de toda la Regi\u00f3n de Salto Grande\u201d, resalt\u00f3.<\/p>\n<p>\u201cCAFESG \u2013prosigui\u00f3 Casa\u00f1as\u2013 es un organismo para aglutinar voluntades, para trabajar inteligentemente, y demostrarle a la sociedad que sabemos administrar los fondos que le son destinados\u201d, indic\u00f3.<\/p>\n<p>Por su parte, el intendente de Puerto Yeru\u00e1, Fabi\u00e1n Cevey, evalu\u00f3 que la reuni\u00f3n \u201cfue muy positiva, le pudimos plantear al nuevo presidente y a las autoridades que lo acompa\u00f1an c\u00f3mo ven\u00edamos trabajando con CAFESG, y eso fue importante para nosotros\u201d, ponder\u00f3.<\/p>\n<p>\u201cTodos nos llevamos una idea positiva de lo que ha sido la reuni\u00f3n porque hemos podido expresarnos y escuchar lo que ten\u00eda para decir el presidente Alejandro Casa\u00f1as, as\u00ed que vamos a seguir trabajando asociadamente con este organismo, en forma conjunta y articulada con Obras P\u00fablicas de la Provincia. En definitiva, empezamos bien encaminados: todos estamos de acuerdo en la metodolog\u00eda de trabajo a poner en pr\u00e1ctica\u201d, concluy\u00f3 el titular del Ejecutivo de Puerto Yeru\u00e1.<\/p>\n<p>En tanto, el Jefe comunal de Colonia Ayu\u00ed, Edgardo Almada, coincidi\u00f3 en se\u00f1alar que \u201cla reuni\u00f3n fue muy productiva porque ahora sabemos c\u00f3mo va a funcionar CAFESG, y cu\u00e1les son nuestras expectativas de cara al futuro, en materia de Obras P\u00fablicas y Desarrollo Regional\u201d.<\/p>\n<p>Queda claro que esta primera reuni\u00f3n de trabajo, que se desarroll\u00f3 en t\u00e9rminos sinceros y directos \u2013con planteo de cuestiones concretas en forma respetuosa\u2013, dej\u00f3 conformes a todos los presentes.<\/p>\n<p><a href=\"https:\/\/www.cafesg.gob.ar\/cafesg2\/wp-content\/uploads\/2016\/02\/Reuni\u00f3n-intendentes-Dpto.-Concordia-1.jpg\"><img loading=\"lazy\" decoding=\"async\" class=\"alignnone size-thumbnail wp-image-4611\" src=\"https:\/\/www.cafesg.gob.ar\/cafesg2\/wp-content\/uploads\/2016\/02\/Reuni\u00f3n-intendentes-Dpto.-Concordia-1-150x150.jpg\" alt=\"Reuni\u00f3n intendentes Dpto. Concordia (1)\" width=\"150\" height=\"150\" \/><\/a> <a href=\"https:\/\/www.cafesg.gob.ar\/cafesg2\/wp-content\/uploads\/2016\/02\/Reuni\u00f3n-intendentes-Dpto.-Concordia-2.jpg\"><img loading=\"lazy\" decoding=\"async\" class=\"alignnone size-thumbnail wp-image-4612\" src=\"https:\/\/www.cafesg.gob.ar\/cafesg2\/wp-content\/uploads\/2016\/02\/Reuni\u00f3n-intendentes-Dpto.-Concordia-2-150x150.jpg\" alt=\"Reuni\u00f3n intendentes Dpto. Concordia (2)\" width=\"150\" height=\"150\" \/><\/a> <a href=\"https:\/\/www.cafesg.gob.ar\/cafesg2\/wp-content\/uploads\/2016\/02\/Reuni\u00f3n-intendentes-Dpto.-Concordia-3.jpg\"><img loading=\"lazy\" decoding=\"async\" class=\"alignnone size-thumbnail wp-image-4613\" src=\"https:\/\/www.cafesg.gob.ar\/cafesg2\/wp-content\/uploads\/2016\/02\/Reuni\u00f3n-intendentes-Dpto.-Concordia-3-150x150.jpg\" alt=\"Reuni\u00f3n intendentes Dpto. Concordia (3)\" width=\"150\" height=\"150\" \/><\/a> <a href=\"https:\/\/www.cafesg.gob.ar\/cafesg2\/wp-content\/uploads\/2016\/02\/Reuni\u00f3n-intendentes-Dpto.-Concordia-4.jpg\"><img loading=\"lazy\" decoding=\"async\" class=\"alignnone size-thumbnail wp-image-4614\" src=\"https:\/\/www.cafesg.gob.ar\/cafesg2\/wp-content\/uploads\/2016\/02\/Reuni\u00f3n-intendentes-Dpto.-Concordia-4-150x150.jpg\" alt=\"Reuni\u00f3n intendentes Dpto. Concordia (4)\" width=\"150\" height=\"150\" \/><\/a><\/p>\n","protected":false},"excerpt":{"rendered":"<p>Trabajo conjunto con jefes comunales y legisladores provinciales en defensa de los excedentes Esta ma\u00f1ana se llev\u00f3 a cabo en la sede de CAFESG una reuni\u00f3n de trabajo con los intendentes de las distintas localidades del Departamento Concordia. El encuentro fue encabezado por el presidente del organismo provincial, Alejandro Casa\u00f1as, a quien acompa\u00f1aron los vocales [&hellip;]<\/p>\n","protected":false},"author":1,"featured_media":0,"comment_status":"open","ping_status":"open","sticky":false,"template":"","format":"standard","meta":{"footnotes":""},"categories":[15],"tags":[],"class_list":["post-4610","post","type-post","status-publish","format-standard","hentry","category-noticias"],"_links":{"self":[{"href":"https:\/\/cafesg.gob.ar\/cafesg2\/wp-json\/wp\/v2\/posts\/4610","targetHints":{"allow":["GET"]}}],"collection":[{"href":"https:\/\/cafesg.gob.ar\/cafesg2\/wp-json\/wp\/v2\/posts"}],"about":[{"href":"https:\/\/cafesg.gob.ar\/cafesg2\/wp-json\/wp\/v2\/types\/post"}],"author":[{"embeddable":true,"href":"https:\/\/cafesg.gob.ar\/cafesg2\/wp-json\/wp\/v2\/users\/1"}],"replies":[{"embeddable":true,"href":"https:\/\/cafesg.gob.ar\/cafesg2\/wp-json\/wp\/v2\/comments?post=4610"}],"version-history":[{"count":0,"href":"https:\/\/cafesg.gob.ar\/cafesg2\/wp-json\/wp\/v2\/posts\/4610\/revisions"}],"wp:attachment":[{"href":"https:\/\/cafesg.gob.ar\/cafesg2\/wp-json\/wp\/v2\/media?parent=4610"}],"wp:term":[{"taxonomy":"category","embeddable":true,"href":"https:\/\/cafesg.gob.ar\/cafesg2\/wp-json\/wp\/v2\/categories?post=4610"},{"taxonomy":"post_tag","embeddable":true,"href":"https:\/\/cafesg.gob.ar\/cafesg2\/wp-json\/wp\/v2\/tags?post=4610"}],"curies":[{"name":"wp","href":"https:\/\/api.w.org\/{rel}","templated":true}]}}