 {"id":4578,"date":"2015-10-09T07:38:16","date_gmt":"2015-10-09T10:38:16","guid":{"rendered":"http:\/\/www.cafesg.gob.ar\/web\/?p=4578"},"modified":"2015-10-09T07:38:16","modified_gmt":"2015-10-09T10:38:16","slug":"cafesg-hoy-viernes-se-conoceran-las-ofertas-para-la-obra-de-desagues-pluviales-en-calle-ricardo-rojas","status":"publish","type":"post","link":"https:\/\/cafesg.gob.ar\/cafesg2\/cafesg-hoy-viernes-se-conoceran-las-ofertas-para-la-obra-de-desagues-pluviales-en-calle-ricardo-rojas\/","title":{"rendered":"CAFESG: hoy viernes se conocer\u00e1n las ofertas para la obra de desag\u00fces pluviales en calle Ricardo Rojas"},"content":{"rendered":"<p><em>Los trabajos se realizar\u00e1n en el tramo Bv.Yuquer\u00ed-2 de Abril. Se invertir\u00e1n $1,9 millones<\/em><\/p>\n<p><a href=\"https:\/\/www.cafesg.gob.ar\/cafesg2\/wp-content\/uploads\/2015\/10\/Apertura-Ricardo-Rojas-2.-Foto-Ilustrativa.jpg\"><img loading=\"lazy\" decoding=\"async\" class=\"alignnone size-thumbnail wp-image-4579\" src=\"https:\/\/www.cafesg.gob.ar\/cafesg2\/wp-content\/uploads\/2015\/10\/Apertura-Ricardo-Rojas-2.-Foto-Ilustrativa-150x150.jpg\" alt=\"Apertura Ricardo Rojas 2. Foto Ilustrativa\" width=\"150\" height=\"150\" \/><\/a> <a href=\"https:\/\/www.cafesg.gob.ar\/cafesg2\/wp-content\/uploads\/2015\/10\/Apertura-Ricardo-Rojas-1.-Foto-Ilustrativa.jpg\"><img loading=\"lazy\" decoding=\"async\" class=\"alignnone size-thumbnail wp-image-4580\" src=\"https:\/\/www.cafesg.gob.ar\/cafesg2\/wp-content\/uploads\/2015\/10\/Apertura-Ricardo-Rojas-1.-Foto-Ilustrativa-150x150.jpg\" alt=\"Apertura Ricardo Rojas 1. Foto Ilustrativa\" width=\"150\" height=\"150\" \/><\/a><\/p>\n<p>A las 10 de la ma\u00f1ana de hoy viernes, en la sede central de la Comisi\u00f3n Administradora para el Fondo Especial de Salto Grande (CAFESG), se abrir\u00e1n los sobres que contienen las ofertas de las empresas interesadas en la ejecuci\u00f3n de la obra de desag\u00fces pluviales en calle Ricardo Rojas de Concordia, cuyo presupuesto oficial asciende a la suma de $ 1.851.208.-.<\/p>\n<p>Los trabajos se focalizar\u00e1n en el tramo comprendido entre Bulevar Yuquer\u00ed y calle 2 de Abril, donde se construir\u00e1 un canal cerrado de hormig\u00f3n armado (de 3 metros de ancho por 1,65 de alto) desde el canal existente en la calzada (calle Ricardo Rojas casi Bulevar Yuquer\u00ed) y hasta empalmar con el canal existente en vereda (calle Ricardo Rojas y Calle P\u00fablica N\u00ba 53 \u201cE\u201d).<\/p>\n<p>La obra comprende tambi\u00e9n el empalme a red cloacal sobre Bulevar Yuquer\u00ed y la realizaci\u00f3n de conexiones domiciliarias de agua con sus respectivos empalmes a la red sobre calle Ricardo Rojas.<\/p>\n<p>La empresa adjudicataria deber\u00e1 garantizar la ejecuci\u00f3n y realizaci\u00f3n de todos los trabajos, pruebas y provisi\u00f3n de elementos necesarios para el correcto y seguro funcionamiento de las nuevas instalaciones, y proceder a su correspondiente habilitaci\u00f3n seg\u00fan las normas vigentes.<\/p>\n<p>El plazo de ejecuci\u00f3n de la obra es de 60 d\u00edas corridos, contados a partir de la firma del contrato pertinente.<\/p>\n","protected":false},"excerpt":{"rendered":"<p>Los trabajos se realizar\u00e1n en el tramo Bv.Yuquer\u00ed-2 de Abril. Se invertir\u00e1n $1,9 millones A las 10 de la ma\u00f1ana de hoy viernes, en la sede central de la Comisi\u00f3n Administradora para el Fondo Especial de Salto Grande (CAFESG), se abrir\u00e1n los sobres que contienen las ofertas de las empresas interesadas en la ejecuci\u00f3n de [&hellip;]<\/p>\n","protected":false},"author":1,"featured_media":0,"comment_status":"open","ping_status":"open","sticky":false,"template":"","format":"standard","meta":{"footnotes":""},"categories":[15],"tags":[],"class_list":["post-4578","post","type-post","status-publish","format-standard","hentry","category-noticias"],"_links":{"self":[{"href":"https:\/\/cafesg.gob.ar\/cafesg2\/wp-json\/wp\/v2\/posts\/4578","targetHints":{"allow":["GET"]}}],"collection":[{"href":"https:\/\/cafesg.gob.ar\/cafesg2\/wp-json\/wp\/v2\/posts"}],"about":[{"href":"https:\/\/cafesg.gob.ar\/cafesg2\/wp-json\/wp\/v2\/types\/post"}],"author":[{"embeddable":true,"href":"https:\/\/cafesg.gob.ar\/cafesg2\/wp-json\/wp\/v2\/users\/1"}],"replies":[{"embeddable":true,"href":"https:\/\/cafesg.gob.ar\/cafesg2\/wp-json\/wp\/v2\/comments?post=4578"}],"version-history":[{"count":0,"href":"https:\/\/cafesg.gob.ar\/cafesg2\/wp-json\/wp\/v2\/posts\/4578\/revisions"}],"wp:attachment":[{"href":"https:\/\/cafesg.gob.ar\/cafesg2\/wp-json\/wp\/v2\/media?parent=4578"}],"wp:term":[{"taxonomy":"category","embeddable":true,"href":"https:\/\/cafesg.gob.ar\/cafesg2\/wp-json\/wp\/v2\/categories?post=4578"},{"taxonomy":"post_tag","embeddable":true,"href":"https:\/\/cafesg.gob.ar\/cafesg2\/wp-json\/wp\/v2\/tags?post=4578"}],"curies":[{"name":"wp","href":"https:\/\/api.w.org\/{rel}","templated":true}]}}