 {"id":4574,"date":"2015-10-08T08:26:35","date_gmt":"2015-10-08T11:26:35","guid":{"rendered":"http:\/\/www.cafesg.gob.ar\/web\/?p=4574"},"modified":"2015-10-08T08:26:35","modified_gmt":"2015-10-08T11:26:35","slug":"cafesg-participo-con-120-estudiantes-del-cierre-del-programa-jovenes-x-la-memoria-2","status":"publish","type":"post","link":"https:\/\/cafesg.gob.ar\/cafesg2\/cafesg-participo-con-120-estudiantes-del-cierre-del-programa-jovenes-x-la-memoria-2\/","title":{"rendered":"CAFESG particip\u00f3 con 120 estudiantes del cierre del Programa \u201cJ\u00f3venes x la Memoria\u201d"},"content":{"rendered":"<p><em>El \u00c1rea Joven articula la propuesta en instituciones educativas de la Regi\u00f3n de Salto Grande <\/em><\/p>\n<p>En un marco de profunda emoci\u00f3n y alegr\u00eda se realiz\u00f3 el pasado lunes, durante todo el d\u00eda, el cierre de la sexta edici\u00f3n del \u201cPrograma J\u00f3venes x la Memoria\u201d. El Centro Cultural y de Convenciones \u201cLa Vieja Usina\u201d de Paran\u00e1 se vio colmado con un millar de estudiantes y docentes de toda la provincia, quienes compartieron los trabajos que realizaron durante el a\u00f1o como fruto de esta propuesta del Gobierno Provincial.<\/p>\n<p>CAFESG articula \u201cJ\u00f3venes x la Memoria\u201d en la Regi\u00f3n de Salto Grande a trav\u00e9s de su \u00c1rea Joven, que facilit\u00f3 la concurrencia al encuentro con sus proyectos de m\u00e1s de 120 estudiantes de 9 instituciones educativas de nivel medio, con sede en las localidades de Concordia, Chajar\u00ed, San Salvador y Feliciano.<\/p>\n<p>Las presentaciones de los trabajos de todo el a\u00f1o se realizaron en simult\u00e1neo en los diferentes solones del complejo. Los j\u00f3venes trabajaron durante este 2015 en investigaciones que tuvieron como eje central el tema \u201cDictadura C\u00edvico-Militar y Democracia\u201d. Las conclusiones de esas investigaciones fueron plasmadas en presentaciones de murales, videos, dibujos, fotograf\u00edas, obras de teatro y canciones, que mostraron cabalmente el ah\u00ednco y la dedicaci\u00f3n de los j\u00f3venes.<\/p>\n<p>Fue una jornada inolvidable, donde los estudiantes, docentes y la comunidad en general renovaron su fuerte compromiso en pos de salvar del olvido lo inconcluso del pasado.<\/p>\n<p><a href=\"https:\/\/www.cafesg.gob.ar\/cafesg2\/wp-content\/uploads\/2015\/10\/Cierre-J\u00f3venes-por-la-Memoria-2015-2.jpg\"><img loading=\"lazy\" decoding=\"async\" class=\"alignnone size-thumbnail wp-image-4575\" src=\"https:\/\/www.cafesg.gob.ar\/cafesg2\/wp-content\/uploads\/2015\/10\/Cierre-J\u00f3venes-por-la-Memoria-2015-2-150x150.jpg\" alt=\"Cierre J\u00f3venes por la Memoria 2015 (2)\" width=\"150\" height=\"150\" \/><\/a> <a href=\"https:\/\/www.cafesg.gob.ar\/cafesg2\/wp-content\/uploads\/2015\/10\/Cierre-J\u00f3venes-por-la-Memoria-2015-1.jpg\"><img loading=\"lazy\" decoding=\"async\" class=\"alignnone size-thumbnail wp-image-4576\" src=\"https:\/\/www.cafesg.gob.ar\/cafesg2\/wp-content\/uploads\/2015\/10\/Cierre-J\u00f3venes-por-la-Memoria-2015-1-150x150.jpg\" alt=\"Cierre J\u00f3venes por la Memoria 2015 (1)\" width=\"150\" height=\"150\" \/><\/a><\/p>\n<p><!--more--><\/p>\n<p><strong>Escuelas, tem\u00e1ticas y soportes de presentaci\u00f3n<\/strong><\/p>\n<p>La ciudad de Concordia estuvo representada por 5 escuelas:<\/p>\n<p>-\u201cV\u00e9lez Sarsfield\u201d, que present\u00f3 el proyecto \u201cPocho Lepratti\u2026 vida y muerte de un militante social\u201d, a trav\u00e9s de la obra de teatro \u201cEl \u00c1ngel de la Bicicleta\u201d.<\/p>\n<p>-\u201cJorge Luis Borges\u201d, que abord\u00f3 el tema \u201cLos desaparecidos\u201d, a trav\u00e9s del video \u201cLos 21\u201d.<\/p>\n<p>-Normal \u201cDomingo Faustino Sarmiento\u201d, que puso a consideraci\u00f3n una exposici\u00f3n de banners sobre el tema \u201cUniformes en el cole: \u00bfS\u00ed o no?\u201d.<\/p>\n<p>-\u201cGerardo Yoya\u201d, que particip\u00f3 con la proyecci\u00f3n del video \u201cManotazo de ahogado\u201d, sobre el tema \u201cLa Causa Malvinas\u201d.<\/p>\n<p>-\u201cSan Mart\u00edn\u201d, que se dio cita con un video y una canci\u00f3n sobre los temas \u201cLos estudiantes secundarios y la pol\u00edtica entre 1973 y 1976\u201d y \u201cLa Noche de los L\u00e1pices\u201d.<\/p>\n<p>La delegaci\u00f3n de la Regi\u00f3n de Salto Grande que viaj\u00f3 por iniciativa del \u00c1rea Joven de CAFESG estuvo conformada tambi\u00e9n por otras cinco instituciones educativas. Este es el detalle:<\/p>\n<p>-Escuela Agrot\u00e9cnica de Chajar\u00ed, que present\u00f3 el video \u201c\u00bfCu\u00e1l es el imaginario social de los ciudadanos de Chajar\u00ed sobre la \u00faltima dictadura c\u00edvico militar?\u201d.<\/p>\n<p>-Escuela Secundaria N\u00b04 Bicentenario de la Patria, de San Salvador, que expuso cuadros pintados sobre \u201cLos distintos cargos pol\u00edticos de San Salvador (intendente y dem\u00e1s) en la \u00e9poca del proceso\u201d.<\/p>\n<p>-La Escuela N\u00b02 de Feliciano, que public\u00f3 dibujos sobre el tema \u201cEl ayer y el hoy\u201d, una forma de representar la \u00e9poca de la dictadura y el vivir en democracia.<\/p>\n<p>-La Escuela N\u00b07 de Feliciano, que a trav\u00e9s de canciones respondi\u00f3 a la pregunta \u201c\u00bfC\u00f3mo era la participaci\u00f3n de los m\u00fasicos en San Jos\u00e9 de Feliciano durante la dictadura c\u00edvico militar y c\u00f3mo es hoy?\u201d.<\/p>\n<p>&nbsp;<\/p>\n<p><strong>Detalles del Programa<\/strong><\/p>\n<p>\u201cJ\u00f3venes x la Memoria\u201d propone el abordaje de la historia reciente entendiendo que es necesario indagar sobre nuestro pasado para poder comprender cabalmente el presente y, con este criterio, estima que el futuro depende de las acciones que se realizan en el \u201choy\u201d.<\/p>\n<p>El abordaje de la memoria colectiva en las instituciones escolares pretende que los estudiantes sean los que se apropien significativamente de las experiencias pasadas, evitando un relato est\u00e1tico de la historia que se transmita por d\u00e9cadas como un mito irrefutable, con el objetivo de construir memoria como una herramienta de transformaci\u00f3n de la sociedad, de su escuela, de su barrio, procurando que en ese proceso sean los j\u00f3venes los protagonistas y motores de los cambios.<\/p>\n<p>El Programa \u201cJ\u00f3venes x la Memoria\u201d es organizado en conjunto por H.I.J.O.S. Regional Paran\u00e1, AGMER Central, \u00c1rea Joven de CAFESG, la Secretar\u00eda de Derechos Humanos, Salud y Educaci\u00f3n de Paran\u00e1, a trav\u00e9s de su Direcci\u00f3n de la Juventud, y los siguientes organismos del Gobierno de Entre R\u00edos: Ministerio de Cultura y Comunicaci\u00f3n, Consejo General de Educaci\u00f3n, Subsecretar\u00eda de Derechos Humanos, Registro \u00danico de la Verdad y Secretar\u00eda de la Juventud. Tambi\u00e9n cuenta con el fuerte apoyo del Ministerio de Desarrollo Social de la Provincia.<\/p>\n","protected":false},"excerpt":{"rendered":"<p>El \u00c1rea Joven articula la propuesta en instituciones educativas de la Regi\u00f3n de Salto Grande En un marco de profunda emoci\u00f3n y alegr\u00eda se realiz\u00f3 el pasado lunes, durante todo el d\u00eda, el cierre de la sexta edici\u00f3n del \u201cPrograma J\u00f3venes x la Memoria\u201d. El Centro Cultural y de Convenciones \u201cLa Vieja Usina\u201d de Paran\u00e1 [&hellip;]<\/p>\n","protected":false},"author":1,"featured_media":0,"comment_status":"open","ping_status":"open","sticky":false,"template":"","format":"standard","meta":{"footnotes":""},"categories":[15],"tags":[],"class_list":["post-4574","post","type-post","status-publish","format-standard","hentry","category-noticias"],"_links":{"self":[{"href":"https:\/\/cafesg.gob.ar\/cafesg2\/wp-json\/wp\/v2\/posts\/4574","targetHints":{"allow":["GET"]}}],"collection":[{"href":"https:\/\/cafesg.gob.ar\/cafesg2\/wp-json\/wp\/v2\/posts"}],"about":[{"href":"https:\/\/cafesg.gob.ar\/cafesg2\/wp-json\/wp\/v2\/types\/post"}],"author":[{"embeddable":true,"href":"https:\/\/cafesg.gob.ar\/cafesg2\/wp-json\/wp\/v2\/users\/1"}],"replies":[{"embeddable":true,"href":"https:\/\/cafesg.gob.ar\/cafesg2\/wp-json\/wp\/v2\/comments?post=4574"}],"version-history":[{"count":0,"href":"https:\/\/cafesg.gob.ar\/cafesg2\/wp-json\/wp\/v2\/posts\/4574\/revisions"}],"wp:attachment":[{"href":"https:\/\/cafesg.gob.ar\/cafesg2\/wp-json\/wp\/v2\/media?parent=4574"}],"wp:term":[{"taxonomy":"category","embeddable":true,"href":"https:\/\/cafesg.gob.ar\/cafesg2\/wp-json\/wp\/v2\/categories?post=4574"},{"taxonomy":"post_tag","embeddable":true,"href":"https:\/\/cafesg.gob.ar\/cafesg2\/wp-json\/wp\/v2\/tags?post=4574"}],"curies":[{"name":"wp","href":"https:\/\/api.w.org\/{rel}","templated":true}]}}