 {"id":4568,"date":"2015-10-06T08:09:12","date_gmt":"2015-10-06T11:09:12","guid":{"rendered":"http:\/\/www.cafesg.gob.ar\/web\/?p=4568"},"modified":"2015-10-06T08:09:12","modified_gmt":"2015-10-06T11:09:12","slug":"cafesg-y-caritas-concordia-expusieron-el-centenar-de-talleres-barriales-de-su-programa-confianza-en-el-futuro","status":"publish","type":"post","link":"https:\/\/cafesg.gob.ar\/cafesg2\/cafesg-y-caritas-concordia-expusieron-el-centenar-de-talleres-barriales-de-su-programa-confianza-en-el-futuro\/","title":{"rendered":"CAFESG y C\u00e1ritas Concordia expusieron el centenar de talleres barriales de su Programa \u201cConfianza en el Futuro\u201d"},"content":{"rendered":"<p><em>La muestra reuni\u00f3 a 98 experiencias de 18 localidades de la Regi\u00f3n de Salto Grande<\/em><\/p>\n<p>El Centro de Convenciones de Concordia fue escenario de la Expo Talleres del Programa \u201cConfianza en el Futuro\u201d, que impulsan en conjunto la Comisi\u00f3n Administradora para el Fondo Especial de Salto Grande (CAFESG) \u2013a trav\u00e9s de su \u00c1rea de Desarrollo Regional\u2013 y C\u00e1ritas Diocesana Concordia.<\/p>\n<p>\u201cConfianza en el Futuro\u201d constituye un conjunto de acciones de cooperaci\u00f3n y asistencia t\u00e9cnica para la capacitaci\u00f3n laboral, promoci\u00f3n social y contenci\u00f3n familiar de miembros de comunidades carecientes de recursos, mediante la implementaci\u00f3n de Talleres que atienden sus inquietudes, promoviendo una salida laboral con inclusi\u00f3n en el medio.<\/p>\n<p>La Expo fue visitada por m\u00e1s de 2.000 personas y consisti\u00f3 b\u00e1sicamente en una muestra integradora de todo un d\u00eda, de la que participaron los 98 Talleres que se est\u00e1n dictando actualmente en 18 localidades de la Regi\u00f3n de Salto Grande, en el marco del convenio firmado oportunamente por CAFESG y C\u00e1ritas Diocesana.<\/p>\n<p>En el foyer del Centro de Convenciones funcion\u00f3 la \u201cGaler\u00eda de Stands\u201d, donde expusieron sus producciones 38 talleres de diferentes especialidades t\u00e9cnicas, entre las que se pueden citar: Panader\u00eda, Comida saludable, Pastas caseras y comida econ\u00f3mica,\u00a0 Reposter\u00eda, Tejido a dos agujas y crochet, Tejido al telar, Tejido con diferentes g\u00e9neros, Pintura sobre tela y madera, Arte decorativo, Artesan\u00edas, Reparaciones hogare\u00f1as para amas de casa, \u00c1gatas (producci\u00f3n de piedras ornamentales y gemas), Costura, Dise\u00f1o y producci\u00f3n de ropa de casa e indumentaria simple, Corte y confecci\u00f3n, y Producci\u00f3n de cester\u00eda con reciclado de botellas y diarios.<\/p>\n<p>En ese sector tambi\u00e9n mostraron la tarea llevada a cabo los talleres de \u201cViolencia Cero\u201d y de \u201cTchoukball\u201d, y el Programa de Integraci\u00f3n para Adultos Mayores y de la Tercera Edad, denominado \u201cVivir en Plenitud\u201d.<\/p>\n<p>La \u201cGaler\u00eda de Stands\u201d incluy\u00f3 adem\u00e1s una exhibici\u00f3n de im\u00e1genes de la labor desplegada por los 24 Talleres de Contenci\u00f3n Social e Integraci\u00f3n Familiar, los Talleres Deportivos, de Gimnasia para Adultos Mayores, y los Cursos de Capacitaci\u00f3n Laboral y Promoci\u00f3n Social en Computaci\u00f3n para la Inclusi\u00f3n Digital.<\/p>\n<p>En tanto, el interior del Centro de Convenciones de Concordia \u2013en sus tres sectores\u2013 alberg\u00f3 la Muestra de Talleres de Contenci\u00f3n e Integraci\u00f3n Social y\u00a0\u00a0 Promoci\u00f3n de la Cultura, que consisti\u00f3 en un show art\u00edstico donde realizaron sus actuaciones\u00a0 ni\u00f1os, j\u00f3venes, adultos y adultos mayores que concurren a los 36 Talleres que se dictan en Concordia y en distintas localidades de la Regi\u00f3n de Salto Grande.<\/p>\n<p>El espect\u00e1culo incluy\u00f3 diferentes n\u00fameros de m\u00fasica, canto y baile: Danzas Folkl\u00f3ricas, Tango, Ritmos Latinos, Coros de J\u00f3venes y Adultos, Orquestas, Interpretaciones musicales con instrumentos de viento, Guitarras, Ensamble Instrumental y Coro, y Percusi\u00f3n, entre otros.<\/p>\n<p>La Expo Talleres de CAFESG y C\u00e1ritas reuni\u00f3 a delegaciones de Puerto Yeru\u00e1, Arroyo Bar\u00fa, La Clarita, Colonia Hoker, San Jos\u00e9, El Brillante, Ubajay, Clodomiro Ledesma, Paso Gallo, Colonia Los Sauces, Estaci\u00f3n Yuquer\u00ed, Jubileo, San Salvador, Colonia San Ernesto, Benito Leger\u00e9n, Los Charr\u00faas, y La Criolla.<\/p>\n<p>Por su parte, la ciudad de Concordia estuvo representada por grupos provenientes de distintos barrios: N\u00e9bel, Belgrano, Lamadrid, Gruta de Lourdes, Ex-Aeroclub, Constituci\u00f3n Oeste, Isthilart, Villa Adela, Cohelo, Villa Zorraqu\u00edn, La Bianca, Villa Jard\u00edn, Terminal, Gerardo Yoya, San Pantale\u00f3n, Tiro Federal, Almafuerte y Cipo.<\/p>\n<p>La muestra fue visitada por el presidente de CAFESG, Daniel Bes; el primer vocal del Directorio, Angel Giano; el coordinador de Desarrollo Local, Eduardo Guti\u00e9rrez; el Obispo de Concordia y presidente de C\u00e1ritas Diocesana Concordia, Monse\u00f1or Luis Armando Collazoul; el vicepresidente de C\u00e1ritas Diocesana, presb\u00edtero Daniel Petel\u00edn; y la delegada de C\u00e1ritas Nacional, Marit\u00e9 Maldonado.<\/p>\n<p>Tambi\u00e9n concurrieron intendentes y presidentes de Juntas de Gobierno de la Regi\u00f3n de Santo Grande; el senador provincial por el Departamento Col\u00f3n, Oscar Arlettaz; el senador provincial por el Departamento San Salvador, V\u00edctor Hugo Vilhem; y referentes de C\u00e1ritas Diocesana de diferentes localidades de la provincia y del pa\u00eds.<\/p>\n<p><a href=\"https:\/\/www.cafesg.gob.ar\/cafesg2\/wp-content\/uploads\/2015\/10\/Expo-Talleres-CAFESG.C\u00e1ritas-6.jpg\"><img loading=\"lazy\" decoding=\"async\" class=\"alignnone size-thumbnail wp-image-4569\" src=\"https:\/\/www.cafesg.gob.ar\/cafesg2\/wp-content\/uploads\/2015\/10\/Expo-Talleres-CAFESG.C\u00e1ritas-6-150x150.jpg\" alt=\"O\" width=\"150\" height=\"150\" \/><\/a> <a href=\"https:\/\/www.cafesg.gob.ar\/cafesg2\/wp-content\/uploads\/2015\/10\/Expo-Talleres-CAFESG.C\u00e1ritas-1.jpg\"><img loading=\"lazy\" decoding=\"async\" class=\"alignnone size-thumbnail wp-image-4570\" src=\"https:\/\/www.cafesg.gob.ar\/cafesg2\/wp-content\/uploads\/2015\/10\/Expo-Talleres-CAFESG.C\u00e1ritas-1-150x150.jpg\" alt=\"Expo Talleres CAFESG.C\u00e1ritas (1)\" width=\"150\" height=\"150\" \/><\/a> <a href=\"https:\/\/www.cafesg.gob.ar\/cafesg2\/wp-content\/uploads\/2015\/10\/Expo-Talleres-CAFESG.C\u00e1ritas-2.jpg\"><img loading=\"lazy\" decoding=\"async\" class=\"alignnone size-thumbnail wp-image-4571\" src=\"https:\/\/www.cafesg.gob.ar\/cafesg2\/wp-content\/uploads\/2015\/10\/Expo-Talleres-CAFESG.C\u00e1ritas-2-150x150.jpg\" alt=\"Expo Talleres CAFESG.C\u00e1ritas (2)\" width=\"150\" height=\"150\" \/><\/a> <a href=\"https:\/\/www.cafesg.gob.ar\/cafesg2\/wp-content\/uploads\/2015\/10\/Expo-Talleres-CAFESG.C\u00e1ritas-7.jpg\"><img loading=\"lazy\" decoding=\"async\" class=\"alignnone size-thumbnail wp-image-4572\" src=\"https:\/\/www.cafesg.gob.ar\/cafesg2\/wp-content\/uploads\/2015\/10\/Expo-Talleres-CAFESG.C\u00e1ritas-7-150x150.jpg\" alt=\"Expo Talleres CAFESG.C\u00e1ritas (7)\" width=\"150\" height=\"150\" \/><\/a><\/p>\n<p><!--more--><\/p>\n<p><strong>Alcances del Programa<\/strong><\/p>\n<p>\u201cConfianza en el Futuro\u201d es una enriquecedora experiencia conjunta que CAFESG y C\u00e1ritas Diocesana Concordia comenzaron a construir a partir del a\u00f1o\u00a0 2009, cuando firmaron un Acuerdo Marco de Cooperaci\u00f3n y Asistencia T\u00e9cnica, que renovaron en 2012.<\/p>\n<p>El Programa se fundamenta en la necesidad de dar respuesta a las demandas manifestadas por los propios destinatarios \u2013que habitan en diferentes barrios de Concordia y otras localidades de la Regi\u00f3n de Salto Grande\u2013 registradas en un relevamiento realizado oportunamente por C\u00e1ritas Diocesana Concordia.<\/p>\n<p>Con el dictado de los distintos Talleres \u2013cuyo contenido obedece a estas demandas\u2013 se pretende contribuir a revertir, a mediano plazo, la situaci\u00f3n de marginalidad de los beneficiarios, aportando a su formaci\u00f3n en un oficio o a la adquisici\u00f3n de competencias ocupacionales acordes al mundo laboral actual, fortaleciendo de esa manera su empleabilidad. La meta es generar una inclusi\u00f3n social real, sostenible en el tiempo, y que contribuya a mejorar la calidad de vida de los participantes.<\/p>\n<p>Este a\u00f1o se implementan con \u00e9xito 42 Proyectos de Capacitaci\u00f3n, que derivaron en 98 Talleres de diferentes tem\u00e1ticas, que se dictan en 18 localidades de la Regi\u00f3n de Salto Grande.<\/p>\n","protected":false},"excerpt":{"rendered":"<p>La muestra reuni\u00f3 a 98 experiencias de 18 localidades de la Regi\u00f3n de Salto Grande El Centro de Convenciones de Concordia fue escenario de la Expo Talleres del Programa \u201cConfianza en el Futuro\u201d, que impulsan en conjunto la Comisi\u00f3n Administradora para el Fondo Especial de Salto Grande (CAFESG) \u2013a trav\u00e9s de su \u00c1rea de Desarrollo [&hellip;]<\/p>\n","protected":false},"author":1,"featured_media":0,"comment_status":"open","ping_status":"open","sticky":false,"template":"","format":"standard","meta":{"footnotes":""},"categories":[15],"tags":[],"class_list":["post-4568","post","type-post","status-publish","format-standard","hentry","category-noticias"],"_links":{"self":[{"href":"https:\/\/cafesg.gob.ar\/cafesg2\/wp-json\/wp\/v2\/posts\/4568","targetHints":{"allow":["GET"]}}],"collection":[{"href":"https:\/\/cafesg.gob.ar\/cafesg2\/wp-json\/wp\/v2\/posts"}],"about":[{"href":"https:\/\/cafesg.gob.ar\/cafesg2\/wp-json\/wp\/v2\/types\/post"}],"author":[{"embeddable":true,"href":"https:\/\/cafesg.gob.ar\/cafesg2\/wp-json\/wp\/v2\/users\/1"}],"replies":[{"embeddable":true,"href":"https:\/\/cafesg.gob.ar\/cafesg2\/wp-json\/wp\/v2\/comments?post=4568"}],"version-history":[{"count":0,"href":"https:\/\/cafesg.gob.ar\/cafesg2\/wp-json\/wp\/v2\/posts\/4568\/revisions"}],"wp:attachment":[{"href":"https:\/\/cafesg.gob.ar\/cafesg2\/wp-json\/wp\/v2\/media?parent=4568"}],"wp:term":[{"taxonomy":"category","embeddable":true,"href":"https:\/\/cafesg.gob.ar\/cafesg2\/wp-json\/wp\/v2\/categories?post=4568"},{"taxonomy":"post_tag","embeddable":true,"href":"https:\/\/cafesg.gob.ar\/cafesg2\/wp-json\/wp\/v2\/tags?post=4568"}],"curies":[{"name":"wp","href":"https:\/\/api.w.org\/{rel}","templated":true}]}}