 {"id":4542,"date":"2015-09-09T10:57:54","date_gmt":"2015-09-09T13:57:54","guid":{"rendered":"http:\/\/www.cafesg.gob.ar\/web\/?p=4542"},"modified":"2015-09-09T10:57:54","modified_gmt":"2015-09-09T13:57:54","slug":"cafesg-realiza-los-trabajos-finales-de-la-primera-etapa-del-complejo-universitario-de-la-uader-en-concepcion-del-uruguay","status":"publish","type":"post","link":"https:\/\/cafesg.gob.ar\/cafesg2\/cafesg-realiza-los-trabajos-finales-de-la-primera-etapa-del-complejo-universitario-de-la-uader-en-concepcion-del-uruguay\/","title":{"rendered":"CAFESG realiza los trabajos finales de la primera etapa del Complejo Universitario de la UADER en Concepci\u00f3n del Uruguay"},"content":{"rendered":"<p><em>La obra demand\u00f3 una inversi\u00f3n total de $17,8 millones y su grado de avance es del 95%<\/em><\/p>\n<p>El Directorio de la Comisi\u00f3n Administradora para el Fondo Especial de Salto Grande notific\u00f3 un 95% de avance en la primera etapa del edificio que construye en Concepci\u00f3n del Uruguay y que alojar\u00e1 a las facultades de Ciencia y Tecnolog\u00eda, de Ciencias de la Gesti\u00f3n, de Humanidades, Artes y Ciencias Sociales, y a la Coordinaci\u00f3n del Rectorado de la Universidad Aut\u00f3noma de Entre R\u00edos.<\/p>\n<p>El complejo contar\u00e1 con una superficie cubierta de 8.125 metros cuadrados<sup>\u00a0 <\/sup>y se desarrolla en 7 niveles: un subsuelo; un semisubsuelo; una planta baja y cuatro niveles superiores.<\/p>\n<p>El edificio \u2013para el cual CAFESG dispuso una erogaci\u00f3n de 17,8 millones de pesos s\u00f3lo en la primera etapa\u2013 estar\u00e1 conectado verticalmente por tres n\u00facleos circulatorios, formados por escaleras y ascensores, los cuales se vincular\u00e1n a su vez al sistema de circulaci\u00f3n horizontal, que acompa\u00f1a al desarrollo del conjunto.<\/p>\n<p><a href=\"https:\/\/www.cafesg.gob.ar\/cafesg2\/wp-content\/uploads\/2015\/09\/Obra-UADER-Setiembre-2015-1.jpg\"><img loading=\"lazy\" decoding=\"async\" class=\"alignnone size-thumbnail wp-image-4543\" src=\"https:\/\/www.cafesg.gob.ar\/cafesg2\/wp-content\/uploads\/2015\/09\/Obra-UADER-Setiembre-2015-1-150x150.jpg\" alt=\"Obra UADER Setiembre 2015 (1)\" width=\"150\" height=\"150\" \/><\/a> <a href=\"https:\/\/www.cafesg.gob.ar\/cafesg2\/wp-content\/uploads\/2015\/09\/Obra-UADER-Setiembre-2015-2.jpg\"><img loading=\"lazy\" decoding=\"async\" class=\"alignnone size-thumbnail wp-image-4544\" src=\"https:\/\/www.cafesg.gob.ar\/cafesg2\/wp-content\/uploads\/2015\/09\/Obra-UADER-Setiembre-2015-2-150x150.jpg\" alt=\"Obra UADER Setiembre 2015 (2)\" width=\"150\" height=\"150\" \/><\/a> <a href=\"https:\/\/www.cafesg.gob.ar\/cafesg2\/wp-content\/uploads\/2015\/09\/Obra-UADER-Setiembre-2015-3.jpg\"><img loading=\"lazy\" decoding=\"async\" class=\"alignnone size-thumbnail wp-image-4545\" src=\"https:\/\/www.cafesg.gob.ar\/cafesg2\/wp-content\/uploads\/2015\/09\/Obra-UADER-Setiembre-2015-3-150x150.jpg\" alt=\"Obra UADER Setiembre 2015 (3)\" width=\"150\" height=\"150\" \/><\/a> <a href=\"https:\/\/www.cafesg.gob.ar\/cafesg2\/wp-content\/uploads\/2015\/09\/Obra-UADER-Setiembre-2015-4.jpg\"><img loading=\"lazy\" decoding=\"async\" class=\"alignnone size-thumbnail wp-image-4546\" src=\"https:\/\/www.cafesg.gob.ar\/cafesg2\/wp-content\/uploads\/2015\/09\/Obra-UADER-Setiembre-2015-4-150x150.jpg\" alt=\"Obra UADER Setiembre 2015 (4)\" width=\"150\" height=\"150\" \/><\/a><\/p>\n<p><!--more--><\/p>\n<p><strong>Detalles de la obra<\/strong><\/p>\n<p>La UADER decidi\u00f3 concentrar las actividades acad\u00e9micas y administrativas que desarrolla en Concepci\u00f3n del Uruguay en un complejo universitario que construye CAFESG en el predio donde anteriormente funcionaba la Facultad de Ciencia y Tecnolog\u00eda, y que ocupa media manzana entre calles 25 de Mayo, Estrada y Belgrano.<\/p>\n<p>El complejo universitario que levanta CAFESG se estructur\u00f3 en torno a un patio central, que servir\u00e1 tanto como lugar de acceso p\u00fablico, cuanto de expansi\u00f3n del complejo. Este espacio, adem\u00e1s de actuar como transici\u00f3n entre el espacio p\u00fablico de la calle y el privado de la universidad, ser\u00e1 el verdadero coraz\u00f3n del complejo: el lugar de encuentro por excelencia y el polo de atracci\u00f3n del conjunto.<\/p>\n<p>El proyecto se desarroll\u00f3 en siete niveles: un subsuelo; un semi subsuelo; una planta baja y cuatro niveles superiores. Las caracter\u00edsticas del terreno definieron un edificio en forma de \u201cU\u201d, de tres bloques, que acompa\u00f1e las calles aleda\u00f1as y configure en su interior un patio central, que a su vez sirva de cubierta al Aula Magna, que por sus dimensiones y caracter\u00edsticas se ubic\u00f3 en el semi subsuelo.<\/p>\n<p>En el segundo y tercer nivel (\u00c1rea Pedag\u00f3gica) estos bloques estar\u00e1n unidos \u2013en coincidencia con las circulaciones horizontales\u2013 por puentes vidriados, garantizando la continuidad horizontal del sistema circulatorio.<\/p>\n<p>Los accesos principales fueron ubicados sobre calle 25 de Mayo, pero adem\u00e1s hay dos accesos de servicios, sobre calles Estrada y Belgrano, respectivamente.<\/p>\n<p>La diferenciaci\u00f3n de los accesos a sectores bien estructurados, posibilitar\u00e1 desarrollar las actividades sin interferencias. Esta independencia funcional permitir\u00e1, adem\u00e1s, que los sectores operen en d\u00edas y horarios diferentes, sin necesidad de habilitar la totalidad del complejo universitario.<\/p>\n<p>El plan de construcci\u00f3n se desarrolla por etapas. En la primera (con un total de 2.820 metros cuadrados cubiertos), se avanz\u00f3 con la construcci\u00f3n del bloque norte del complejo, sobre calle Belgrano, que alojar\u00e1 sectores de administraci\u00f3n y gobierno, pedag\u00f3gicos y de servicios.<\/p>\n<p>&nbsp;<\/p>\n","protected":false},"excerpt":{"rendered":"<p>La obra demand\u00f3 una inversi\u00f3n total de $17,8 millones y su grado de avance es del 95% El Directorio de la Comisi\u00f3n Administradora para el Fondo Especial de Salto Grande notific\u00f3 un 95% de avance en la primera etapa del edificio que construye en Concepci\u00f3n del Uruguay y que alojar\u00e1 a las facultades de Ciencia [&hellip;]<\/p>\n","protected":false},"author":1,"featured_media":0,"comment_status":"open","ping_status":"open","sticky":false,"template":"","format":"standard","meta":{"footnotes":""},"categories":[15],"tags":[],"class_list":["post-4542","post","type-post","status-publish","format-standard","hentry","category-noticias"],"_links":{"self":[{"href":"https:\/\/cafesg.gob.ar\/cafesg2\/wp-json\/wp\/v2\/posts\/4542","targetHints":{"allow":["GET"]}}],"collection":[{"href":"https:\/\/cafesg.gob.ar\/cafesg2\/wp-json\/wp\/v2\/posts"}],"about":[{"href":"https:\/\/cafesg.gob.ar\/cafesg2\/wp-json\/wp\/v2\/types\/post"}],"author":[{"embeddable":true,"href":"https:\/\/cafesg.gob.ar\/cafesg2\/wp-json\/wp\/v2\/users\/1"}],"replies":[{"embeddable":true,"href":"https:\/\/cafesg.gob.ar\/cafesg2\/wp-json\/wp\/v2\/comments?post=4542"}],"version-history":[{"count":0,"href":"https:\/\/cafesg.gob.ar\/cafesg2\/wp-json\/wp\/v2\/posts\/4542\/revisions"}],"wp:attachment":[{"href":"https:\/\/cafesg.gob.ar\/cafesg2\/wp-json\/wp\/v2\/media?parent=4542"}],"wp:term":[{"taxonomy":"category","embeddable":true,"href":"https:\/\/cafesg.gob.ar\/cafesg2\/wp-json\/wp\/v2\/categories?post=4542"},{"taxonomy":"post_tag","embeddable":true,"href":"https:\/\/cafesg.gob.ar\/cafesg2\/wp-json\/wp\/v2\/tags?post=4542"}],"curies":[{"name":"wp","href":"https:\/\/api.w.org\/{rel}","templated":true}]}}