 {"id":4535,"date":"2015-09-03T08:35:15","date_gmt":"2015-09-03T11:35:15","guid":{"rendered":"http:\/\/www.cafesg.gob.ar\/web\/?p=4535"},"modified":"2015-09-03T08:35:15","modified_gmt":"2015-09-03T11:35:15","slug":"cafesg-avanza-a-buen-ritmo-con-una-obra-de-saneamiento-en-la-localidad-de-herrera","status":"publish","type":"post","link":"https:\/\/cafesg.gob.ar\/cafesg2\/cafesg-avanza-a-buen-ritmo-con-una-obra-de-saneamiento-en-la-localidad-de-herrera\/","title":{"rendered":"CAFESG avanza a buen ritmo con una obra de saneamiento en la localidad de Herrera"},"content":{"rendered":"<p><em>Demandar\u00e1 una inversi\u00f3n total $1,2 millones y tambi\u00e9n mejorar\u00e1 la seguridad vial<\/em><\/p>\n<p>Durante su \u00faltima reuni\u00f3n, el Directorio de la Comisi\u00f3n Administradora para el Fondo Especial de Salto Grande (CAFESG) realiz\u00f3 su habitual actualizaci\u00f3n del grado de avance de todas y cada una de las obras que ejecuta en la Regi\u00f3n de Salto Grande.<\/p>\n<p>De ese informe preparado por la Coordinaci\u00f3n de Obras P\u00fablicas, se desprende que la obra que contempla los tramos 2 y 3 de los trabajos de desag\u00fces pluviales, cordones cuneta y badenes en la localidad de Herrera \u2013Departamento Uruguay\u2013 se ha ejecutado en un 47%.<\/p>\n<p>La obra tiene asignado un presupuesto de $1.211.386,63.- y abarca la construcci\u00f3n de cordones cuneta y badenes que conducir\u00e1n el agua de lluvia en un vasto sector de la planta urbana herrerense.<\/p>\n<p>Los trabajos se desarrollan en calle Hip\u00f3lito Yrigoyen, entre Avenida Dr. Aldo Papa, la calle p\u00fablica perpendicular a \u00e9sta \u2013desde su intersecci\u00f3n con calle Eva Duarte hasta la intersecci\u00f3n con la propia calle Yrigoyen\u2013 y en la Avenida Colectora, sobre Ruta Provincial N\u00b039, desde Avenida Dr. Zumbo hasta la calle p\u00fablica que da ingreso a la Estaci\u00f3n de Servicio de la localidad.<\/p>\n<p>El emprendimiento prev\u00e9 la ejecuci\u00f3n total de 1.880 metros lineales de cordones cuneta y cuatro badenes de ancho variable.<\/p>\n<p>Con esta obra, CAFESG resolver\u00e1 en gran medida el problema de escurrimiento del agua de lluvia en la zona de intervenci\u00f3n y proceder\u00e1 a la correcta delineaci\u00f3n de la Avenida Colectora \u2013una importante mejora en materia de circulaci\u00f3n vehicular\u2013 lo cual redundar\u00e1 en mayor seguridad vial.<\/p>\n<p>El plazo de ejecuci\u00f3n de los trabajos es de 90 d\u00edas corridos.<\/p>\n<p><a href=\"https:\/\/www.cafesg.gob.ar\/cafesg2\/wp-content\/uploads\/2015\/09\/Obra-Herrera-Setiembre-2015-1.jpg\"><img loading=\"lazy\" decoding=\"async\" class=\"alignnone size-thumbnail wp-image-4536\" src=\"https:\/\/www.cafesg.gob.ar\/cafesg2\/wp-content\/uploads\/2015\/09\/Obra-Herrera-Setiembre-2015-1-150x150.jpg\" alt=\"Obra Herrera Setiembre 2015 (1)\" width=\"150\" height=\"150\" \/><\/a> <a href=\"https:\/\/www.cafesg.gob.ar\/cafesg2\/wp-content\/uploads\/2015\/09\/Obra-Herrera-Setiembre-2015-2.jpg\"><img loading=\"lazy\" decoding=\"async\" class=\"alignnone size-thumbnail wp-image-4537\" src=\"https:\/\/www.cafesg.gob.ar\/cafesg2\/wp-content\/uploads\/2015\/09\/Obra-Herrera-Setiembre-2015-2-150x150.jpg\" alt=\"Obra Herrera Setiembre 2015 (2)\" width=\"150\" height=\"150\" \/><\/a> <a href=\"https:\/\/www.cafesg.gob.ar\/cafesg2\/wp-content\/uploads\/2015\/09\/Obra-Herrera-Setiembre-2015-3.jpg\"><img loading=\"lazy\" decoding=\"async\" class=\"alignnone size-thumbnail wp-image-4538\" src=\"https:\/\/www.cafesg.gob.ar\/cafesg2\/wp-content\/uploads\/2015\/09\/Obra-Herrera-Setiembre-2015-3-150x150.jpg\" alt=\"Obra Herrera Setiembre 2015 (3)\" width=\"150\" height=\"150\" \/><\/a> <a href=\"https:\/\/www.cafesg.gob.ar\/cafesg2\/wp-content\/uploads\/2015\/09\/Obra-Herrera-Setiembre-2015-4.jpg\"><img loading=\"lazy\" decoding=\"async\" class=\"alignnone size-thumbnail wp-image-4539\" src=\"https:\/\/www.cafesg.gob.ar\/cafesg2\/wp-content\/uploads\/2015\/09\/Obra-Herrera-Setiembre-2015-4-150x150.jpg\" alt=\"Obra Herrera Setiembre 2015 (4)\" width=\"150\" height=\"150\" \/><\/a><\/p>\n","protected":false},"excerpt":{"rendered":"<p>Demandar\u00e1 una inversi\u00f3n total $1,2 millones y tambi\u00e9n mejorar\u00e1 la seguridad vial Durante su \u00faltima reuni\u00f3n, el Directorio de la Comisi\u00f3n Administradora para el Fondo Especial de Salto Grande (CAFESG) realiz\u00f3 su habitual actualizaci\u00f3n del grado de avance de todas y cada una de las obras que ejecuta en la Regi\u00f3n de Salto Grande. De [&hellip;]<\/p>\n","protected":false},"author":1,"featured_media":0,"comment_status":"open","ping_status":"open","sticky":false,"template":"","format":"standard","meta":{"footnotes":""},"categories":[15],"tags":[],"class_list":["post-4535","post","type-post","status-publish","format-standard","hentry","category-noticias"],"_links":{"self":[{"href":"https:\/\/cafesg.gob.ar\/cafesg2\/wp-json\/wp\/v2\/posts\/4535","targetHints":{"allow":["GET"]}}],"collection":[{"href":"https:\/\/cafesg.gob.ar\/cafesg2\/wp-json\/wp\/v2\/posts"}],"about":[{"href":"https:\/\/cafesg.gob.ar\/cafesg2\/wp-json\/wp\/v2\/types\/post"}],"author":[{"embeddable":true,"href":"https:\/\/cafesg.gob.ar\/cafesg2\/wp-json\/wp\/v2\/users\/1"}],"replies":[{"embeddable":true,"href":"https:\/\/cafesg.gob.ar\/cafesg2\/wp-json\/wp\/v2\/comments?post=4535"}],"version-history":[{"count":0,"href":"https:\/\/cafesg.gob.ar\/cafesg2\/wp-json\/wp\/v2\/posts\/4535\/revisions"}],"wp:attachment":[{"href":"https:\/\/cafesg.gob.ar\/cafesg2\/wp-json\/wp\/v2\/media?parent=4535"}],"wp:term":[{"taxonomy":"category","embeddable":true,"href":"https:\/\/cafesg.gob.ar\/cafesg2\/wp-json\/wp\/v2\/categories?post=4535"},{"taxonomy":"post_tag","embeddable":true,"href":"https:\/\/cafesg.gob.ar\/cafesg2\/wp-json\/wp\/v2\/tags?post=4535"}],"curies":[{"name":"wp","href":"https:\/\/api.w.org\/{rel}","templated":true}]}}