 {"id":4329,"date":"2015-06-09T09:37:40","date_gmt":"2015-06-09T12:37:40","guid":{"rendered":"http:\/\/www.cafesg.gob.ar\/web\/?p=4329"},"modified":"2015-06-09T09:37:40","modified_gmt":"2015-06-09T12:37:40","slug":"prensa-programa-de-capacitacion-educativa-laboral","status":"publish","type":"post","link":"https:\/\/cafesg.gob.ar\/cafesg2\/prensa-programa-de-capacitacion-educativa-laboral\/","title":{"rendered":"PRENSA PROGRAMA DE CAPACITACI\u00d3N\u00a0 EDUCATIVA- LABORAL"},"content":{"rendered":"<p>Proyecto de capacitaci\u00f3n laboral \u201cAGATAS: producci\u00f3n de piedras ornamentales y gemas.<\/p>\n<p><strong>CAFESG y\u00a0 EL MUNICIPIO DE PUERTO YERU\u00c1 \u00a0inician\u00a0 dos \u00a0cursos de capacitaci\u00f3n laboral en Producci\u00f3n de Piedras ornamentales y gemas en \u00a0la localidad de Puerto Yeru\u00e1.<\/strong><\/p>\n<p>EL PROGRAMA:<\/p>\n<p>El Programa\u00a0 propone\u00a0 la formaci\u00f3n integral en el conocimiento y uso racional de los recursos minerales gemol\u00f3gicos\u00a0 del R\u00edo Uruguay.<\/p>\n<p>El yacimiento sedimentario de minerales se extiende por la zona costanera de Concordia y aleda\u00f1os, en una ancha franja paralela al r\u00edo Uruguay proporcion\u00e1ndonos\u00a0 un recurso mineral de gran valor y abundancia.<\/p>\n<p>La riqueza\u00a0 gemol\u00f3gica\u00a0\u00a0 de nuestra\u00a0 zona se manifiesta como un Recurso Mineral\u00a0 de ampl\u00edsimas\u00a0 posibilidades\u00a0 para el desarrollo de la actividad minera orientada a la producci\u00f3n de piedras ornamentales para su aplicaci\u00f3n en arquitectura, decoraci\u00f3n y gemas para artesan\u00edas y joyer\u00eda.<\/p>\n<p>El yacimiento costero, en la actualidad, se explota de manera intensiva, extrayendo la piedra por excavaci\u00f3n y para producir\u00a0 mayoritariamente, materiales para la industria de la construcci\u00f3n, comercializ\u00e1ndose a granel en partidas de alto tonelaje.<\/p>\n<p>En los \u00faltimos 20 a\u00f1os se ha comenzado a usar el mineral como material para la producci\u00f3n de piedras ornamentales, obteni\u00e9ndose el material por recolecci\u00f3n personal\u00a0 o de peque\u00f1os grupos y en cantidades muy limitadas, lo que representa una proporci\u00f3n \u00ednfima en el contexto.<\/p>\n<p>Lo expuesto manifiesta\u00a0 claramente que el aprovechamiento de la riqueza mineral de la zona es casi nulo y, al mismo tiempo, que\u00a0 la explotaci\u00f3n del recurso minero destinado a la producci\u00f3n de\u00a0 piedras ornamentales nos brinda grande posibilidades de crecimiento\u00a0 y desarrollo econ\u00f3mico.<\/p>\n<p>La\u00a0 producci\u00f3n de gemas ornamentales requiere de Recurso humano\u00a0\u00a0 altamente calificado, cosa que solo se puede lograr a trav\u00e9s de una\u00a0 capacitaci\u00f3n espec\u00edfica y \u00fanica que brinde a las personas\u00a0 conocimientos, t\u00e9cnicas y destrezas para la\u00a0\u00a0 recolecci\u00f3n, corte, pulido y formato de gemas, en el reconocimiento y uso de las m\u00e1quinas y herramientas espec\u00edficas a la actividad, en procesos productivos, mercado y comercializaci\u00f3n.<\/p>\n<p>&nbsp;<\/p>\n<ul>\n<li>El Proyecto\u00a0 tiene como antecedente los Cursos de Capacitaci\u00f3n en Corte y Pulido de \u00c1gatas\u00a0\u00a0\u00a0\u00a0 ejecutados\u00a0 con \u00e9xito y gran impacto en la Comunidad de Puerto Yeru\u00e1 durante los\u00a0 a\u00f1os 2013\u00a0 y 2014.<\/li>\n<li>Los\u00a0 Cursos\u00a0 implementados durante los a\u00f1os 2013 y 2014 a modo de experiencia piloto, nos permitieron medir,\u00a0 por un lado, las potencialidades productivas que presenta el sector y que no han sido explotadas en forma sistem\u00e1tica hasta el momento \u00a0y- dado el fuerte impacto en la comunidad- , la pertinencia de la propuesta.<\/li>\n<li>El Proyecto 2015\u00a0 tiene como finalidad\u00a0 completar la Formaci\u00f3n de las Personas que asistieron\u00a0 a los Cursos en a\u00f1os precedentes\u00a0 e incorporar m\u00e1s personas para atender la demanda de la comunidad de Puerto Yeru\u00e1 y zonas aleda\u00f1as,\u00a0 ampliando\u00a0\u00a0\u00a0 la propuesta\u00a0\u00a0 con\u00a0 el objetivo de impulsar el desarrollo de un sector productivo de relevancia\u00a0 como generador de crecimiento econ\u00f3mico y\u00a0 empleo genuino y cuantificable en al Regi\u00f3n.<\/li>\n<li>\u00a0El Proyecto\u00a0 tiene como objetivo general contribuir al desarrollo sustentable de sector promoviendo su competitividad, buenas pr\u00e1cticas de gesti\u00f3n ambiental, la formaci\u00f3n de recurso\u00a0 humano ,la capacitaci\u00f3n\u00a0 en todos los eslabones de la cadena productiva y difusi\u00f3n de la informaci\u00f3n<\/li>\n<li>El curso tiene una duraci\u00f3n de 6 meses, con un encuentro semanal de 5 horas reloj y las clases se desarrollan en la Casa de la Cultura de Puerto Yeru\u00e1.<\/li>\n<\/ul>\n<p>Los interesados podr\u00e1n inscribirse en las oficinas del \u00c1rea de Desarrollo Regional de CAFESG- Mitre y Pellegrini- 2do. Piso &#8211; oficina de\u00a0 Coordinaci\u00f3n de capacitaci\u00f3n Educativa- Laboral \u2013 de lunes a viernes \u00a0en el horario de 8,00 hs a 12,30 hs. Deber\u00e1n concurrir con fotocopia de DNI.<\/p>\n<p>O en Casa de la Cultura de Puerto Yeru\u00e1 en el horario de 8,30 hs a 12,00 hs<\/p>\n<p>CUPO LIMITADO<\/p>\n<p>&nbsp;<\/p>\n<p><strong>Coordinadora de capacitaci\u00f3n Educativa Laboral de CAFESG: Prof. Susana de Ibarra.<\/strong><\/p>\n<p><strong>Tel : 0345-422-7300 \/ 422-3422 Interno 214<\/strong><\/p>\n","protected":false},"excerpt":{"rendered":"<p>Proyecto de capacitaci\u00f3n laboral \u201cAGATAS: producci\u00f3n de piedras ornamentales y gemas. CAFESG y\u00a0 EL MUNICIPIO DE PUERTO YERU\u00c1 \u00a0inician\u00a0 dos \u00a0cursos de capacitaci\u00f3n laboral en Producci\u00f3n de Piedras ornamentales y gemas en \u00a0la localidad de Puerto Yeru\u00e1. EL PROGRAMA: El Programa\u00a0 propone\u00a0 la formaci\u00f3n integral en el conocimiento y uso racional de los recursos minerales [&hellip;]<\/p>\n","protected":false},"author":5,"featured_media":0,"comment_status":"open","ping_status":"open","sticky":false,"template":"","format":"standard","meta":{"footnotes":""},"categories":[297],"tags":[],"class_list":["post-4329","post","type-post","status-publish","format-standard","hentry","category-desarrollo_regiona_2"],"_links":{"self":[{"href":"https:\/\/cafesg.gob.ar\/cafesg2\/wp-json\/wp\/v2\/posts\/4329","targetHints":{"allow":["GET"]}}],"collection":[{"href":"https:\/\/cafesg.gob.ar\/cafesg2\/wp-json\/wp\/v2\/posts"}],"about":[{"href":"https:\/\/cafesg.gob.ar\/cafesg2\/wp-json\/wp\/v2\/types\/post"}],"author":[{"embeddable":true,"href":"https:\/\/cafesg.gob.ar\/cafesg2\/wp-json\/wp\/v2\/users\/5"}],"replies":[{"embeddable":true,"href":"https:\/\/cafesg.gob.ar\/cafesg2\/wp-json\/wp\/v2\/comments?post=4329"}],"version-history":[{"count":0,"href":"https:\/\/cafesg.gob.ar\/cafesg2\/wp-json\/wp\/v2\/posts\/4329\/revisions"}],"wp:attachment":[{"href":"https:\/\/cafesg.gob.ar\/cafesg2\/wp-json\/wp\/v2\/media?parent=4329"}],"wp:term":[{"taxonomy":"category","embeddable":true,"href":"https:\/\/cafesg.gob.ar\/cafesg2\/wp-json\/wp\/v2\/categories?post=4329"},{"taxonomy":"post_tag","embeddable":true,"href":"https:\/\/cafesg.gob.ar\/cafesg2\/wp-json\/wp\/v2\/tags?post=4329"}],"curies":[{"name":"wp","href":"https:\/\/api.w.org\/{rel}","templated":true}]}}