 {"id":4314,"date":"2015-05-20T09:50:46","date_gmt":"2015-05-20T12:50:46","guid":{"rendered":"http:\/\/www.cafesg.gob.ar\/web\/?p=4314"},"modified":"2015-05-20T09:50:46","modified_gmt":"2015-05-20T12:50:46","slug":"visitas-en-el-marco-del-convenio-inta-cafesg-escuela-agrotecnica-gral-san-martin","status":"publish","type":"post","link":"https:\/\/cafesg.gob.ar\/cafesg2\/visitas-en-el-marco-del-convenio-inta-cafesg-escuela-agrotecnica-gral-san-martin\/","title":{"rendered":"Visitas en el marco del convenio INTA-CAFESG: Escuela Agrot\u00e9cnica \u201cGral. San Mart\u00edn\u201d"},"content":{"rendered":"<p>El jueves 14 de mayo, se realiz\u00f3 una visita a la Escuela Agrot\u00e9cnica N\u00ba 24 San Mart\u00edn de la localidad de Concordia. De la misma participaron: Anal\u00eda Vernay, responsable del \u00c1rea no formal; Milagros Casta\u00f1eda, coordinadora del proyecto Red de Escuelas Entre R\u00edos Convenio INTA-CAFESG; y personal de los distintos sectores productivos del establecimiento. Del encuentro surgieron diversos temas y actividades a encarar conjuntamente en el corto plazo, entre ellas:<\/p>\n<p>-Participaci\u00f3n de la escuela en capacitaciones en el marco de la Red de Escuelas: apicultura, horticultura, porcinos.<\/p>\n<p>-Reuni\u00f3n equipo apicultura INTA y docentes de la asignatura apicultura: realizaci\u00f3n de trabajos pr\u00e1cticos con alumnos.<\/p>\n<p>-Reuni\u00f3n con docentes de la asignatura producci\u00f3n forestal, t\u00e9cnicos del \u00e1rea forestal INTA y Forestal Argentina.<\/p>\n<p>-Formulaci\u00f3n y puesta en marcha de Campa\u00f1a de Consumo de Miel en las Escuelas Agrot\u00e9cnicas de Entre R\u00edos, en conjunto con el eje producci\u00f3n de alimentos INTA-CAFESG.<\/p>\n<p>-Participaci\u00f3n de alumnos de 6\u00ba y 7\u00ba a\u00f1o en talleres de emprendedorismo y orientaci\u00f3n profesional, en el marco de la Red de Escuelas.<\/p>\n<p>-Planificaciones de talleres con mujeres y familias del \u00e1mbito circundante a la escuela.<\/p>\n<p>-Intercambio con responsable del \u00e1rea floricultura de la EEA INTA Concordia.<\/p>\n<p>-Pr\u00e1cticas profesionalizantes de alumnos de 7\u00ba a\u00f1o.<\/p>\n<p>Por otra parte, durante la ma\u00f1ana se realiz\u00f3 un recorrido por el predio de la escuela, observando las diversas actividades agropecuarias desarrolladas en el \u00e1mbito de este establecimiento educativo y compartiendo un grato momento con los responsables de cada una de ellas, intercambiando ideas y enriqueciendo propuestas a futuro.<\/p>\n<p><a href=\"https:\/\/www.cafesg.gob.ar\/cafesg2\/wp-content\/uploads\/2015\/05\/Visita-Escuela-Calder\u00f3n.jpg\"><img loading=\"lazy\" decoding=\"async\" class=\"alignnone size-thumbnail wp-image-4315\" src=\"https:\/\/www.cafesg.gob.ar\/cafesg2\/wp-content\/uploads\/2015\/05\/Visita-Escuela-Calder\u00f3n-150x150.jpg\" alt=\"Visita Escuela Calder\u00f3n\" width=\"150\" height=\"150\" \/><\/a> <a href=\"https:\/\/www.cafesg.gob.ar\/cafesg2\/wp-content\/uploads\/2015\/05\/Visita-Escuela-San-Mart\u00edn.jpg\"><img loading=\"lazy\" decoding=\"async\" class=\"alignnone size-thumbnail wp-image-4316\" src=\"https:\/\/www.cafesg.gob.ar\/cafesg2\/wp-content\/uploads\/2015\/05\/Visita-Escuela-San-Mart\u00edn-150x150.jpg\" alt=\"Visita Escuela San Mart\u00edn\" width=\"150\" height=\"150\" \/><\/a><\/p>\n","protected":false},"excerpt":{"rendered":"<p>El jueves 14 de mayo, se realiz\u00f3 una visita a la Escuela Agrot\u00e9cnica N\u00ba 24 San Mart\u00edn de la localidad de Concordia. De la misma participaron: Anal\u00eda Vernay, responsable del \u00c1rea no formal; Milagros Casta\u00f1eda, coordinadora del proyecto Red de Escuelas Entre R\u00edos Convenio INTA-CAFESG; y personal de los distintos sectores productivos del establecimiento. Del [&hellip;]<\/p>\n","protected":false},"author":1,"featured_media":0,"comment_status":"open","ping_status":"open","sticky":false,"template":"","format":"standard","meta":{"footnotes":""},"categories":[297],"tags":[],"class_list":["post-4314","post","type-post","status-publish","format-standard","hentry","category-desarrollo_regiona_2"],"_links":{"self":[{"href":"https:\/\/cafesg.gob.ar\/cafesg2\/wp-json\/wp\/v2\/posts\/4314","targetHints":{"allow":["GET"]}}],"collection":[{"href":"https:\/\/cafesg.gob.ar\/cafesg2\/wp-json\/wp\/v2\/posts"}],"about":[{"href":"https:\/\/cafesg.gob.ar\/cafesg2\/wp-json\/wp\/v2\/types\/post"}],"author":[{"embeddable":true,"href":"https:\/\/cafesg.gob.ar\/cafesg2\/wp-json\/wp\/v2\/users\/1"}],"replies":[{"embeddable":true,"href":"https:\/\/cafesg.gob.ar\/cafesg2\/wp-json\/wp\/v2\/comments?post=4314"}],"version-history":[{"count":0,"href":"https:\/\/cafesg.gob.ar\/cafesg2\/wp-json\/wp\/v2\/posts\/4314\/revisions"}],"wp:attachment":[{"href":"https:\/\/cafesg.gob.ar\/cafesg2\/wp-json\/wp\/v2\/media?parent=4314"}],"wp:term":[{"taxonomy":"category","embeddable":true,"href":"https:\/\/cafesg.gob.ar\/cafesg2\/wp-json\/wp\/v2\/categories?post=4314"},{"taxonomy":"post_tag","embeddable":true,"href":"https:\/\/cafesg.gob.ar\/cafesg2\/wp-json\/wp\/v2\/tags?post=4314"}],"curies":[{"name":"wp","href":"https:\/\/api.w.org\/{rel}","templated":true}]}}