 {"id":4213,"date":"2015-04-22T10:00:40","date_gmt":"2015-04-22T13:00:40","guid":{"rendered":"http:\/\/www.cafesg.gob.ar\/web\/?p=4213"},"modified":"2015-04-22T10:00:40","modified_gmt":"2015-04-22T13:00:40","slug":"programa-confianza-en-el-futuro-caritas-diocesana-c-a-f-e-s-g","status":"publish","type":"post","link":"https:\/\/cafesg.gob.ar\/cafesg2\/programa-confianza-en-el-futuro-caritas-diocesana-c-a-f-e-s-g\/","title":{"rendered":"Programa \u201cCONFIANZA en el FUTURO\u201d \u2013 Caritas Diocesana \u2013 C.A.F.E.S.G.:\u00a0\u00a0"},"content":{"rendered":"<p>Durante el a\u00f1o 2014 se realizaron los siguientes talleres:<\/p>\n<p><strong><em>Cursos implementados con Imputaci\u00f3n Presupuestaria A\u00f1o 2013.-<\/em><\/strong><\/p>\n<p>Cursos comenzados durante 2013 y que finalizaron en 2014.<\/p>\n<p>\u00b7\u00a0\u00a0\u00a0\u00a0\u00a0\u00a0\u00a0\u00a0 Expediente C.O. 000476\/2013; Gimnasia para Adultos- Concordia, E. Rs.<\/p>\n<p>Fecha de inicio: 01\/11\/20123<\/p>\n<p>Fecha de Cierre: 30\/01\/2014<\/p>\n<p>4 Talleres- 60 personas \u2013 4 grupos \u2013 2 Centros de capacitaci\u00f3n<\/p>\n<ul>\n<li>Club Almirante Brown- Osvaldo Magnasco<\/li>\n<li>Sal\u00f3n Belgrano-\u00a0 Barrio Belgrano.<\/li>\n<\/ul>\n<p>\u00b7\u00a0\u00a0\u00a0\u00a0\u00a0\u00a0\u00a0\u00a0 Expediente C.O. 000 187\/2013- Taller de M\u00fasica de los Pueblos Originarios- Concordia-<\/p>\n<p>Fecha de inicio: 01\/06\/2013<\/p>\n<p>Fecha de Cierre: 30\/03\/2013<\/p>\n<p>Receso desde el 20\/12\/2013 al 01\/03\/2014<\/p>\n<p>6 Talleres &#8211; 60 personas\u00a0 en 6 grupos de 10 ni\u00f1os y j\u00f3venes cada uno, en 3 Centros de capacitaci\u00f3n:<\/p>\n<ul>\n<li>Sal\u00f3n de Usos M\u00faltiples- Barrio Villa Jard\u00edn.<\/li>\n<li>Sal\u00f3n Club Atl\u00e9tico y Deportivo La Bianca- Barrio La Bianca<\/li>\n<li>Sal\u00f3n Parroquia San\u00a0 Cayetano- Villa Zorraqu\u00edn<\/li>\n<\/ul>\n<p>\u00b7\u00a0\u00a0\u00a0\u00a0\u00a0\u00a0\u00a0\u00a0 Expediente C.O.000 481\/2013- Curso de Computaci\u00f3n para Adultos- San Salvador<\/p>\n<p>Fecha de Inicio: 01\/11\/2013<\/p>\n<p>Fecha de Cierre: 28\/02\/2014- Receso 01\/01\/2014 a 30\/01\/2014<\/p>\n<p>4 Talleres \u2013 40 personas \u2013 4 grupos de 10 personas cada uno \u2013 1 Centro de Capacitaci\u00f3n<\/p>\n<ul>\n<li>Escuela N\u00ba 45 \u201cF\u00e9lix Meyer \u201c \u2013 San Salvador<\/li>\n<\/ul>\n<p>\u00b7\u00a0\u00a0\u00a0\u00a0\u00a0\u00a0\u00a0\u00a0 Expediente C.O.000 482\/2013- Curso de capacitaci\u00f3n en\u00a0 Corte y Pulido de \u00c1gatas- Puerto Yeru\u00e1, E. R.<\/p>\n<p>Fecha de inicio: 01\/11\/13<\/p>\n<p>Fecha de Cierre: 30\/01\/2014<\/p>\n<p>1 Taller \u2013 06 personas \u2013 1 Centro de capacitaci\u00f3n<\/p>\n<ul>\n<li>La Casa de la Cultura- Puerto Yer\u00faa<\/li>\n<\/ul>\n<p>Cursos\u00a0 implementados por Imputaci\u00f3n Presupuestaria A\u00f1o 2014.-<\/p>\n<p>\u00b7\u00a0\u00a0\u00a0\u00a0\u00a0\u00a0\u00a0\u00a0 Expediente C.O. 000101\/2014-\u00a0 Talleres \u00a0de Danzas Folkl\u00f3ricas Nativas \u2013Concordia (Las Tejas- ), Estaci\u00f3n Yuquer\u00ed ,Colonia Los Sauces y Paso Gallo.<\/p>\n<p>Fecha de inicio: 15\/04\/2014<\/p>\n<p>Fecha de Cierre: 15\/12\/2014<\/p>\n<p>6\u00a0\u00a0\u00a0\u00a0\u00a0\u00a0\u00a0 Talleres \u2013 5 Centros de Capacitaci\u00f3n &#8211;\u00a0 175 personas<\/p>\n<ul>\n<li>Esc. N\u00ba 38 \u201cLuis \u00a0N. Palma\u201d \u2013 Barrio Coelho<\/li>\n<li>Esc. N\u00ba\u00a0 15 \u201c Jos\u00e9 E. Rivera\u201d de Colonia Los Sauces<\/li>\n<li>Sal\u00f3n Capilla\u00a0 San Juan Bautista de Barrio Las Tejas<\/li>\n<li>Sal\u00f3n Capilla \u00a0San Francisco de As\u00eds \u201c &#8211; Estaci\u00f3n Yuquer\u00ed. 2 Talleres &#8211;<\/li>\n<li>Esc. N\u00ba 45 \u201cPancho Ram\u00edrez\u201d \u2013 Paso Gallo<\/li>\n<\/ul>\n<p>\u00b7\u00a0\u00a0\u00a0\u00a0\u00a0\u00a0\u00a0\u00a0 Expediente C.O. 000102\/2014-\u00a0 Curso de Tejido a dos agujas y \u00a0Crochet- \u00a0Concordia \u2013\u00a0 Barrio la Bianca<\/p>\n<p>Fecha de inicio: 20\/04\/2014<\/p>\n<p>Fecha de Cierre: 20\/12\/2014<\/p>\n<p>2\u00a0\u00a0\u00a0\u00a0\u00a0\u00a0\u00a0 Talleres\u00a0 &#8211; 1 Centro de Capacitaci\u00f3n: 36 personas<\/p>\n<ul>\n<li>Sal\u00f3n Parroquia Ntra. Sra. de F\u00e1tima de Barrio La Bianca.<\/li>\n<\/ul>\n<p>\u00b7\u00a0\u00a0\u00a0\u00a0\u00a0\u00a0\u00a0\u00a0 Expediente C.O. 000122\/2014 &#8211; Curso\u00a0 de Corte y Confecci\u00f3n \u2013 \u00a0Concordia \u00a0y Los Charr\u00faas<\/p>\n<p>Fecha de inicio: 01\/05\/2014<\/p>\n<p>Fecha de Cierre: 30\/11\/2014<\/p>\n<p>3 Talleres \u2013 3 Centros de Capacitaci\u00f3n \u2013<\/p>\n<ul>\n<li>Sal\u00f3n de Hogar de Tr\u00e1nsito Caritas- Barrio Pompeya- Concordia<\/li>\n<li>Sal\u00f3n Parroquia San Francisco de As\u00eds- Concordia<\/li>\n<li>SUM Municipal- Los Charr\u00faas<\/li>\n<\/ul>\n<p>&nbsp;<\/p>\n<p>\u00b7\u00a0\u00a0\u00a0\u00a0\u00a0\u00a0\u00a0\u00a0 Expediente C.O. 00092\/2014\u2013 Curso \u00a0de Cer\u00e1mica &#8211; Concordia<\/p>\n<p>Fecha de inicio: Primera Etapa: 01\/07\/2014 al 30\/12\/ 14<\/p>\n<p>Fecha de Cierre: Segunda Etapa: 01\/02\/2015 al 30\/03\/2015<\/p>\n<p>3 Talleres\u00a0 \u00a0\u00a0&#8211; 2 Centros de Capacitaci\u00f3n:<\/p>\n<ul>\n<li>Sal\u00f3n Caritas Belgrano- Barrio Belgrano- Adultos<\/li>\n<li>Sal\u00f3n Caritas Belgrano &#8211; Ni\u00f1os<\/li>\n<li>Sal\u00f3n Parroquia Ntra. Sra. del Carmen- Barrio Villa Adela<\/li>\n<\/ul>\n<p>\u00b7\u00a0\u00a0\u00a0\u00a0\u00a0\u00a0\u00a0\u00a0 Expediente C.O. 000306\/2014\u2013 Taller de Teatro -Concordia<\/p>\n<p>Fecha de inicio: 01\/07\/2014<\/p>\n<p>Fecha de Cierre: 30\/12\/2014<\/p>\n<p>1 Taller &#8211; \u00a01 Centro de capacitaci\u00f3n:<\/p>\n<ul>\n<li>Sal\u00f3n Parroquia San Francisco de As\u00eds- Barrio Constituci\u00f3n Oeste- Concordia<\/li>\n<\/ul>\n<p>\u00b7\u00a0\u00a0\u00a0\u00a0\u00a0\u00a0\u00a0\u00a0 Expediente C.O. 00047\/2014- Curso \u00a0de Pintura sobre Tela y Madera \u2013 \u00a0San Salvador\u00a0 &#8211; Entre R\u00edos<\/p>\n<p>\u00b7\u00a0\u00a0\u00a0\u00a0\u00a0\u00a0\u00a0\u00a0 Fecha de inicio: 01\/03\/2014<\/p>\n<p>\u00b7\u00a0\u00a0\u00a0\u00a0\u00a0\u00a0\u00a0\u00a0 Fecha de Cierre: 30\/11\/2014<\/p>\n<p>2 Talleres &#8211; 1 Centro de Capacitaci\u00f3n- 20 personas<\/p>\n<ul>\n<li>Sal\u00f3n Parroquia. Sta. Teresita del Ni\u00f1o Jes\u00fas- San Salvador<\/li>\n<\/ul>\n<p>\u00b7\u00a0\u00a0\u00a0\u00a0\u00a0\u00a0\u00a0\u00a0 Expediente C.O.00098\/2014 \u2013 Curso \u00a0de Tejido a dos agujas y crochet \u2013 Ubajay \u2013E.R.<\/p>\n<p>Fecha de inicio: 20\/04\/2014<\/p>\n<p>Fecha de Cierre: 20\/12\/2014<\/p>\n<p>2\u00a0\u00a0\u00a0\u00a0\u00a0\u00a0\u00a0 Talleres \u00a0\u00a0\u2013 1 Centro de capacitaci\u00f3n- 29 personas<\/p>\n<ul>\n<li>Sal\u00f3n\u00a0\u00a0 Parroquia Santa In\u00e9s &#8211; Ubajay<\/li>\n<\/ul>\n<p>\u00b7\u00a0\u00a0\u00a0\u00a0\u00a0\u00a0\u00a0\u00a0 Expediente C.O. 0003136\/2014-\u00a0 Curso de Gastronom\u00eda \u2013Cocina Nivel Inicial \u00a0y Cocina Nivel Superior \u2013 Ubajay &#8211; E. R.<\/p>\n<p>Fecha de inicio: 01\/07\/2014<\/p>\n<p>Fecha de Cierre: 30\/11\/2014<\/p>\n<p>4 Talleres \u00a0&#8211; 1 Centro de Capacitaci\u00f3n<\/p>\n<ul>\n<li>Sal\u00f3n \u2013 cocina\u00a0\u00a0 de Dar\u00edo Voeffray &#8211; Las Acacias\u00a0 N\u00ba 45 \u00a0\u00a0&#8211; Ubajay<\/li>\n<\/ul>\n<p>\u00b7\u00a0\u00a0\u00a0\u00a0\u00a0\u00a0\u00a0\u00a0 Expediente C.O. 00049\/2014 &#8211; Curso \u00a0de Cester\u00eda con botellas y diarios reciclados \u2013 San Salvador y General Campos &#8211; \u00a0E.R.<\/p>\n<p>Fecha de inicio: 20\/03\/2014<\/p>\n<p>Fecha de Cierre: 20\/12\/2014<\/p>\n<p>2 Talleres-\u00a0 2 \u00a0Centros \u00a0de Capacitaci\u00f3n<\/p>\n<ul>\n<li>Sal\u00f3n Parroquia Sta. Teresita del Ni\u00f1o Jes\u00fas- San Salvador<\/li>\n<li>Parroquia San Cayetano \u2013 General Campos<\/li>\n<\/ul>\n<p>\u00b7\u00a0\u00a0\u00a0\u00a0\u00a0\u00a0\u00a0\u00a0 Expediente C.O. 000100\/2014 &#8211; Taller de Artesan\u00edas: producci\u00f3n de\u00a0 Objetos Utilitarios con materiales reciclados- Concordia<\/p>\n<p>Fecha de inicio: 15\/04\/2014<\/p>\n<p>Fecha de Cierre: 15\/12\/2014<\/p>\n<p>3 Talleres \u2013 3 Centros de Capacitaci\u00f3n<\/p>\n<ul>\n<li>Sal\u00f3n\u00a0 Caritas Medalla Milagrosa \u2013 Barrio Juan XXIII \u2013 Concordia<\/li>\n<li>Sal\u00f3n Parroquia San Francisco de As\u00eds- Barrio Constituci\u00f3n Oeste- Cdia.<\/li>\n<li>Esc. N\u00ba 45 \u201cPancho Ram\u00edrez\u201d \u2013 Paso Gallo<\/li>\n<\/ul>\n<p>\u00b7\u00a0\u00a0\u00a0\u00a0\u00a0\u00a0\u00a0\u00a0 Expediente C.O. 000157\/2014 &#8211; Taller de Corte y Confecci\u00f3n\u00a0 -Jubileo, E. R.<\/p>\n<p>\u00b7\u00a0\u00a0\u00a0\u00a0\u00a0\u00a0\u00a0\u00a0 Fecha de inicio: 01\/07\/2014<\/p>\n<p>\u00b7\u00a0\u00a0\u00a0\u00a0\u00a0\u00a0\u00a0\u00a0 Fecha de Cierre: 30\/11\/2014<\/p>\n<p>1\u00a0\u00a0\u00a0\u00a0\u00a0\u00a0\u00a0 Talleres &#8211;\u00a0 \u00a01 Centro de Capacitaci\u00f3n<\/p>\n<ul>\n<li>Sal\u00f3n\u00a0 \u00a0Parroquia Ntra. Sra. del Luj\u00e1n \u00a0\u2013 Jubileo<\/li>\n<\/ul>\n<p>\u00b7\u00a0\u00a0\u00a0\u00a0\u00a0\u00a0\u00a0\u00a0 Expediente C.O. 00069\/2014 &#8211; Taller de Gimnasia para Adultos Mayores\u00a0\u00a0 &#8211; San salvador, E. R.<\/p>\n<p>Fecha de inicio: 01\/04\/2014<\/p>\n<p>Fecha de Cierre: 30\/111\/2014 &#8211;\u00a0 El curso finaliz\u00f3 el 30 de octubre por renuncia de la Capacitadora el\u00a0 30 de setiembre del 2014<\/p>\n<p>3\u00a0\u00a0\u00a0\u00a0\u00a0\u00a0\u00a0 Talleres &#8211; \u00a01 Centro de Capacitaci\u00f3n-36 personas<\/p>\n<ul>\n<li>Sal\u00f3n Parroquia Sta. Teresita del Ni\u00f1o Jes\u00fas- San Salvador<\/li>\n<\/ul>\n<p>\u00b7\u00a0\u00a0\u00a0\u00a0\u00a0\u00a0\u00a0\u00a0 Expediente C.O. 000115\/2014 &#8211; Taller de M\u00fasica en Ensamble \u201c- San Salvador, E. R.<\/p>\n<p>Fecha de inicio: 20\/04\/2014<\/p>\n<p>Fecha de Cierre: 20\/12\/2014<\/p>\n<p>4 Talleres &#8211; en 2 Centros de Capacitaci\u00f3n -45 personas<\/p>\n<ul>\n<li>Sal\u00f3n Capilla San Cayetano &#8211; San Salvador<\/li>\n<li>Aulas\u00a0 Parroquia Santa Teresita del Ni\u00f1o Jes\u00fas<\/li>\n<\/ul>\n<p>\u00b7\u00a0\u00a0\u00a0\u00a0\u00a0\u00a0\u00a0\u00a0 Expediente C.O. 00046\/2014 &#8211; Curso de capacitaci\u00f3n en \u00a0\u00a0Reposter\u00eda \u00a0Artesanal \u00a0de Tortas \u00a0y Pastillaje \u2013 \u00a0San Salvador, E. R.<\/p>\n<p>Fecha de inicio: 15\/03\/2014<\/p>\n<p>Fecha de Cierre: 15\/11\/2014<\/p>\n<p>4\u00a0\u00a0\u00a0\u00a0\u00a0\u00a0\u00a0 Talleres &#8211; \u00a0\u00a01 Centro de Capacitaci\u00f3n \u2013 48 personas<\/p>\n<ul>\n<li>Sal\u00f3n Cocina en\u00a0 Parroquia Sta. Teresita del Ni\u00f1o Jes\u00fas- San Salvador<\/li>\n<\/ul>\n<p>\u00b7\u00a0\u00a0\u00a0\u00a0\u00a0\u00a0\u00a0\u00a0 Expediente C.O. 00087\/2014 &#8211; Taller de\u00a0 Arte Decorativo con material Reciclado- Salvador, E. R.<\/p>\n<p>\u00b7\u00a0\u00a0\u00a0\u00a0\u00a0\u00a0\u00a0\u00a0 Fecha de inicio: 01\/04\/2014<\/p>\n<p>\u00b7\u00a0\u00a0\u00a0\u00a0\u00a0\u00a0\u00a0\u00a0 Fecha de Cierre: 30\/11\/2014<\/p>\n<p>1 Taller &#8211; \u00a01 Centro de Capacitaci\u00f3n- 15 personas<\/p>\n<ul>\n<li>Sal\u00f3n Parroquia Sta. Teresita del Ni\u00f1o Jes\u00fas- San Salvador<\/li>\n<\/ul>\n<p>\u00b7\u00a0\u00a0\u00a0\u00a0\u00a0\u00a0\u00a0\u00a0 Expediente C.O. 00086\/2014 &#8211;\u00a0 Curso \u00a0de\u00a0 Tejido al Telar\u00a0 &#8211; Pueblo Caz\u00e9s\/ La Clarita\/ Colonia Hoker \/San Jos\u00e9\/ El Brillante &#8211; \u00a0E. R.<\/p>\n<p>Fecha de inicio: 01\/04\/2014<\/p>\n<p>Fecha de Cierre: 30\/11\/2014<\/p>\n<p>5\u00a0\u00a0\u00a0\u00a0\u00a0\u00a0\u00a0 Talleres \u2013 5 Centros \u00a0de Capacitaci\u00f3n<\/p>\n<ul>\n<li>Sal\u00f3n uso Comunitario \u00a0Bar\u00f3n Hirsch \u2013 Pueblo Caz\u00e9s<\/li>\n<li>Club. Hurac\u00e1n- Colonia Hoker<\/li>\n<li>Centro Cultural La Botica- San Jos\u00e9<\/li>\n<li>Vieja Estaci\u00f3n \u2013 La Clarita<\/li>\n<li>Jard\u00edn Maternal \u2013 El Brillante<\/li>\n<\/ul>\n<p>\u00b7\u00a0\u00a0\u00a0\u00a0\u00a0\u00a0\u00a0\u00a0 Expediente C.O.000 208\/2014 &#8211; Curso de Computaci\u00f3n \u2013 Concordia<\/p>\n<p>Fecha de inicio: 01\/04\/2014<\/p>\n<p>Fecha de Cierre: 30\/11\/2014<\/p>\n<p>2\u00a0\u00a0\u00a0\u00a0\u00a0\u00a0\u00a0 Talleres \u2013 2 Centros de Capacitaci\u00f3n<\/p>\n<ul>\n<li>Sal\u00f3n Hogar de Tr\u00e1nsito Caritas\u00a0 \u2013 Barrio Pompeya<\/li>\n<li>Sal\u00f3n Caritas Barrio Belgrano.<\/li>\n<\/ul>\n<p>\u00b7\u00a0\u00a0\u00a0\u00a0\u00a0\u00a0\u00a0\u00a0 Expediente C.O.000 105\/2014- Curso de Reciclado\u00a0 de prendas de vestir \u00a0y Confecci\u00f3n de ropas para beb\u00e9 \u00a0\u2013 San Salvador, E. R.<\/p>\n<p>Fecha de inicio: 20\/04\/2014<\/p>\n<p>Fecha de Cierre: 20\/12\/2014- Los Cursos finalizaron el 20 de setiembre por renuncia de la Capacitadora.<\/p>\n<p>3 Talleres\u00a0 \u2013 1 Centro de Capacitaci\u00f3n<\/p>\n<ul>\n<li>Sal\u00f3n Parroquia Sta. Teresita del Ni\u00f1o Jes\u00fas<\/li>\n<\/ul>\n<p>\u00b7\u00a0\u00a0\u00a0\u00a0\u00a0\u00a0\u00a0\u00a0 Expediente C.O. 000124\/2014 &#8211; \u00a0\u00a0Taller Comunitario \u201cConstruyendo en\u00a0 mi Barrio \u2013 Barrio Cohelo -Concordia<\/p>\n<p>Fecha de inicio: 20\/04\/2014<\/p>\n<p>Fecha de Cierre: 20\/08\/2014<\/p>\n<p>Extensi\u00f3n: 01\/08\/2014 al 30\/11\/2014<\/p>\n<p>1 Taller \u2013 1 Centro de Capacitaci\u00f3n<\/p>\n<ul>\n<li>Sal\u00f3n Capilla Milagrosa \u2013 Barrio Cohelo<\/li>\n<\/ul>\n<p>\u00b7\u00a0\u00a0\u00a0\u00a0\u00a0\u00a0\u00a0\u00a0 Expediente C. O.\u00a0 00067\/2014 &#8211; Curso de Capacitaci\u00f3n en Costura- Benito Leger\u00e9n<\/p>\n<p>Fecha de inicio: 01\/04\/2014<\/p>\n<p>Fecha de Cierre: 30\/09\/2014<\/p>\n<p>Extensi\u00f3n: 3 meses:\u00a0 01\/10\/2014 al 30\/12\/2014<\/p>\n<p>1 Taller \u2013 1 Centro de Capacitaci\u00f3n<\/p>\n<ul>\n<li>Sal\u00f3n Capilla \u00a0Ntra. Sra. del Luj\u00e1n \u2013 Benito Leger\u00e9n<\/li>\n<\/ul>\n<p>\u00b7\u00a0\u00a0\u00a0\u00a0\u00a0\u00a0\u00a0\u00a0 Expediente C. O. 000128\/2014 \u2013 Curso de Cocina Econ\u00f3mica y Saludable \u2013 Concordia y San Salvador \u2013<\/p>\n<p>Fecha de inicio: 01\/05\/2014<\/p>\n<p>Fecha de Cierre: 30\/11\/2014<\/p>\n<p>3\u00a0 Talleres \u2013 3 \u00a0Centros \u00a0de Capacitaci\u00f3n<\/p>\n<ul>\n<li>Sal\u00f3n cocina\u00a0 Parroquia Santa Teresita del Ni\u00f1o Jes\u00fas- San salvador<\/li>\n<li>Sal\u00f3n Medalla Milagrosa- Barrio Lamadrid- Cdia.<\/li>\n<li>Sal\u00f3n cocina\u00a0 Hogar de Tr\u00e1nsito caritas Pompeya- Cdia.<\/li>\n<\/ul>\n<p>\u00b7\u00a0\u00a0\u00a0\u00a0\u00a0\u00a0\u00a0\u00a0 Expediente C. O.\u00a0 000322\/2014 &#8211;\u00a0\u00a0 &#8211; Curso de Cocina Saludable, pr\u00e1ctica y Econ\u00f3mica- Benito Leger\u00e9n<\/p>\n<p>Fecha de inicio: 01\/08\/2014<\/p>\n<p>Fecha de Cierre: 30\/12\/2014<\/p>\n<p>2 Talleres \u2013 1 Centro de Capacitaci\u00f3n -31 personas<\/p>\n<ul>\n<li>Sal\u00f3n cocina \u00a0Capilla \u00a0Ntra. Sra. del Luj\u00e1n \u2013 Benito Leger\u00e9n.<\/li>\n<\/ul>\n<p>\u00b7\u00a0\u00a0\u00a0\u00a0\u00a0\u00a0\u00a0\u00a0 Expediente C. O.\u00a0 000156\/2014 &#8211;\u00a0\u00a0 -Curso de\u00a0 Capacitaci\u00f3n en Computaci\u00f3n \u2013 San Salvador<\/p>\n<p>Fecha de inicio: 01\/07\/2014<\/p>\n<p>Fecha de Cierre: 30\/12\/2014<\/p>\n<p>2 Talleres \u2013 1 Centro de Capacitaci\u00f3n \u2013 32 personas<\/p>\n<ul>\n<li>Sala de Inform\u00e1tica de la Escuela T\u00e9cnica N\u00ba 45 \u201cBourren Meyer\u201d \u2013 San Salvador<\/li>\n<\/ul>\n<p>\u00b7\u00a0\u00a0\u00a0\u00a0\u00a0\u00a0\u00a0\u00a0 Expediente C. O.\u00a0 000221\/ 2014 &#8211;\u00a0\u00a0 Taller de Bailes de Sal\u00f3n \u2013 San Salvador &#8211;<\/p>\n<p>Fecha de inicio: 01\/07\/2014<\/p>\n<p>Fecha de Cierre: 30\/11\/2014<\/p>\n<p>2 Talleres \u2013 1 Centro de Capacitaci\u00f3n \u2013 50 personas<\/p>\n<ul>\n<li>Sal\u00f3n cocina \u00a0Capilla Itat\u00ed- San Salvador<\/li>\n<\/ul>\n<p>&nbsp;<\/p>\n<p>\u00b7\u00a0\u00a0\u00a0\u00a0\u00a0\u00a0\u00a0\u00a0 Expediente C. O.\u00a0 000157\/ 2014 &#8211;\u00a0\u00a0 Curso de capacitaci\u00f3n en Dise\u00f1o y Producci\u00f3n de Ropa de Casa e Indumentaria Simple \u2013 San Salvador<\/p>\n<p>Fecha de inicio: 01\/06\/2014<\/p>\n<p>Fecha de Cierre: 30\/11\/2014<\/p>\n<p>1 Taller \u2013 1 Centro de Capacitaci\u00f3n \u2013<\/p>\n<ul>\n<li>Sal\u00f3n Parroquia Santa Teresita del Ni\u00f1o Jes\u00fas- San Salvador<\/li>\n<\/ul>\n<p>\u00b7\u00a0\u00a0\u00a0\u00a0\u00a0\u00a0\u00a0\u00a0 Expediente C. O.\u00a0 000145\/ 2014 &#8211;\u00a0\u00a0 Curso de capacitaci\u00f3n en \u201cAgatas: producci\u00f3n de piedras ornamentales y gemas\u201d\u00a0 &#8211; Puerto Yeru\u00e1<\/p>\n<p>Fecha de inicio: 01\/08\/2014<\/p>\n<p>Fecha de Cierre: 28\/02\/2015<\/p>\n<p>2 Talleres \u2013 1 Centro de Capacitaci\u00f3n<\/p>\n<ul>\n<li>Casa de la Cultura- Puerto Yeru\u00e1<\/li>\n<\/ul>\n<p>\u00b7\u00a0\u00a0\u00a0\u00a0\u00a0\u00a0\u00a0\u00a0 Expediente C. O.\u00a0 000220\/ 2014 &#8211;\u00a0\u00a0 Taller de\u00a0 Contenci\u00f3n e Integraci\u00f3n\u00a0 Social para Ni\u00f1os \u2013 Concordia.<\/p>\n<p>Fecha de inicio: 20\/06\/2014<\/p>\n<p>Fecha de Cierre: 20\/12\/2014<\/p>\n<p>4 Talleres \u2013 1 Centro de Capacitaci\u00f3n<\/p>\n<ul>\n<li>Parroquia San Francisco de As\u00eds- Barrio Constituci\u00f3n Oeste \u2013 Concordia<\/li>\n<\/ul>\n<p>\u00b7\u00a0\u00a0\u00a0\u00a0\u00a0\u00a0\u00a0\u00a0 Expediente C. O.\u00a0 000094\/ 2014 &#8211;\u00a0\u00a0 Taller de\u00a0 Gimnasia para Adultos \u2013 Concordia<\/p>\n<p>Fecha de inicio: 01\/04\/2014<\/p>\n<p>Fecha de Cierre: 30\/11\/2014<\/p>\n<p>4 Talleres \u2013 \u00a03 Centros de Capacitaci\u00f3n<\/p>\n<ul>\n<li>Sal\u00f3n Medalla Milagrosa- Barrio Lamadrid<\/li>\n<li>Sal\u00f3n Cartias Belgrano- Barrio Belgrano \u2013 Cdia.<\/li>\n<li>Club Almirante Brown \u2013 Osvaldo Magnasco<\/li>\n<\/ul>\n<p>&nbsp;<\/p>\n<p>\u00b7\u00a0\u00a0\u00a0\u00a0\u00a0\u00a0\u00a0\u00a0 Expediente C. O.\u00a0 000133\/ 2014 &#8211;\u00a0\u00a0 Taller de\u00a0 M\u00fasica de los Pueblos Originarios \u201cVientos del Litoral\u201d \u2013 Concordia<\/p>\n<p>Fecha de inicio: 01\/06\/2014<\/p>\n<p>Fecha de Cierre: 30\/01\/2015<\/p>\n<p>3 Talleres \u2013 \u00a03 Centros de Capacitaci\u00f3n<\/p>\n<ul>\n<li>SUM Villa Jard\u00edn<\/li>\n<li>Club Atl\u00e9tico y Deportivo La Bianca<\/li>\n<li>Sal\u00f3n Parroquia San Cayetano \u2013 Villa Zorraqu\u00edn.<\/li>\n<\/ul>\n<p>\u00b7\u00a0\u00a0\u00a0\u00a0\u00a0\u00a0\u00a0\u00a0 Expediente C. O.\u00a0 000158\/ 2014 &#8211;\u00a0\u00a0 Taller Panader\u00eda, Pasteler\u00eda y Comidas R\u00e1pidas- San Salvador\u00a0 &#8211;<\/p>\n<p>Fecha de inicio: 01\/07\/2014<\/p>\n<p>Fecha de Cierre: 30\/01\/2015<\/p>\n<p>1 Talleres \u2013 \u00a01 Centro de Capacitaci\u00f3n<\/p>\n<ul>\n<li>Sal\u00f3n cocina Parroquia Sta. Teresita del Ni\u00f1o Jes\u00fas- San Salvador<\/li>\n<\/ul>\n<p>\u00b7\u00a0\u00a0\u00a0\u00a0\u00a0\u00a0\u00a0 \u00a0ACTIVIDADES\u00a0 ESPECIALES:<\/p>\n<ul>\n<li>Participaci\u00f3n en Fiesta Patronal, San Salvador, Entre R\u00edos;<\/li>\n<li>Participaci\u00f3n en Feria del Libro de Puerto Yeru\u00e1;<\/li>\n<li>Primer encuentro coral del Departamento San Salvador;<\/li>\n<\/ul>\n<p><strong>Proyecto de apoyo escolar para ni\u00f1os que cursan la escolaridad primaria<\/strong><\/p>\n<p>Concordia y Benito Leger\u00e9n,<\/p>\n<p>El Proyecto de Apoyo Escolar\u00a0\u00a0 se encuadra dentro de los prop\u00f3sitos para los que fue creada la Comisi\u00f3n Administradora para el Fondo Especial de Salto Grande, especialmente en lo que respecta a cuestiones vinculadas con el Desarrollo de la Regi\u00f3n. \u00a0Fue\u00a0 pensado y dise\u00f1ado como una estrategia combinada de calidad y cobertura que propone la aplicaci\u00f3n de modelos pedag\u00f3gicos para la asistencia y acompa\u00f1amiento\u00a0 educativo de las poblaciones m\u00e1s vulnerables.<\/p>\n<p>El l proyecto tiene como finalidad\u00a0 atender\u00a0 las necesidades educativas especiales de ni\u00f1os de escasos recursos que cursan la escolaridad\u00a0 primaria con una estrategia pedag\u00f3gica de acompa\u00f1amiento\u00a0 en los procesos de aprendizaje,\u00a0 fundamentalmente en las asignaturas de mayor complejidad, evitando y disminuyendo la repitencia, causal primera de la deserci\u00f3n escolar.<\/p>\n<p>Expediente C. O.\u00a0 000361\/ 2014 &#8211;\u00a0\u00a0 Proyecto de Apoyo Escolar para ni\u00f1os de escuela primaria\u201d \u2013 Concordia- Benito Leger\u00e9n<\/p>\n<p>Fecha de inicio: 01\/10\/2014<\/p>\n<p>Fecha de Cierre: 30\/12\/2014<\/p>\n<p>6\u00a0\u00a0\u00a0\u00a0\u00a0\u00a0\u00a0 Talleres \u2013\u00a0 2 Centros de Capacitaci\u00f3n-\u00a0 95 ni\u00f1os<\/p>\n<p>Sal\u00f3n Caritas Belgrano- Barrio Belgrano- Concordia<\/p>\n<p>Sal\u00f3n Parroquia Ntra. Sra. del Carmen \u2013 Benito Leger\u00e9n.<\/p>\n","protected":false},"excerpt":{"rendered":"<p>Durante el a\u00f1o 2014 se realizaron los siguientes talleres: Cursos implementados con Imputaci\u00f3n Presupuestaria A\u00f1o 2013.- Cursos comenzados durante 2013 y que finalizaron en 2014. \u00b7\u00a0\u00a0\u00a0\u00a0\u00a0\u00a0\u00a0\u00a0 Expediente C.O. 000476\/2013; Gimnasia para Adultos- Concordia, E. Rs. Fecha de inicio: 01\/11\/20123 Fecha de Cierre: 30\/01\/2014 4 Talleres- 60 personas \u2013 4 grupos \u2013 2 Centros de capacitaci\u00f3n [&hellip;]<\/p>\n","protected":false},"author":5,"featured_media":0,"comment_status":"open","ping_status":"open","sticky":false,"template":"","format":"standard","meta":{"footnotes":""},"categories":[297],"tags":[],"class_list":["post-4213","post","type-post","status-publish","format-standard","hentry","category-desarrollo_regiona_2"],"_links":{"self":[{"href":"https:\/\/cafesg.gob.ar\/cafesg2\/wp-json\/wp\/v2\/posts\/4213","targetHints":{"allow":["GET"]}}],"collection":[{"href":"https:\/\/cafesg.gob.ar\/cafesg2\/wp-json\/wp\/v2\/posts"}],"about":[{"href":"https:\/\/cafesg.gob.ar\/cafesg2\/wp-json\/wp\/v2\/types\/post"}],"author":[{"embeddable":true,"href":"https:\/\/cafesg.gob.ar\/cafesg2\/wp-json\/wp\/v2\/users\/5"}],"replies":[{"embeddable":true,"href":"https:\/\/cafesg.gob.ar\/cafesg2\/wp-json\/wp\/v2\/comments?post=4213"}],"version-history":[{"count":0,"href":"https:\/\/cafesg.gob.ar\/cafesg2\/wp-json\/wp\/v2\/posts\/4213\/revisions"}],"wp:attachment":[{"href":"https:\/\/cafesg.gob.ar\/cafesg2\/wp-json\/wp\/v2\/media?parent=4213"}],"wp:term":[{"taxonomy":"category","embeddable":true,"href":"https:\/\/cafesg.gob.ar\/cafesg2\/wp-json\/wp\/v2\/categories?post=4213"},{"taxonomy":"post_tag","embeddable":true,"href":"https:\/\/cafesg.gob.ar\/cafesg2\/wp-json\/wp\/v2\/tags?post=4213"}],"curies":[{"name":"wp","href":"https:\/\/api.w.org\/{rel}","templated":true}]}}