 {"id":4211,"date":"2015-04-23T17:55:53","date_gmt":"2015-04-23T20:55:53","guid":{"rendered":"http:\/\/www.cafesg.gob.ar\/web\/?p=4211"},"modified":"2015-04-23T17:55:53","modified_gmt":"2015-04-23T20:55:53","slug":"formacion-y-capacitacion-para-el-trabajo","status":"publish","type":"post","link":"https:\/\/cafesg.gob.ar\/cafesg2\/formacion-y-capacitacion-para-el-trabajo\/","title":{"rendered":"FORMACI\u00d3N Y CAPACITACI\u00d3N PARA EL TRABAJO"},"content":{"rendered":"<p><strong>\u00a0<\/strong>En el marco del Programa Formaci\u00f3n y Capacitaci\u00f3n para el Trabajo, CAFESG inici\u00f3 Capacitaciones Varias en el mes de marzo.<\/p>\n<p>El Programa Formaci\u00f3n y Capacitaci\u00f3n para el Trabajo busca aumentar las posibilidades de inserci\u00f3n laboral de hombres y mujeres, mediante un modelo de capacitaci\u00f3n integral especializando a los participantes en la formaci\u00f3n en oficios.<\/p>\n<p>Los\/as beneficiarios\/as del programa participar\u00e1n en cursos de capacitaci\u00f3n que incluyen\u00a0 Formaci\u00f3n en un oficio, con desarrollo de competencias transversales de empleabilidad, tecnolog\u00edas de la informaci\u00f3n, etc.<\/p>\n<p><strong>Beneficios del Programa Formaci\u00f3n y Capacitaci\u00f3n para el Trabajo:<\/strong><\/p>\n<p>\u2022 Formaci\u00f3n 100% gratuita.<\/p>\n<p>\u2022 Cursos de 3 a 8 meses promedio con pr\u00e1ctica laboral.<\/p>\n<p>\u2022 Libre elecci\u00f3n del curso de capacitaci\u00f3n seg\u00fan oferta disponible en cada regi\u00f3n.<\/p>\n<p>\u2022 Certificados.<\/p>\n<p>\u2022 Seguro contra accidentes durante la capacitaci\u00f3n y experiencia laboral.<\/p>\n","protected":false},"excerpt":{"rendered":"<p>\u00a0En el marco del Programa Formaci\u00f3n y Capacitaci\u00f3n para el Trabajo, CAFESG inici\u00f3 Capacitaciones Varias en el mes de marzo. El Programa Formaci\u00f3n y Capacitaci\u00f3n para el Trabajo busca aumentar las posibilidades de inserci\u00f3n laboral de hombres y mujeres, mediante un modelo de capacitaci\u00f3n integral especializando a los participantes en la formaci\u00f3n en oficios. Los\/as [&hellip;]<\/p>\n","protected":false},"author":5,"featured_media":0,"comment_status":"open","ping_status":"open","sticky":false,"template":"","format":"standard","meta":{"footnotes":""},"categories":[297],"tags":[],"class_list":["post-4211","post","type-post","status-publish","format-standard","hentry","category-desarrollo_regiona_2"],"_links":{"self":[{"href":"https:\/\/cafesg.gob.ar\/cafesg2\/wp-json\/wp\/v2\/posts\/4211","targetHints":{"allow":["GET"]}}],"collection":[{"href":"https:\/\/cafesg.gob.ar\/cafesg2\/wp-json\/wp\/v2\/posts"}],"about":[{"href":"https:\/\/cafesg.gob.ar\/cafesg2\/wp-json\/wp\/v2\/types\/post"}],"author":[{"embeddable":true,"href":"https:\/\/cafesg.gob.ar\/cafesg2\/wp-json\/wp\/v2\/users\/5"}],"replies":[{"embeddable":true,"href":"https:\/\/cafesg.gob.ar\/cafesg2\/wp-json\/wp\/v2\/comments?post=4211"}],"version-history":[{"count":0,"href":"https:\/\/cafesg.gob.ar\/cafesg2\/wp-json\/wp\/v2\/posts\/4211\/revisions"}],"wp:attachment":[{"href":"https:\/\/cafesg.gob.ar\/cafesg2\/wp-json\/wp\/v2\/media?parent=4211"}],"wp:term":[{"taxonomy":"category","embeddable":true,"href":"https:\/\/cafesg.gob.ar\/cafesg2\/wp-json\/wp\/v2\/categories?post=4211"},{"taxonomy":"post_tag","embeddable":true,"href":"https:\/\/cafesg.gob.ar\/cafesg2\/wp-json\/wp\/v2\/tags?post=4211"}],"curies":[{"name":"wp","href":"https:\/\/api.w.org\/{rel}","templated":true}]}}