 {"id":4207,"date":"2015-04-23T15:46:18","date_gmt":"2015-04-23T18:46:18","guid":{"rendered":"http:\/\/www.cafesg.gob.ar\/web\/?p=4207"},"modified":"2015-04-23T15:46:18","modified_gmt":"2015-04-23T18:46:18","slug":"se-inaugura-hoy-la-plaza-ecosaludable-de-la-criolla","status":"publish","type":"post","link":"https:\/\/cafesg.gob.ar\/cafesg2\/se-inaugura-hoy-la-plaza-ecosaludable-de-la-criolla\/","title":{"rendered":"Se inaugura hoy la plaza ECOSALUDABLE de La Criolla"},"content":{"rendered":"<p><strong><em>Es la primera en su tipo en la Regi\u00f3n de Salto Grande<\/em><\/strong><\/p>\n<p><strong>La creaci\u00f3n de la plaza ECOSALUDABLE es fruto de un trabajo conjunto entre vecinos, la Municipalidad de La Criolla y el Programa Sensibilizadores Ambientales de CAFESG.\u00a0 Fue realizada con neum\u00e1ticos de veh\u00edculos y ser\u00e1 un espacio destinado a la recreaci\u00f3n y realizaci\u00f3n de actividades f\u00edsicas.<\/strong><\/p>\n<p>&nbsp;<\/p>\n<p>Hoy viernes 24, a las 15 horas, es la gran cita para la inauguraci\u00f3n de la Plaza ECOSALUDABLE realizada a trav\u00e9s de la reutilizaci\u00f3n y reciclado de neum\u00e1ticos de veh\u00edculos, para que, a partir de ese momento, los vecinos de La Criolla cuenten con un nuevo espacio para el esparcimiento y la realizaci\u00f3n de actividades f\u00edsicas.<\/p>\n<p>La plaza \u2013que surgi\u00f3 por inquietud de los lugare\u00f1os y se logr\u00f3 plasmar con el apoyo de la Municipalidad y el Programa Sensibilizadores Ambientales de CAFESG\u2013 se encuentra ubicada en el predio del Ferrocarril, en calles R\u00edo Limay y R\u00edo Uruguay, donde una importante cantidad de neum\u00e1ticos de veh\u00edculos, hoy pintados, conforman ahora un atractivo circuito, para jugar o llevar adelante diferentes ejercicios f\u00edsicos.<\/p>\n<p>Para este espacio ECOSALUDABLE, en el que vecinos de diferentes edades hicieron su aporte, alumnos de las escuelas primaria y secundaria de la localidad propusieron diferentes nombres, que luego fueron evaluados por un jurado. Hoy viernes se dar\u00e1 a conocer el elegido.<\/p>\n<p>En el marco del mencionado acto de inauguraci\u00f3n, CAFESG llevar\u00e1 adelante un nuevo ECOCANJE, donde los vecinos tendr\u00e1n la posibilidad de canjear 5 botellas de pl\u00e1stico limpias, sin etiquetas, por bolsas ecol\u00f3gicas, se\u00f1aladores y llaveros.<\/p>\n<p>Adem\u00e1s, se abrir\u00e1 la inscripci\u00f3n para las clases de gimnasia que se dar\u00e1n en la Plaza ECOSALUDABLE, a raz\u00f3n una vez por semana.<\/p>\n<p><a href=\"https:\/\/www.cafesg.gob.ar\/cafesg2\/wp-content\/uploads\/2015\/04\/Plaza-ES-La-Criolla.jpg\"><img loading=\"lazy\" decoding=\"async\" class=\"alignnone size-thumbnail wp-image-4209\" src=\"https:\/\/www.cafesg.gob.ar\/cafesg2\/wp-content\/uploads\/2015\/04\/Plaza-ES-La-Criolla-150x150.jpg\" alt=\"Plaza ES La Criolla\" width=\"150\" height=\"150\" \/><\/a><\/p>\n","protected":false},"excerpt":{"rendered":"<p>Es la primera en su tipo en la Regi\u00f3n de Salto Grande La creaci\u00f3n de la plaza ECOSALUDABLE es fruto de un trabajo conjunto entre vecinos, la Municipalidad de La Criolla y el Programa Sensibilizadores Ambientales de CAFESG.\u00a0 Fue realizada con neum\u00e1ticos de veh\u00edculos y ser\u00e1 un espacio destinado a la recreaci\u00f3n y realizaci\u00f3n de [&hellip;]<\/p>\n","protected":false},"author":5,"featured_media":0,"comment_status":"open","ping_status":"open","sticky":false,"template":"","format":"standard","meta":{"footnotes":""},"categories":[297],"tags":[],"class_list":["post-4207","post","type-post","status-publish","format-standard","hentry","category-desarrollo_regiona_2"],"_links":{"self":[{"href":"https:\/\/cafesg.gob.ar\/cafesg2\/wp-json\/wp\/v2\/posts\/4207","targetHints":{"allow":["GET"]}}],"collection":[{"href":"https:\/\/cafesg.gob.ar\/cafesg2\/wp-json\/wp\/v2\/posts"}],"about":[{"href":"https:\/\/cafesg.gob.ar\/cafesg2\/wp-json\/wp\/v2\/types\/post"}],"author":[{"embeddable":true,"href":"https:\/\/cafesg.gob.ar\/cafesg2\/wp-json\/wp\/v2\/users\/5"}],"replies":[{"embeddable":true,"href":"https:\/\/cafesg.gob.ar\/cafesg2\/wp-json\/wp\/v2\/comments?post=4207"}],"version-history":[{"count":0,"href":"https:\/\/cafesg.gob.ar\/cafesg2\/wp-json\/wp\/v2\/posts\/4207\/revisions"}],"wp:attachment":[{"href":"https:\/\/cafesg.gob.ar\/cafesg2\/wp-json\/wp\/v2\/media?parent=4207"}],"wp:term":[{"taxonomy":"category","embeddable":true,"href":"https:\/\/cafesg.gob.ar\/cafesg2\/wp-json\/wp\/v2\/categories?post=4207"},{"taxonomy":"post_tag","embeddable":true,"href":"https:\/\/cafesg.gob.ar\/cafesg2\/wp-json\/wp\/v2\/tags?post=4207"}],"curies":[{"name":"wp","href":"https:\/\/api.w.org\/{rel}","templated":true}]}}