 {"id":4185,"date":"2015-04-23T15:28:42","date_gmt":"2015-04-23T18:28:42","guid":{"rendered":"http:\/\/www.cafesg.gob.ar\/web\/?p=4185"},"modified":"2015-04-23T15:28:42","modified_gmt":"2015-04-23T18:28:42","slug":"programa-confianza-en-el-futuro","status":"publish","type":"post","link":"https:\/\/cafesg.gob.ar\/cafesg2\/programa-confianza-en-el-futuro\/","title":{"rendered":"PROGRAMA CONFIANZA EN EL FUTURO"},"content":{"rendered":"<p>TALLER CONSTRUYENDO EN MI BARRIO \u2013 BARRIO COHELO CONCORDIA<\/p>\n<p>ARTICULAN: CARITAS DIOCESANA\u00a0\u00a0 &#8211; CAFESG<\/p>\n<p>Este Taller apunta a fomentar un trabajo solidario que permita finalizar la obra de ampliaci\u00f3n\u00a0 y construcci\u00f3n de una habitaci\u00f3n con destino a la Sacrist\u00eda y funcionamiento del Roperito de la Fe en la Capilla\u00a0 Medalla Milagros de Barrio Cohelo Concordia y tambi\u00e9n la finalizaci\u00f3n de la construcci\u00f3n de la Posta Sanitaria.<\/p>\n<p>Debemos destacar que los materiales para la finalizaci\u00f3n de Sala de Sacrist\u00eda y el Roperito de la Fe fueron donados por un vecino de Barrio Cohelo, el se\u00f1or Juan Albors, y que los materiales para la finalizaci\u00f3n de la obra de la Posta Sanitaria\u00a0 fueron\u00a0 comprados\u00a0 por la Junta de Gobierno de Estaci\u00f3n Yuquer\u00ed con fondos de un subsidio de la Comisi\u00f3n T\u00e9cnica Mixta de Salto Grande.<\/p>\n<p>Tambi\u00e9n es importante destacar que muchos vecinos de Barrio Cohelo \u2013dada su precaria situaci\u00f3n socio-econ\u00f3mica\u2013 hab\u00edan\u00a0 recibido en donaci\u00f3n materiales de construcci\u00f3n que no hab\u00edan podido utilizar ya que no pod\u00edan afrontar los costos de mano de obra y tampoco ten\u00edan los conocimientos b\u00e1sicos necesarios para emprender ellos mismos las tareas de construcci\u00f3n.<\/p>\n<p>El \u00a0Taller fue\u00a0 de gran utilidad para la comunidad de Barrio Cohelo no s\u00f3lo por las obras que se pudieron\u00a0 terminar sino, fundamentalmente, porque contribuy\u00f3 a la promoci\u00f3n y contenci\u00f3n socio-familiar y\u00a0 permiti\u00f3 la integraci\u00f3n desarrollando en las personas que participaron\u00a0 habilidades y destrezas que utilizaron en beneficio propio y de su comunidad.<\/p>\n<p>Esta iniciativa incluy\u00f3 a j\u00f3venes y adultos de escasos recursos entre los cuales se pudo integrar, contener y formar un joven que tras sufrir un accidente hab\u00eda perdido una de sus extremidades.<\/p>\n<p>CAFESG dise\u00f1\u00f3 el Proyecto de Capacitaci\u00f3n, la metodolog\u00eda y las etapas para su implementaci\u00f3n y financi\u00f3 los honorarios del capacitador. C\u00e1ritas tom\u00f3 a su cargo el financiamiento de los materiales para las pr\u00e1cticas preliminares y contribuy\u00f3 con la Coordinaci\u00f3n de CAFESG en el seguimiento y monitoreo durante el desarrollo del curso. Tambi\u00e9n provey\u00f3 meriendas y refrigerios de las personas que asistieron.<\/p>\n<p><a href=\"https:\/\/www.cafesg.gob.ar\/cafesg2\/wp-content\/uploads\/2015\/04\/Taller-Construyendo-en-mi-Barrio-2.jpg\"><img loading=\"lazy\" decoding=\"async\" class=\"alignnone size-thumbnail wp-image-4199\" src=\"https:\/\/www.cafesg.gob.ar\/cafesg2\/wp-content\/uploads\/2015\/04\/Taller-Construyendo-en-mi-Barrio-2-150x150.jpg\" alt=\"Taller Construyendo en mi Barrio (2)\" width=\"150\" height=\"150\" \/><\/a> \u00a0<a href=\"https:\/\/www.cafesg.gob.ar\/cafesg2\/wp-content\/uploads\/2015\/04\/Taller-Construyendo-en-mi-Barrio-4.jpg\"><img loading=\"lazy\" decoding=\"async\" class=\"alignnone size-thumbnail wp-image-4201\" src=\"https:\/\/www.cafesg.gob.ar\/cafesg2\/wp-content\/uploads\/2015\/04\/Taller-Construyendo-en-mi-Barrio-4-150x150.jpg\" alt=\"Taller Construyendo en mi Barrio (4)\" width=\"150\" height=\"150\" \/><\/a> <a href=\"https:\/\/www.cafesg.gob.ar\/cafesg2\/wp-content\/uploads\/2015\/04\/Taller-Construyendo-en-mi-Barrio-5.jpg\"><img loading=\"lazy\" decoding=\"async\" class=\"alignnone size-thumbnail wp-image-4202\" src=\"https:\/\/www.cafesg.gob.ar\/cafesg2\/wp-content\/uploads\/2015\/04\/Taller-Construyendo-en-mi-Barrio-5-150x150.jpg\" alt=\"Taller Construyendo en mi Barrio (5)\" width=\"150\" height=\"150\" \/><\/a> <a href=\"https:\/\/www.cafesg.gob.ar\/cafesg2\/wp-content\/uploads\/2015\/04\/Taller-Construyendo-en-mi-Barrio-6.jpg\"><img loading=\"lazy\" decoding=\"async\" class=\"alignnone size-thumbnail wp-image-4203\" src=\"https:\/\/www.cafesg.gob.ar\/cafesg2\/wp-content\/uploads\/2015\/04\/Taller-Construyendo-en-mi-Barrio-6-150x150.jpg\" alt=\"Taller Construyendo en mi Barrio (6)\" width=\"150\" height=\"150\" \/><\/a><\/p>\n","protected":false},"excerpt":{"rendered":"<p>TALLER CONSTRUYENDO EN MI BARRIO \u2013 BARRIO COHELO CONCORDIA ARTICULAN: CARITAS DIOCESANA\u00a0\u00a0 &#8211; CAFESG Este Taller apunta a fomentar un trabajo solidario que permita finalizar la obra de ampliaci\u00f3n\u00a0 y construcci\u00f3n de una habitaci\u00f3n con destino a la Sacrist\u00eda y funcionamiento del Roperito de la Fe en la Capilla\u00a0 Medalla Milagros de Barrio Cohelo Concordia [&hellip;]<\/p>\n","protected":false},"author":5,"featured_media":0,"comment_status":"open","ping_status":"open","sticky":false,"template":"","format":"standard","meta":{"footnotes":""},"categories":[297],"tags":[],"class_list":["post-4185","post","type-post","status-publish","format-standard","hentry","category-desarrollo_regiona_2"],"_links":{"self":[{"href":"https:\/\/cafesg.gob.ar\/cafesg2\/wp-json\/wp\/v2\/posts\/4185","targetHints":{"allow":["GET"]}}],"collection":[{"href":"https:\/\/cafesg.gob.ar\/cafesg2\/wp-json\/wp\/v2\/posts"}],"about":[{"href":"https:\/\/cafesg.gob.ar\/cafesg2\/wp-json\/wp\/v2\/types\/post"}],"author":[{"embeddable":true,"href":"https:\/\/cafesg.gob.ar\/cafesg2\/wp-json\/wp\/v2\/users\/5"}],"replies":[{"embeddable":true,"href":"https:\/\/cafesg.gob.ar\/cafesg2\/wp-json\/wp\/v2\/comments?post=4185"}],"version-history":[{"count":0,"href":"https:\/\/cafesg.gob.ar\/cafesg2\/wp-json\/wp\/v2\/posts\/4185\/revisions"}],"wp:attachment":[{"href":"https:\/\/cafesg.gob.ar\/cafesg2\/wp-json\/wp\/v2\/media?parent=4185"}],"wp:term":[{"taxonomy":"category","embeddable":true,"href":"https:\/\/cafesg.gob.ar\/cafesg2\/wp-json\/wp\/v2\/categories?post=4185"},{"taxonomy":"post_tag","embeddable":true,"href":"https:\/\/cafesg.gob.ar\/cafesg2\/wp-json\/wp\/v2\/tags?post=4185"}],"curies":[{"name":"wp","href":"https:\/\/api.w.org\/{rel}","templated":true}]}}