 {"id":4043,"date":"2015-02-14T12:04:20","date_gmt":"2015-02-14T15:04:20","guid":{"rendered":"http:\/\/cafesg.gob.ar\/web\/?p=4043"},"modified":"2015-02-14T12:04:20","modified_gmt":"2015-02-14T15:04:20","slug":"el-curso-de-lengua-de-senas-de-cafesg-recibio-un-nuevo-reconocimiento-por-parte-del-cge","status":"publish","type":"post","link":"https:\/\/cafesg.gob.ar\/cafesg2\/el-curso-de-lengua-de-senas-de-cafesg-recibio-un-nuevo-reconocimiento-por-parte-del-cge\/","title":{"rendered":"El curso de Lengua de Se\u00f1as de CAFESG recibi\u00f3 un nuevo reconocimiento por parte del CGE"},"content":{"rendered":"<p><em>Est\u00e1 destinado a docentes de todos los niveles y modalidades del Sistema Educativo<\/em><\/p>\n<p>&nbsp;<\/p>\n<p>El Consejo General de Educaci\u00f3n (CGE) de la Provincia de Entre R\u00edos reconoci\u00f3 por un a\u00f1o m\u00e1s el Curso de Lengua de Se\u00f1as Argentina que la Comisi\u00f3n Administradora para el Fondo Especial de Salto Grande (CAFESG) ofrece a trav\u00e9s de su \u00c1rea de Desarrollo Regional, en el marco del Programa de Formaci\u00f3n y Capacitaci\u00f3n para el Trabajo.<\/p>\n<p>Entre los fundamentos de su resoluci\u00f3n N\u00ba 5038, el ente rector de la educaci\u00f3n entrerriana destaca que \u201cel objetivo principal\u201d de la propuesta de CAFESG \u201ces sensibilizar al mundo de los oyentes para fomentar la inclusi\u00f3n de los sordos e hipoac\u00fasicos en la sociedad; incrementando a su vez las posibilidades de empleo de las personas a trav\u00e9s de la certificaci\u00f3n de educaci\u00f3n y formaci\u00f3n profesional\u201d.<\/p>\n<p>El CGE resalt\u00f3 adem\u00e1s que \u201ces necesario difundir la Lengua de Se\u00f1as Argentina (lengua visogestual utilizada por la comunidad sorda argentina) con el fin de suprimir las barreras comunicacionales que existen actualmente en nuestra comunidad y lograr una real y efectiva comunicaci\u00f3n a trav\u00e9s de un dominio efectivo de la Lengua de Se\u00f1as, propiciando \u2013en tanto instrumento de la comunicaci\u00f3n cotidiana\u2013 el proceso de integraci\u00f3n de las personas sordas y facilitando el acceso a la informaci\u00f3n por parte de ellas\u201d.<\/p>\n<p>El Curso de Lengua de Se\u00f1as Argentina que dicta CAFESG cuenta con una carga horaria de 48 horas c\u00e1tedra y est\u00e1 destinado a docentes de todos los niveles y modalidades del Sistema Educativo, como as\u00ed tambi\u00e9n a empleados p\u00fablicos, familiares de personas sordas, estudiantes y ciudadanos en general, espec\u00edficamente a recursos humanos que se desempe\u00f1an en el \u00e1rea de atenci\u00f3n al p\u00fablico.<\/p>\n<p>En 2014 se desarroll\u00f3 en tres localidades de la Regi\u00f3n de Salto Grande:<\/p>\n<p>-Concordia (primera instancia, con un total de 150 personas)<\/p>\n<p>-San Salvador (primera instancia, con un grupo de 50 personas).<\/p>\n<p>-Chajar\u00ed (primera instancia, con participaci\u00f3n de 180 personas).<\/p>\n<p>CAFESG ofrece en Concordia esta propuesta de capacitaci\u00f3n en forma ininterrumpida desde 2007, habi\u00e9ndose dictado tambi\u00e9n en Villaguay, Concepci\u00f3n del Uruguay, y en las ya mencionadas San Salvador y Chajar\u00ed. En todos los a\u00f1os de su historial de 8 a\u00f1os cont\u00f3 siempre con reconocimiento del Consejo General de Educaci\u00f3n, y 2015 no ser\u00e1 la excepci\u00f3n.<\/p>\n<p>Los coordinadores del Curso brindar\u00e1n pr\u00f3ximamente detalles de su forma de implementaci\u00f3n durante el presente a\u00f1o y las ciudades donde se dictar\u00e1n las clases.<\/p>\n<p>El Curso, conforme lo dispuesto por el CGE, otorgar\u00e1 0,30 puntos a los docentes de Nivel Inicial, Primario y Secundario en todas sus modalidades, y a los docentes de Nivel Superior.<\/p>\n<p><a href=\"https:\/\/www.cafesg.gob.ar\/cafesg2\/wp-content\/uploads\/2015\/02\/Curso-Lengua-de-Se\u00f1as-2015-1.jpg\"><img loading=\"lazy\" decoding=\"async\" class=\"alignnone size-thumbnail wp-image-4047\" src=\"https:\/\/www.cafesg.gob.ar\/cafesg2\/wp-content\/uploads\/2015\/02\/Curso-Lengua-de-Se\u00f1as-2015-1-150x150.jpg\" alt=\"Curso Lengua de Se\u00f1as 2015 (1)\" width=\"150\" height=\"150\" \/><\/a><\/p>\n","protected":false},"excerpt":{"rendered":"<p>Est\u00e1 destinado a docentes de todos los niveles y modalidades del Sistema Educativo &nbsp; El Consejo General de Educaci\u00f3n (CGE) de la Provincia de Entre R\u00edos reconoci\u00f3 por un a\u00f1o m\u00e1s el Curso de Lengua de Se\u00f1as Argentina que la Comisi\u00f3n Administradora para el Fondo Especial de Salto Grande (CAFESG) ofrece a trav\u00e9s de su [&hellip;]<\/p>\n","protected":false},"author":5,"featured_media":0,"comment_status":"open","ping_status":"open","sticky":false,"template":"","format":"standard","meta":{"footnotes":""},"categories":[15],"tags":[],"class_list":["post-4043","post","type-post","status-publish","format-standard","hentry","category-noticias"],"_links":{"self":[{"href":"https:\/\/cafesg.gob.ar\/cafesg2\/wp-json\/wp\/v2\/posts\/4043","targetHints":{"allow":["GET"]}}],"collection":[{"href":"https:\/\/cafesg.gob.ar\/cafesg2\/wp-json\/wp\/v2\/posts"}],"about":[{"href":"https:\/\/cafesg.gob.ar\/cafesg2\/wp-json\/wp\/v2\/types\/post"}],"author":[{"embeddable":true,"href":"https:\/\/cafesg.gob.ar\/cafesg2\/wp-json\/wp\/v2\/users\/5"}],"replies":[{"embeddable":true,"href":"https:\/\/cafesg.gob.ar\/cafesg2\/wp-json\/wp\/v2\/comments?post=4043"}],"version-history":[{"count":0,"href":"https:\/\/cafesg.gob.ar\/cafesg2\/wp-json\/wp\/v2\/posts\/4043\/revisions"}],"wp:attachment":[{"href":"https:\/\/cafesg.gob.ar\/cafesg2\/wp-json\/wp\/v2\/media?parent=4043"}],"wp:term":[{"taxonomy":"category","embeddable":true,"href":"https:\/\/cafesg.gob.ar\/cafesg2\/wp-json\/wp\/v2\/categories?post=4043"},{"taxonomy":"post_tag","embeddable":true,"href":"https:\/\/cafesg.gob.ar\/cafesg2\/wp-json\/wp\/v2\/tags?post=4043"}],"curies":[{"name":"wp","href":"https:\/\/api.w.org\/{rel}","templated":true}]}}