 {"id":3157,"date":"2014-04-04T10:03:16","date_gmt":"2014-04-04T13:03:16","guid":{"rendered":"http:\/\/cafesg.gov.ar\/web\/?p=3157"},"modified":"2014-04-04T10:03:16","modified_gmt":"2014-04-04T13:03:16","slug":"cafesg-construye-tres-salones-de-usos-multiples-en-la-region-de-salto-grande","status":"publish","type":"post","link":"https:\/\/cafesg.gob.ar\/cafesg2\/cafesg-construye-tres-salones-de-usos-multiples-en-la-region-de-salto-grande\/","title":{"rendered":"CAFESG construye tres salones de usos m\u00faltiples en la Regi\u00f3n de Salto Grande"},"content":{"rendered":"<p><em><span style=\"text-decoration: underline;\"><span style=\"font-family: 'Times New Roman';\">Con buen grado de avance se levantan en Ubajay, Estaci\u00f3n Yeru\u00e1 y San Salvador<\/span><\/span><\/em><\/p>\n<p><span style=\"font-family: 'Times New Roman';\">Con el objetivo de generar \u00e1mbitos de integraci\u00f3n cultural y social, la Comisi\u00f3n Administradora para el Fondo Especial de Salto Grande (CAFESG) levanta sendos salones de usos m\u00faltiples en las localidades de Ubajay, Estaci\u00f3n Yeru\u00e1 y San Salvador; en este \u00faltimo caso en la escuela secundaria N\u00ba 2\u00a0\u00a0\u201cFrancisco Ram\u00edrez\u201d.<\/span><\/p>\n<p><span style=\"font-family: 'Times New Roman';\">El SUM de Ubajay est\u00e1 integrado por varios espacios arquitect\u00f3nicos: el sal\u00f3n propiamente dicho, un sector de servicios compuesto por cantina, cocina, dep\u00f3sito y ba\u00f1os, y un quincho semicubierto. La obra demandar\u00e1 por parte de CAFESG una inversi\u00f3n total de 1,3 millones de pesos y su grado de avance es del 83%.<\/span><\/p>\n<p><span style=\"font-family: 'Times New Roman';\"> <\/span><\/p>\n<p><strong><span style=\"font-family: 'Times New Roman';\">Estaci\u00f3n Yeru\u00e1<\/span><\/strong><\/p>\n<p><span style=\"font-family: 'Times New Roman';\">El SUM de Estaci\u00f3n Yeru\u00e1 se construye en un terreno estrat\u00e9gicamente ubicado, con f\u00e1ciles accesos desde las rutas de comunicaci\u00f3n. El proyecto abarca \u2013como espacios arquitect\u00f3nicos\u2013 un amplio sal\u00f3n y un sector de servicios compuesto por una cantina, cocina y ba\u00f1os.<\/span><\/p>\n<p><span style=\"font-family: 'Times New Roman';\"> CAFESG encar\u00f3 esta obra atendiendo a la necesidad de la comuna de Estaci\u00f3n Yeru\u00e1 de cubrir la vacancia de espacios para recreaci\u00f3n y reuniones de su poblaci\u00f3n en general, y teniendo en cuenta adem\u00e1s que no existen en el radio urbano instalaciones que re\u00fanan requisitos b\u00e1sicos de seguridad y salubridad para ese tipo de acontecimientos.<\/span><\/p>\n<p><span style=\"font-family: 'Times New Roman';\"> El presupuesto de la obra es de 722.000 pesos y el grado de avance es del 87%.<\/span><\/p>\n<p><strong><span style=\"font-family: 'Times New Roman';\">San salvador<\/span><\/strong><\/p>\n<p><span style=\"font-family: 'Times New Roman';\">En la escuela secundaria N\u00b02 \u201cFrancisco Ram\u00edrez\u201d, CAFESG ejecuta la obra de continuaci\u00f3n del Sal\u00f3n de Usos M\u00faltiples. Los trabajos abarcan actualmente las etapas tres y cuatro de un proyecto presentado por la Direcci\u00f3n de Arquitectura de la Provincia. Las etapas uno y dos consistieron en la ejecuci\u00f3n de las estructuras de cimientos y columnas de hormig\u00f3n armado y el contrapiso interior de hormig\u00f3n armado.<\/span><\/p>\n<p><span style=\"font-family: 'Times New Roman';\">Cabe recordar que a pedido de la comunidad educativa, CAFESG ya realiz\u00f3 en este establecimiento una obra integral de refacci\u00f3n que abarc\u00f3 las dos plantas del edificio de la escuela. A nivel de suelo se restauraron los sanitarios, el laboratorio y la sala de profesores. En el piso de alto, en tanto, se construyeron dos aulas nuevas.<\/span><\/p>\n<p><span style=\"font-family: 'Times New Roman';\">El presupuesto de la obra actual en el SUM es de 663.000 pesos y el grado de avance es del 76%.<\/span><\/p>\n<p><span style=\"font-family: 'Times New Roman';\"><\/p>\n<p><\/span><\/p>\n","protected":false},"excerpt":{"rendered":"<p>Con buen grado de avance se levantan en Ubajay, Estaci\u00f3n Yeru\u00e1 y San Salvador Con el objetivo de generar \u00e1mbitos de integraci\u00f3n cultural y social, la Comisi\u00f3n Administradora para el Fondo Especial de Salto Grande (CAFESG) levanta sendos salones de usos m\u00faltiples en las localidades de Ubajay, Estaci\u00f3n Yeru\u00e1 y San Salvador; en este \u00faltimo [&hellip;]<\/p>\n","protected":false},"author":5,"featured_media":0,"comment_status":"closed","ping_status":"open","sticky":false,"template":"","format":"standard","meta":{"footnotes":""},"categories":[15],"tags":[],"class_list":["post-3157","post","type-post","status-publish","format-standard","hentry","category-noticias"],"_links":{"self":[{"href":"https:\/\/cafesg.gob.ar\/cafesg2\/wp-json\/wp\/v2\/posts\/3157","targetHints":{"allow":["GET"]}}],"collection":[{"href":"https:\/\/cafesg.gob.ar\/cafesg2\/wp-json\/wp\/v2\/posts"}],"about":[{"href":"https:\/\/cafesg.gob.ar\/cafesg2\/wp-json\/wp\/v2\/types\/post"}],"author":[{"embeddable":true,"href":"https:\/\/cafesg.gob.ar\/cafesg2\/wp-json\/wp\/v2\/users\/5"}],"replies":[{"embeddable":true,"href":"https:\/\/cafesg.gob.ar\/cafesg2\/wp-json\/wp\/v2\/comments?post=3157"}],"version-history":[{"count":0,"href":"https:\/\/cafesg.gob.ar\/cafesg2\/wp-json\/wp\/v2\/posts\/3157\/revisions"}],"wp:attachment":[{"href":"https:\/\/cafesg.gob.ar\/cafesg2\/wp-json\/wp\/v2\/media?parent=3157"}],"wp:term":[{"taxonomy":"category","embeddable":true,"href":"https:\/\/cafesg.gob.ar\/cafesg2\/wp-json\/wp\/v2\/categories?post=3157"},{"taxonomy":"post_tag","embeddable":true,"href":"https:\/\/cafesg.gob.ar\/cafesg2\/wp-json\/wp\/v2\/tags?post=3157"}],"curies":[{"name":"wp","href":"https:\/\/api.w.org\/{rel}","templated":true}]}}