 {"id":3031,"date":"2013-12-23T12:40:33","date_gmt":"2013-12-23T15:40:33","guid":{"rendered":"http:\/\/cafesg.gov.ar\/web\/?p=3031"},"modified":"2013-12-23T12:40:33","modified_gmt":"2013-12-23T15:40:33","slug":"cafesg-finalizo-segunda-temporada-de-su-programa-de-fortalecimiento-del-turismo-en-los-gobiernos-locales","status":"publish","type":"post","link":"https:\/\/cafesg.gob.ar\/cafesg2\/cafesg-finalizo-segunda-temporada-de-su-programa-de-fortalecimiento-del-turismo-en-los-gobiernos-locales\/","title":{"rendered":"CAFESG finaliz\u00f3 segunda temporada de su Programa de Fortalecimiento del Turismo en los Gobiernos Locales"},"content":{"rendered":"<p><em><span style=\"text-decoration: underline;\">Se desarroll\u00f3 durante 2013 en ocho localidades de la Regi\u00f3n de Salto Grande<\/span><\/em><\/p>\n<p>Con un cierre protocolar concretado en la ciudad de San Jos\u00e9 de Feliciano, la Comisi\u00f3n Administradora para el Fondo Especial de Salto Grande (CAFESG) dio por finalizada la segunda edici\u00f3n de su Programa de Fortalecimiento del Turismo en los Gobiernos Locales, que se desarroll\u00f3 durante 2013 en ocho localidades de la Regi\u00f3n de Salto Grande: Federal, General Campos, Nueva Escocia, Puerto Yeru\u00e1, Villa del Rosario, Primero de Mayo, Herrera (Caminos del Palacio), y la propia Feliciano.<\/p>\n<p>El Programa contempl\u00f3 instancias de capacitaci\u00f3n y asesoramiento para funcionarios municipales, emprendedores, prestadores de servicios y p\u00fablico en general.\u00a0 Adem\u00e1s se llevaron a cabo acciones de relevamiento y detecci\u00f3n de necesidades de inversiones p\u00fablicas en las localidades contempladas.<\/p>\n<p>Por otra parte, y en coordinaci\u00f3n con otros programas dependientes del \u00c1rea de Desarrollo Regional de CAFESG, se ofrecieron talleres de creatividad tur\u00edstica, y cursos de mucama, prestaci\u00f3n de buen servicio gastron\u00f3mico y gu\u00eda tur\u00edstico.<\/p>\n<p>El acto de entrega de certificados cont\u00f3 con la presencia de la intendenta de la ciudad anfitriona, Silvia Moreno, y autoridades del organismo provincial con sede en Concordia.<\/p>\n\n<p><strong><!--more-->Agradecimiento y satisfacci\u00f3n<\/strong><\/p>\n<p>La profesora Moreno agradeci\u00f3 \u201ca CAFESG por haber confiado en nosotros para llevar a delante estas capacitaciones, y por el continuo apoyo que nos est\u00e1n brindando en las diferentes propuestas que les presentamos\u201d. A rengl\u00f3n seguido confes\u00f3 su gran satisfacci\u00f3n \u201cal ver que la gente de Feliciano est\u00e1 tan comprometida con el crecimiento de nuestro querido pueblo\u201d, destac\u00f3. Por \u00faltimo, invit\u00f3 a los presentes \u201ca que sigan acompa\u00f1ando a CAFESG y a la Municipalidad en 2014, que seguramente ser\u00e1 un muy buen a\u00f1o para todos\u201d, concluy\u00f3.<\/p>\n","protected":false},"excerpt":{"rendered":"<p>Se desarroll\u00f3 durante 2013 en ocho localidades de la Regi\u00f3n de Salto Grande Con un cierre protocolar concretado en la ciudad de San Jos\u00e9 de Feliciano, la Comisi\u00f3n Administradora para el Fondo Especial de Salto Grande (CAFESG) dio por finalizada la segunda edici\u00f3n de su Programa de Fortalecimiento del Turismo en los Gobiernos Locales, que [&hellip;]<\/p>\n","protected":false},"author":5,"featured_media":0,"comment_status":"closed","ping_status":"open","sticky":false,"template":"","format":"standard","meta":{"footnotes":""},"categories":[15],"tags":[],"class_list":["post-3031","post","type-post","status-publish","format-standard","hentry","category-noticias"],"_links":{"self":[{"href":"https:\/\/cafesg.gob.ar\/cafesg2\/wp-json\/wp\/v2\/posts\/3031","targetHints":{"allow":["GET"]}}],"collection":[{"href":"https:\/\/cafesg.gob.ar\/cafesg2\/wp-json\/wp\/v2\/posts"}],"about":[{"href":"https:\/\/cafesg.gob.ar\/cafesg2\/wp-json\/wp\/v2\/types\/post"}],"author":[{"embeddable":true,"href":"https:\/\/cafesg.gob.ar\/cafesg2\/wp-json\/wp\/v2\/users\/5"}],"replies":[{"embeddable":true,"href":"https:\/\/cafesg.gob.ar\/cafesg2\/wp-json\/wp\/v2\/comments?post=3031"}],"version-history":[{"count":0,"href":"https:\/\/cafesg.gob.ar\/cafesg2\/wp-json\/wp\/v2\/posts\/3031\/revisions"}],"wp:attachment":[{"href":"https:\/\/cafesg.gob.ar\/cafesg2\/wp-json\/wp\/v2\/media?parent=3031"}],"wp:term":[{"taxonomy":"category","embeddable":true,"href":"https:\/\/cafesg.gob.ar\/cafesg2\/wp-json\/wp\/v2\/categories?post=3031"},{"taxonomy":"post_tag","embeddable":true,"href":"https:\/\/cafesg.gob.ar\/cafesg2\/wp-json\/wp\/v2\/tags?post=3031"}],"curies":[{"name":"wp","href":"https:\/\/api.w.org\/{rel}","templated":true}]}}