 {"id":3029,"date":"2013-12-19T12:39:53","date_gmt":"2013-12-19T15:39:53","guid":{"rendered":"http:\/\/cafesg.gov.ar\/web\/?p=3029"},"modified":"2013-12-19T12:39:53","modified_gmt":"2013-12-19T15:39:53","slug":"el-mic-de-cafesg-reconocera-al-doctor-gaston-corthey-destacado-investigador-concordiense","status":"publish","type":"post","link":"https:\/\/cafesg.gob.ar\/cafesg2\/el-mic-de-cafesg-reconocera-al-doctor-gaston-corthey-destacado-investigador-concordiense\/","title":{"rendered":"El MIC de CAFESG reconocer\u00e1 al doctor Gast\u00f3n Corthey, destacado investigador concordiense"},"content":{"rendered":"<p><em><span style=\"text-decoration: underline;\">Ser\u00e1 ma\u00f1ana viernes a las 18.45 en el cuarto piso del Centro C\u00edvico de Concordia<\/span><\/em><\/p>\n<p>La Comisi\u00f3n Administradora para el Fondo Especial de Salto Grande (CAFESG), a trav\u00e9s de su programa Museo Interactivo de Ciencias (MIC), entregar\u00e1 un reconocimiento al doctor en Fisicoqu\u00edmica Gast\u00f3n Corthey, oriundo de Concordia, por su destacada labor en el \u00e1rea de investigaci\u00f3n cient\u00edfica.<\/p>\n<p>La distinci\u00f3n se otorgar\u00e1 en conjunto con la Subsecretar\u00eda Provincial de Ciencia y Tecnolog\u00eda, la UNER, la UTN, la Direcci\u00f3n Departamental de Escuelas y la Coordinaci\u00f3n de Actividades Cient\u00edficas del departamento Concordia,<\/p>\n<p>El acto protocolar se llevar\u00e1 a cabo ma\u00f1ana viernes 20, a las 18.45 horas, en el auditorio del cuarto piso del Centro C\u00edvico de Concordia, ubicado en Mitre y Pellegrini.<\/p>\n<p>El cabo de la ceremonia, el homenajeado disertar\u00e1 sobre el tema \u201c\u00bfPodemos hacer una pel\u00edcula de una reacci\u00f3n qu\u00edmica?\u201d.<\/p>\n<p><strong>La conferencia<\/strong><\/p>\n<p>\u201cDurante la charla \u2013anticip\u00f3 el doctor Corthey\u2013 explicaremos de qu\u00e9 manera se pueden observar las mol\u00e9culas mientras sufren transformaciones a trav\u00e9s de nuevos m\u00e9todos experimentales disponibles\u201d. Y tambi\u00e9n \u201cdiscutiremos qu\u00e9 beneficios tiene poder resolver estos fen\u00f3menos en el tiempo, para comprender mejor diferentes funciones biol\u00f3gicas de los organismos vivos\u201d, agreg\u00f3.<\/p>\n<p>Sobre su especialidad, Corthey puntualiz\u00f3 que \u201cla qu\u00edmica es la parte de la ciencia que estudia los cambios en la materia. Estos cambios son las reacciones qu\u00edmicas, donde el punto de partida son los reactivos y el resultado son los productos de reacci\u00f3n. Mediante el estudio de la composici\u00f3n de los productos se pueden inferir posibles caminos por los cuales transitaron los reactivos hasta convertirse en productos\u201d, resumi\u00f3.<\/p>\n<p>\u201cSin embargo \u2013alert\u00f3 el prestigioso investigador concordiense\u2013 para conocer m\u00e1s detalles acerca de c\u00f3mo ocurren realmente estas reacciones, es necesario que seamos capaces de observar a las mol\u00e9culas durante el proceso de cambio. El problema que surge aqu\u00ed es que las reacciones qu\u00edmicas son en general muy r\u00e1pidas: ocurren en s\u00f3lo algunos femtosegundos. Un femtosegundo es una unidad utilizada para medir tiempos muy peque\u00f1os y equivale a 0,000000000000001 segundos\u201d, concluy\u00f3 Corthey, a modo de sutil invitaci\u00f3n a no perderse su disertaci\u00f3n de ma\u00f1ana.<\/p>\n<p><a href=\"https:\/\/cafesg.gov.ar\/web\/wp-content\/uploads\/2013\/12\/Gaston-Corthey.jpg\"><img loading=\"lazy\" decoding=\"async\" class=\"alignnone size-thumbnail wp-image-3042\" title=\"Gaston Corthey\" src=\"https:\/\/cafesg.gov.ar\/web\/wp-content\/uploads\/2013\/12\/Gaston-Corthey-150x150.jpg\" alt=\"\" width=\"150\" height=\"150\" \/><\/a><\/p>\n<p><strong><!--more-->Trayectoria y premios<\/strong><\/p>\n<p>-Investigador Postdoctoral en el Instituto Max Planck para el Estudio de la Estructura y la Din\u00e1mica de la Materia. Hamburgo, Alemania.<\/p>\n<p>-A partir de febrero de 2014: Becario Postdoctoral de la Fundaci\u00f3n Alexander von Humboldt de Alemania.<\/p>\n<p>-Premio \u201cDr. Enrique Herrero Ducloux\u201d de la Asociaci\u00f3n Qu\u00edmica Argentina por la tesis de doctorado en el \u00e1rea Fisicoqu\u00edmica. Noviembre de 2013.<\/p>\n<p>-Menci\u00f3n Honorable en el \u201cPremio para Qu\u00edmicos J\u00f3venes\u201d de la Uni\u00f3n Internacional de Qu\u00edmica Pura y Aplicada (IUPAC) por la tesis de doctorado. Junio de 2013.<\/p>\n<p>-Premio Instituto S\u00e1bato por la tesis de licenciatura en el campo de la ciencia y tecnolog\u00eda de los materiales. Noviembre de 2008.<\/p>\n<p>-Premio Joaqu\u00edn V. Gonz\u00e1lez a los graduados de la Universidad Nacional de La Plata. Noviembre de 2008.<\/p>\n","protected":false},"excerpt":{"rendered":"<p>Ser\u00e1 ma\u00f1ana viernes a las 18.45 en el cuarto piso del Centro C\u00edvico de Concordia La Comisi\u00f3n Administradora para el Fondo Especial de Salto Grande (CAFESG), a trav\u00e9s de su programa Museo Interactivo de Ciencias (MIC), entregar\u00e1 un reconocimiento al doctor en Fisicoqu\u00edmica Gast\u00f3n Corthey, oriundo de Concordia, por su destacada labor en el \u00e1rea [&hellip;]<\/p>\n","protected":false},"author":5,"featured_media":0,"comment_status":"closed","ping_status":"open","sticky":false,"template":"","format":"standard","meta":{"footnotes":""},"categories":[15],"tags":[],"class_list":["post-3029","post","type-post","status-publish","format-standard","hentry","category-noticias"],"_links":{"self":[{"href":"https:\/\/cafesg.gob.ar\/cafesg2\/wp-json\/wp\/v2\/posts\/3029","targetHints":{"allow":["GET"]}}],"collection":[{"href":"https:\/\/cafesg.gob.ar\/cafesg2\/wp-json\/wp\/v2\/posts"}],"about":[{"href":"https:\/\/cafesg.gob.ar\/cafesg2\/wp-json\/wp\/v2\/types\/post"}],"author":[{"embeddable":true,"href":"https:\/\/cafesg.gob.ar\/cafesg2\/wp-json\/wp\/v2\/users\/5"}],"replies":[{"embeddable":true,"href":"https:\/\/cafesg.gob.ar\/cafesg2\/wp-json\/wp\/v2\/comments?post=3029"}],"version-history":[{"count":0,"href":"https:\/\/cafesg.gob.ar\/cafesg2\/wp-json\/wp\/v2\/posts\/3029\/revisions"}],"wp:attachment":[{"href":"https:\/\/cafesg.gob.ar\/cafesg2\/wp-json\/wp\/v2\/media?parent=3029"}],"wp:term":[{"taxonomy":"category","embeddable":true,"href":"https:\/\/cafesg.gob.ar\/cafesg2\/wp-json\/wp\/v2\/categories?post=3029"},{"taxonomy":"post_tag","embeddable":true,"href":"https:\/\/cafesg.gob.ar\/cafesg2\/wp-json\/wp\/v2\/tags?post=3029"}],"curies":[{"name":"wp","href":"https:\/\/api.w.org\/{rel}","templated":true}]}}