 {"id":3026,"date":"2013-12-17T12:37:59","date_gmt":"2013-12-17T15:37:59","guid":{"rendered":"http:\/\/cafesg.gov.ar\/web\/?p=3026"},"modified":"2013-12-17T12:37:59","modified_gmt":"2013-12-17T15:37:59","slug":"cerro-el-ano-confianza-en-el-futuro-programa-conjunto-de-cafesg-y-caritas-en-pos-de-la-inclusion-social","status":"publish","type":"post","link":"https:\/\/cafesg.gob.ar\/cafesg2\/cerro-el-ano-confianza-en-el-futuro-programa-conjunto-de-cafesg-y-caritas-en-pos-de-la-inclusion-social\/","title":{"rendered":"Cerr\u00f3 el a\u00f1o \u201cConfianza en el Futuro\u201d, programa conjunto de CAFESG y C\u00e1ritas en pos de la inclusi\u00f3n social"},"content":{"rendered":"<p><em><span style=\"text-decoration: underline;\">Se capacitaron 950 personas en Concordia y otras 7 localidades de la Regi\u00f3n de Salto Grande<\/span><\/em><\/p>\n<p>El auditorio del cuarto piso del Centro C\u00edvico de Concordia fue escenario del acto de entrega de certificados a alumnos y capacitadores que participaron de la edici\u00f3n 2013 del Programa \u201cConfianza en el Futuro\u201d, una propuesta conjunta de la Comisi\u00f3n Administradora para el Fondo Especial de Salto Grande (CAFESG) y C\u00e1ritas Diocesana Concordia, a trav\u00e9s de la cual se dictaron 73 talleres en 18 barrios de la ciudad de Concordia y en otras 7 localidades de la Regi\u00f3n de Salto Grande. En total se capacitaron 950 personas.<\/p>\n<p>La ceremonia cont\u00f3 con la presencia del Presidente de CAFESG, Daniel Bes, y el vicepresidente de C\u00e1ritas Diocesana Concordia, presb\u00edtero Daniel Petel\u00edn. Ambos se mostraron complacidos por las actividades desarrolladas durante este a\u00f1o y se comprometieron a renovar el v\u00ednculo e iniciar nuevos talleres en 2014.<\/p>\n<p>Asistieron tambi\u00e9n el primer vocal del organismo provincial, Angel Giano, y el coordinador de Desarrollo Local, Eduardo Guti\u00e9rrez.<\/p>\n<p><strong>El Programa<\/strong><\/p>\n<p>\u201cConfianza en el Futuro\u201d es una enriquecedora experiencia conjunta que CAFESG y C\u00e1ritas comenzaron a construir a partir de 2009, cuando firmaron un Acuerdo Marco de Cooperaci\u00f3n y Asistencia T\u00e9cnica que renovaron en 2012.<\/p>\n<p>El Programa abarca un conjunto de acciones de cooperaci\u00f3n y asistencia t\u00e9cnica para la capacitaci\u00f3n laboral, promoci\u00f3n social y contenci\u00f3n familiar\u00a0 de miembros de comunidades carentes de recursos, mediante la implementaci\u00f3n de Talleres que atienden sus inquietudes, promoviendo una salida laboral con inclusi\u00f3n en el medio.<\/p>\n<p>\u201cConfianza en el Futuro\u201d se fundamenta en la necesidad de dar respuestas a las demandas manifestadas por los propios destinatarios \u2013que habitan en diferentes barrios de Concordia y otras localidades de la Regi\u00f3n de Salto Grande\u2013 registradas en un relevamiento realizado por C\u00e1ritas Diocesana Concordia.<\/p>\n<p>Con el dictado de los diferentes Talleres \u2013cuyo contenido obedece a aquellas demandas\u2013 se pretende contribuir a revertir, a mediano plazo, la situaci\u00f3n de marginalidad\u00a0 de los beneficiarios, aportando a su formaci\u00f3n en un oficio o a la adquisici\u00f3n de competencias ocupacionales acordes al mundo laboral actual,\u00a0 fortaleciendo de esa manera su empleabilidad. La meta es generar una inclusi\u00f3n social real, sostenible en el tiempo, y que contribuya a mejorar la calidad de vida de los participantes.<\/p>\n\n<p><strong><!--more-->Los Talleres<\/strong><\/p>\n<p>Las especialidades t\u00e9cnicas seleccionadas para los Talleres responden a los datos arrojados por aquel trabajo de campo realizado por C\u00e1ritas Diocesana Concordia, mediante el cual se pudo medir, por un lado, cu\u00e1les eran las preferencias de los potenciales destinatarios del Programa en cuanto a oficios, y, por otro, cu\u00e1les eran las necesidades de la comunidad con vistas al fortalecimiento de la empleabilidad o la generaci\u00f3n de emprendimientos productivos particulares.<\/p>\n<p>Durante el per\u00edodo 2009-2012 se dictaron m\u00e1s de 80 Talleres de diferentes especialidades. Este a\u00f1o, con miras a revertir situaciones de aislamiento, se incorporaron Talleres que propiciaron la inclusi\u00f3n y la contenci\u00f3n socio-familiar, y que tuvieron como destinatarios a mujeres, adultos mayores, ni\u00f1os y j\u00f3venes de escasos recursos. Estas nuevas propuestas giraron en torno a las danzas folkl\u00f3ricas nativas, canto, guitarra y bombo; m\u00fasica de los Pueblos Originarios; teatro; gimnasia para adultos; danzas folkl\u00f3ricas regionales argentinas; guitarra y percusi\u00f3n; arte decorativo con materiales reciclados; entre otras.<\/p>\n<p>Los Talleres se dictaron en Salones Parroquiales ubicados en diferentes barrios de\u00a0 Concordia y de otras 7 localidades de la Regi\u00f3n de Salto Grande.<\/p>\n","protected":false},"excerpt":{"rendered":"<p>Se capacitaron 950 personas en Concordia y otras 7 localidades de la Regi\u00f3n de Salto Grande El auditorio del cuarto piso del Centro C\u00edvico de Concordia fue escenario del acto de entrega de certificados a alumnos y capacitadores que participaron de la edici\u00f3n 2013 del Programa \u201cConfianza en el Futuro\u201d, una propuesta conjunta de la [&hellip;]<\/p>\n","protected":false},"author":5,"featured_media":0,"comment_status":"closed","ping_status":"open","sticky":false,"template":"","format":"standard","meta":{"footnotes":""},"categories":[15],"tags":[],"class_list":["post-3026","post","type-post","status-publish","format-standard","hentry","category-noticias"],"_links":{"self":[{"href":"https:\/\/cafesg.gob.ar\/cafesg2\/wp-json\/wp\/v2\/posts\/3026","targetHints":{"allow":["GET"]}}],"collection":[{"href":"https:\/\/cafesg.gob.ar\/cafesg2\/wp-json\/wp\/v2\/posts"}],"about":[{"href":"https:\/\/cafesg.gob.ar\/cafesg2\/wp-json\/wp\/v2\/types\/post"}],"author":[{"embeddable":true,"href":"https:\/\/cafesg.gob.ar\/cafesg2\/wp-json\/wp\/v2\/users\/5"}],"replies":[{"embeddable":true,"href":"https:\/\/cafesg.gob.ar\/cafesg2\/wp-json\/wp\/v2\/comments?post=3026"}],"version-history":[{"count":0,"href":"https:\/\/cafesg.gob.ar\/cafesg2\/wp-json\/wp\/v2\/posts\/3026\/revisions"}],"wp:attachment":[{"href":"https:\/\/cafesg.gob.ar\/cafesg2\/wp-json\/wp\/v2\/media?parent=3026"}],"wp:term":[{"taxonomy":"category","embeddable":true,"href":"https:\/\/cafesg.gob.ar\/cafesg2\/wp-json\/wp\/v2\/categories?post=3026"},{"taxonomy":"post_tag","embeddable":true,"href":"https:\/\/cafesg.gob.ar\/cafesg2\/wp-json\/wp\/v2\/tags?post=3026"}],"curies":[{"name":"wp","href":"https:\/\/api.w.org\/{rel}","templated":true}]}}