 {"id":3024,"date":"2013-12-16T12:36:09","date_gmt":"2013-12-16T15:36:09","guid":{"rendered":"http:\/\/cafesg.gov.ar\/web\/?p=3024"},"modified":"2013-12-16T12:36:09","modified_gmt":"2013-12-16T15:36:09","slug":"mas-de-400-chicos-disfrutaron-en-ubajay-de-una-jornada-recreativa-donde-practicaron-voley-y-basquet","status":"publish","type":"post","link":"https:\/\/cafesg.gob.ar\/cafesg2\/mas-de-400-chicos-disfrutaron-en-ubajay-de-una-jornada-recreativa-donde-practicaron-voley-y-basquet\/","title":{"rendered":"El Programa Escuelitas Deportivas de CAFESG cerr\u00f3 el a\u00f1o en Col\u00f3n, San Salvador y Concordia"},"content":{"rendered":"<p><em><span style=\"text-decoration: underline;\">M\u00e1s de 400 chicos disfrutaron en Ubajay de una jornada recreativa donde practicaron v\u00f3ley y b\u00e1squet<\/span><\/em><\/p>\n<p>Con un encuentro realizado en el Polideportivo de Ubajay, el Programa Escuelitas Deportivas de la Comisi\u00f3n Administradora para el Fondo Especial de Salto Grande (CAFESG) cerr\u00f3 su edici\u00f3n 2013 en los departamentos Col\u00f3n, San Salvador y Concordia. El evento cont\u00f3 con la participaci\u00f3n de alumnos de Arroyo Bar\u00fa, Ubajay, La Clarita, Pueblo Caz\u00e9s, Colonia Hocker, Pedernal, Clodomiro Ledesma y Nueva Escocia, adem\u00e1s de las escuelitas de b\u00e1squet de Los Charr\u00faas y Ubajay, y un seleccionado de las Escuelas Integradoras de B\u00e1squet de CAFESG.<\/p>\n<p>El presidente de CAFESG, Daniel Bes, rese\u00f1\u00f3 que \u201cm\u00e1s de 400 chicos concurrieron a esta jornada recreativa, en la que practicaron v\u00f3ley y b\u00e1squet, y disfrutaron \u2013adem\u00e1s\u2013 de una exhibici\u00f3n de b\u00e1squet sobre silla de ruedas a cargo del equipo de A.Dis.Mo.C. (Asociaci\u00f3n de Discapacitados Motrices de Concordia)\u201d. El evento, organizado por CAFESG, \u201cincluy\u00f3 el traslado de las delegaciones de chicos que tomaron parte\u201d, agreg\u00f3 Bes.<\/p>\n<p>Al cabo del encuentro se entregaron remeras a los alumnos de las diferentes escuelitas y pelotas a todas las escuelas de b\u00e1squet participantes. La jornada cont\u00f3 con la presencia y acompa\u00f1amiento de autoridades municipales de Ubajay, presidentes de Juntas de Gobierno, el senador por el departamento Col\u00f3n, y miembros del Directorio de CAFESG.<\/p>\n<p>De esta manera concluyeron las actividades del Programa por el presente a\u00f1o. Seg\u00fan se pudo constatar, existe gran inter\u00e9s en las distintas comunidades por darle continuidad, en 2014, a esta propuesta del \u00c1rea de Desarrollo Regional de CAFESG.<\/p>\n<p><strong>Cierres en otros departamentos<\/strong><\/p>\n<p>D\u00edas pasados tambi\u00e9n cerraron el a\u00f1o las Escuelitas Deportivas del departamento Federaci\u00f3n. En este caso se celebr\u00f3 un acto en Colonia Santa Juana, organizado en forma conjunta por CAFESG y el COPNAF (Consejo Provincial del Ni\u00f1o, el Adolescente y la Familia). Entre otras autoridades concurrieron la vocal de CAFESG y la senadora por el departamento Federaci\u00f3n.<\/p>\n<p>Por \u00faltimo, el pasado viernes 13 se clausuraron las actividades en las localidades de Nueva Vizcaya y El Cimarr\u00f3n \u2013departamento Federal\u2013 donde tambi\u00e9n se procedi\u00f3 a la entrega de indumentaria por parte de CAFESG.<\/p>\n<p>Cabe recordar que a principios de mes hab\u00eda tenido lugar el cierre de Escuelitas Deportivas en las localidades del departamento Uruguay.<\/p>\n\n<p><strong><!--more-->Alcances del Programa<\/strong><\/p>\n<p>Escuelitas Deportivas es una propuesta que el Directorio de CAFESG instrumenta con la participaci\u00f3n activa de su \u00c1rea de Desarrollo Regional. Apunta b\u00e1sicamente a facilitar la inclusi\u00f3n social, la participaci\u00f3n en actividades recreativas y el acceso de ni\u00f1os y ni\u00f1as de diferentes edades a distintos deportes. Se concreta b\u00e1sicamente en distritos de la Regi\u00f3n de Salto Grande que carecen de escuelas municipales o clubes que permitan su pr\u00e1ctica.<\/p>\n<p>En 2013 se dictaron clases de v\u00f3ley, h\u00e1ndbol, f\u00fatbol y b\u00e1squetbol, entre otras disciplinas.<\/p>\n<p>CAFESG, a trav\u00e9s de este programa, financia los honorarios de los entrenadores, los elementos y materiales deportivos, los seguros y la organizaci\u00f3n de eventos deportivos interescolares, mientras que las Juntas de Gobierno y Municipios involucrados ponen a disposici\u00f3n el lugar y la infraestructura necesarios para realizar las actividades previstas.<\/p>\n","protected":false},"excerpt":{"rendered":"<p>M\u00e1s de 400 chicos disfrutaron en Ubajay de una jornada recreativa donde practicaron v\u00f3ley y b\u00e1squet Con un encuentro realizado en el Polideportivo de Ubajay, el Programa Escuelitas Deportivas de la Comisi\u00f3n Administradora para el Fondo Especial de Salto Grande (CAFESG) cerr\u00f3 su edici\u00f3n 2013 en los departamentos Col\u00f3n, San Salvador y Concordia. El evento [&hellip;]<\/p>\n","protected":false},"author":5,"featured_media":0,"comment_status":"closed","ping_status":"open","sticky":false,"template":"","format":"standard","meta":{"footnotes":""},"categories":[15],"tags":[],"class_list":["post-3024","post","type-post","status-publish","format-standard","hentry","category-noticias"],"_links":{"self":[{"href":"https:\/\/cafesg.gob.ar\/cafesg2\/wp-json\/wp\/v2\/posts\/3024","targetHints":{"allow":["GET"]}}],"collection":[{"href":"https:\/\/cafesg.gob.ar\/cafesg2\/wp-json\/wp\/v2\/posts"}],"about":[{"href":"https:\/\/cafesg.gob.ar\/cafesg2\/wp-json\/wp\/v2\/types\/post"}],"author":[{"embeddable":true,"href":"https:\/\/cafesg.gob.ar\/cafesg2\/wp-json\/wp\/v2\/users\/5"}],"replies":[{"embeddable":true,"href":"https:\/\/cafesg.gob.ar\/cafesg2\/wp-json\/wp\/v2\/comments?post=3024"}],"version-history":[{"count":0,"href":"https:\/\/cafesg.gob.ar\/cafesg2\/wp-json\/wp\/v2\/posts\/3024\/revisions"}],"wp:attachment":[{"href":"https:\/\/cafesg.gob.ar\/cafesg2\/wp-json\/wp\/v2\/media?parent=3024"}],"wp:term":[{"taxonomy":"category","embeddable":true,"href":"https:\/\/cafesg.gob.ar\/cafesg2\/wp-json\/wp\/v2\/categories?post=3024"},{"taxonomy":"post_tag","embeddable":true,"href":"https:\/\/cafesg.gob.ar\/cafesg2\/wp-json\/wp\/v2\/tags?post=3024"}],"curies":[{"name":"wp","href":"https:\/\/api.w.org\/{rel}","templated":true}]}}