 {"id":1572,"date":"2012-02-23T13:35:05","date_gmt":"2012-02-23T15:35:05","guid":{"rendered":"http:\/\/cafesg.gov.ar\/web\/?p=1572"},"modified":"2012-02-23T13:35:05","modified_gmt":"2012-02-23T15:35:05","slug":"daniel-bes-es-el-nuevo-presidente-del-directorio-de-cafesg-daniel-bes-es-el-nuevo-presidente-del-directorio-de-cafesg","status":"publish","type":"post","link":"https:\/\/cafesg.gob.ar\/cafesg2\/daniel-bes-es-el-nuevo-presidente-del-directorio-de-cafesg-daniel-bes-es-el-nuevo-presidente-del-directorio-de-cafesg\/","title":{"rendered":"Daniel Bes es el nuevo presidente del Directorio de CAFESG"},"content":{"rendered":"<p><em><span style=\"text-decoration: underline;\"><span style=\"font-family: 'Times New Roman';\">Oficialismo y oposici\u00f3n coincidieron en un acto  encabezado por el gobernador Urribarri<\/span><\/span><\/em><\/p>\n<p><span style=\"font-family: 'Times New Roman';\"> <\/span><\/p>\n<p><strong><span style=\"font-family: 'Times New Roman';\">Daniel  Bes es el nuevo presidente del Directorio de CAFESG<\/span><\/strong><\/p>\n<p><strong><span style=\"font-family: 'Times New Roman';\"> <\/span><\/strong><\/p>\n<p><span style=\"font-family: 'Times New Roman';\"> El gobernador Sergio Urribarri  puso en funciones ayer en Concordia al nuevo Directorio de la Comisi\u00f3n  Administradora para el Fondo Especial de Salto Grande (CAFESG) integrado por  miembros del oficialismo y la oposici\u00f3n. El contador Daniel Bes es el nuevo  titular del organismo, mientras que los radicales Juan Carlos Luchessi y Hern\u00e1n  Burna representar\u00e1n a la minor\u00eda. El acto cont\u00f3 con la presencia de numerosos  dirigentes de ambos partidos pol\u00edticos.<\/span><\/p>\n<p><span style=\"font-family: 'Times New Roman';\"><br \/>\n<a href=\"https:\/\/cafesg.gov.ar\/web\/wp-content\/uploads\/2012\/02\/Asunci\u00f3n+..1.jpg\"><\/p>\n<p><\/a><\/span><\/p>\n<p><a href=\"https:\/\/cafesg.gov.ar\/web\/wp-content\/uploads\/2012\/02\/Asunci\u00f3n+..1.jpg\"> <\/a><\/p>\n<p><a href=\"https:\/\/cafesg.gov.ar\/web\/wp-content\/uploads\/2012\/02\/Asunci\u00f3n+..1.jpg\"><\/a><\/p>\n<p><span style=\"font-family: 'Times New Roman';\"><!--more-->\u201cVamos a trabajar en conjunto,  como debe ser. M\u00e1s all\u00e1 de los disensos que uno pueda tener, hay que trabajar  por el bien de la sociedad. Ese es el mensaje que dio el gobernador Sergio  Urribarri cuando se reuni\u00f3 con los diputados de mi partido donde acordaron  trabajar por el bien de la provincia. Y obviamente que yo tambi\u00e9n vengo a  sumar\u201d, asegur\u00f3 Lechessi, ex intendente de Federal.<\/span><\/p>\n<p><span style=\"font-family: 'Times New Roman';\"> \u201cEs una enorme satisfacci\u00f3n y un  gran compromiso trabajar en funci\u00f3n de todos los intendentes de la regi\u00f3n,  gestionando obras y proyectos desde este organismo. Vamos a trabajar con todos  los integrantes del Directorio, con el gobernador y con todas las personas de  bien que quieran continuar con el desarrollo provincial\u201d, agreg\u00f3.<\/span><\/p>\n<p><span style=\"font-family: 'Times New Roman';\"> En tanto, Hern\u00e1n Burna, habl\u00f3  del valor del consenso y de la tarea mancomunada. \u201cAc\u00e1 lo importante es  consensuar las obras con las demandas que tienen las comunas. As\u00ed estaremos  trabajando con el Directorio de CAFESG bajo las directivas que posee en la  distribuci\u00f3n de obras en todos los departamentos\u201d, remarc\u00f3 el ex diputado  radical.<\/span><\/p>\n<p><span style=\"font-family: 'Times New Roman';\"> Se refiri\u00f3 adem\u00e1s al clima de  convivencia pol\u00edtica en la provincia y asegur\u00f3: \u201cTiene que ser as\u00ed, el  gobernador ha manifestado la decisi\u00f3n de trabajar con todos los intendentes, m\u00e1s  all\u00e1 de los que pertenecen a estos ocho departamentos. Es muy importante dejar  de lado aquellas cuestiones que tienen que ver con lo partidario y darle  prioridad a las necesidades de todas las comunas. Vamos a acompa\u00f1ar y  coincidimos en mantener ese rumbo de trabajo\u201d, complet\u00f3 Burna.<\/span><\/p>\n<p><span style=\"font-family: 'Times New Roman';\"> El acto tuvo lugar en la sede de  CAFESG, en Concordia, con legisladores e intendentes, muchos de ellos de la  Uni\u00f3n C\u00edvica Radical. All\u00ed se entregaron los decretos de designaci\u00f3n de los seis  nuevos integrantes del directorio, dos nominados en representaci\u00f3n de la minor\u00eda  en Senadores y Diputados, y los otros cuatro por el oficialismo.<\/span><\/p>\n<p><span style=\"font-family: 'Times New Roman';\"> Daniel Bes, que se desempe\u00f1aba  como coordinador del Directorio, fue designado como presidente en reemplazo de  Hugo Ballay, quien est\u00e1 al frente de Enersa. Adem\u00e1s asumieron cinco vocales:  Angel Giano, Cecilia Laderach y Walter Doronzoro, por el oficialismo; y Juan  Carlos Luchessi y Hern\u00e1n Burna, por la minor\u00eda.<\/span><\/p>\n<p><span style=\"font-family: 'Times New Roman';\"> Estuvieron tambi\u00e9n en el acto  los diputados Agust\u00edn Federik, Amado Sosa y Mar\u00eda Felicitas Rodr\u00edguez (UCR);  Luis Jakinchuk (PJ), el intendente local Gustavo Bordet y jefes comunales de  diferentes partidos de los ocho departamentos que comprende la regi\u00f3n de Salto  Grande.<\/span><\/p>\n<p><span style=\"font-family: 'Times New Roman';\"> <\/span><\/p>\n<p><strong><span style=\"font-family: 'Times New Roman';\">Prudencia en la administraci\u00f3n de recursos<\/span><\/strong><\/p>\n<p><span style=\"font-family: 'Times New Roman';\"> El gobernador Sergio Urribarri,  luego de agradecer a los diputados e intendentes de la regi\u00f3n que se hicieron  presentes y a Hugo Ballay por su desempe\u00f1o en la presidencia de CAFESG, destac\u00f3  la importancia de trabajar de manera conjunta con todos los sectores pol\u00edticos  en favor del desarrollo entrerriano.<\/span><\/p>\n<p><span style=\"font-family: 'Times New Roman';\"> \u201cEste no es un acto m\u00e1s, en  CAFESG se comenz\u00f3 de una manera y luego fuimos aprendiendo que esto debe ser  verdaderamente la representaci\u00f3n de todo el arco pol\u00edtico\u201d, expres\u00f3 el  gobernador. Agreg\u00f3 que CAFESG es hoy el ejemplo de c\u00f3mo debe funcionar un  organismo del Estado, integrado por oficialismo y oposici\u00f3n, remarcando que  destina apenas un siete u ocho por ciento de su presupuesto al personal y m\u00e1s  del 90 por ciento a obras p\u00fablicas y acciones con instituciones de la sociedad  civil en la regi\u00f3n de Salto Grande. \u201cEste dato grafica la eficiencia en la  administraci\u00f3n de recursos\u201d, subray\u00f3.<\/span><\/p>\n<p><span style=\"font-family: 'Times New Roman';\"> Dijo que a\u00fan falta mucho por  hacer y advirti\u00f3 que \u201cno ser\u00e1 posible alcanzar el pa\u00eds y la provincia que todos  queremos si no es con el respeto, la convivencia, la sensatez y la prudencia en  la administraci\u00f3n de los recursos\u201d.<\/span><\/p>\n<p><span style=\"font-family: 'Times New Roman';\"> \u201cDebemos hablarnos mucho entre  todos, peronistas, radicales, socialistas, vecinalistas o independientes. Cada  uno debe aportar lo mejor de s\u00ed para que esta provincia sea importante. Y esto  est\u00e1 pasando, no tengo dudas. Esta no es una foto casual o circunstancial, as\u00ed  se est\u00e1 trabajando en Entre R\u00edos\u201d, remarc\u00f3 el mandatario entrerriano.<\/span><\/p>\n<p><span style=\"font-family: 'Times New Roman';\"> \u201cHemos tenido reuniones con los  bloques opositores y las vamos a seguir teniendo, escuchando sugerencias para  mejorar el perfil y el potencial que tiene la provincia. Esto es presente y  camino, no hay otra. Cada vez somos m\u00e1s los que queremos crecer juntos y  respet\u00e1ndonos\u201d, complet\u00f3 Urribarri.<\/span><\/p>\n<p><span style=\"font-family: 'Times New Roman';\"> <\/span><\/p>\n<p><strong><span style=\"font-family: 'Times New Roman';\">Eje del desarrollo de la regi\u00f3n<\/span><\/strong><\/p>\n<p><span style=\"font-family: 'Times New Roman';\"> A su vez, el nuevo presidente  del organismo, Daniel Bes, le agradeci\u00f3 al gobernador por su confianza para  designarlo en el cargo y asegur\u00f3 que para \u00e9l se trata de un desaf\u00edo muy  importante, el cual se lo traslad\u00f3 a todos los integrantes del  Directorio.<\/span><\/p>\n<p><span style=\"font-family: 'Times New Roman';\"> Destac\u00f3 que la CAFESG sigue  siendo el eje del desarrollo de la regi\u00f3n de Salto Grande y remarc\u00f3 que la idea  es \u201cseguir trabajando en conjunto y sin distinci\u00f3n como lo ven\u00edamos haciendo con  todos los intendentes de la regi\u00f3n de los diferentes sectores\u201d.<\/span><\/p>\n<p><span style=\"font-family: 'Times New Roman';\"> En el mismo sentido se expres\u00f3  el intendente de Concordia, Gustavo Bordet, exponiendo los beneficios del  trabajo conjunto. Salud\u00f3 a los nuevos integrantes de CAFESG y ofreci\u00f3 su apoyo y  experiencia para que el organismo contin\u00fae siendo la palanca de desarrollo de la  regi\u00f3n.<\/span><\/p>\n","protected":false},"excerpt":{"rendered":"<p>Oficialismo y oposici\u00f3n coincidieron en un acto encabezado por el gobernador Urribarri Daniel Bes es el nuevo presidente del Directorio de CAFESG El gobernador Sergio Urribarri puso en funciones ayer en Concordia al nuevo Directorio de la Comisi\u00f3n Administradora para el Fondo Especial de Salto Grande (CAFESG) integrado por miembros del oficialismo y la oposici\u00f3n. [&hellip;]<\/p>\n","protected":false},"author":5,"featured_media":0,"comment_status":"closed","ping_status":"open","sticky":false,"template":"","format":"standard","meta":{"footnotes":""},"categories":[15],"tags":[],"class_list":["post-1572","post","type-post","status-publish","format-standard","hentry","category-noticias"],"_links":{"self":[{"href":"https:\/\/cafesg.gob.ar\/cafesg2\/wp-json\/wp\/v2\/posts\/1572","targetHints":{"allow":["GET"]}}],"collection":[{"href":"https:\/\/cafesg.gob.ar\/cafesg2\/wp-json\/wp\/v2\/posts"}],"about":[{"href":"https:\/\/cafesg.gob.ar\/cafesg2\/wp-json\/wp\/v2\/types\/post"}],"author":[{"embeddable":true,"href":"https:\/\/cafesg.gob.ar\/cafesg2\/wp-json\/wp\/v2\/users\/5"}],"replies":[{"embeddable":true,"href":"https:\/\/cafesg.gob.ar\/cafesg2\/wp-json\/wp\/v2\/comments?post=1572"}],"version-history":[{"count":0,"href":"https:\/\/cafesg.gob.ar\/cafesg2\/wp-json\/wp\/v2\/posts\/1572\/revisions"}],"wp:attachment":[{"href":"https:\/\/cafesg.gob.ar\/cafesg2\/wp-json\/wp\/v2\/media?parent=1572"}],"wp:term":[{"taxonomy":"category","embeddable":true,"href":"https:\/\/cafesg.gob.ar\/cafesg2\/wp-json\/wp\/v2\/categories?post=1572"},{"taxonomy":"post_tag","embeddable":true,"href":"https:\/\/cafesg.gob.ar\/cafesg2\/wp-json\/wp\/v2\/tags?post=1572"}],"curies":[{"name":"wp","href":"https:\/\/api.w.org\/{rel}","templated":true}]}}