 {"id":10284,"date":"2023-06-05T10:55:45","date_gmt":"2023-06-05T13:55:45","guid":{"rendered":"https:\/\/www.cafesg.gob.ar\/web\/?p=8070"},"modified":"2023-06-05T10:55:45","modified_gmt":"2023-06-05T13:55:45","slug":"cafesg-promueve-las-ferias-de-mujeres-emprendedoras-en-concordia","status":"publish","type":"post","link":"https:\/\/cafesg.gob.ar\/cafesg2\/cafesg-promueve-las-ferias-de-mujeres-emprendedoras-en-concordia\/","title":{"rendered":"CAFESG promueve las ferias de mujeres emprendedoras en Concordia"},"content":{"rendered":"\n<p>El grupo de emprendedoras nucleadas por la Comisi\u00f3n Administradora para el Fondo Especial de Salto Grande a trav\u00e9s del esquema de capacitaciones para el emprendedurismo que se lleva adelante desde el \u00c1rea de Desarrollo Regional del organismo, dieron vida a la plaza del barrio La Bianca a trav\u00e9s de una colorida feria de emprendedoras.<\/p>\n\n\n\n<p>A su vez, la feria fue acompa\u00f1ada por la Comisi\u00f3n Vecinal del Barrio, que gestion\u00f3 y logr\u00f3 que la Municipalidad de Concordia dispusiera de una actividad cultural para que los vecinos del barrio pasaran una hermosa tarde.<\/p>\n\n\n\n<p>La actividad es parte del trabajo que realiza CAFESG en pos de potenciar y promover el emprendedurismo. La feria estuvo compuesta por unos 40 puestos de emprendedoras que exhibieron sus productos y lograron ventas satisfactorias.<\/p>\n\n\n\n<figure class=\"wp-block-gallery columns-1 is-cropped wp-block-gallery-1 is-layout-flex wp-block-gallery-is-layout-flex\"><ul class=\"blocks-gallery-grid\"><li class=\"blocks-gallery-item\"><figure><a href=\"https:\/\/www.cafesg.gob.ar\/cafesg2\/wp-content\/uploads\/2023\/06\/feria-mujeres.jpg\"><img decoding=\"async\" src=\"https:\/\/www.cafesg.gob.ar\/cafesg2\/wp-content\/uploads\/2023\/06\/feria-mujeres-768x1024.jpg\" alt=\"\" data-id=\"8071\" data-full-url=\"https:\/\/www.cafesg.gob.ar\/cafesg2\/wp-content\/uploads\/2023\/06\/feria-mujeres.jpg\" data-link=\"https:\/\/www.cafesg.gob.ar\/cafesg2\/?attachment_id=8071\" class=\"wp-image-8071\"\/><\/a><\/figure><\/li><\/ul><\/figure>\n\n\n\n<p>Al respecto Eduardo Asueta, vocal y coordinador del \u00e1rea de Desarrollo regional de CAFESG, destac\u00f3 \u00abla predisposici\u00f3n de la comisi\u00f3n vecinal, tambi\u00e9n se trata de un grupo de mujeres que colabor\u00f3 en todo para que esto se realice satisfactoriamente, y adem\u00e1s convoc\u00f3 a emprendedoras del barrio que se sumaron a la actividad. Se trata de una de las mejores comisiones vecinales de la ciudad, que viene realizando muchas acciones positivas. Desde CAFESG estamos para sumar y valorar estas acciones\u201d.<\/p>\n\n\n\n<p>Por su parte Yamila Rol\u00f3n, t\u00e9cnica de CAFESG a cargo de las capacitaciones de emprendedoras sostuvo que \u00abtodo el grupo de Mujeres Activas est\u00e1 muy muy contenta con esta actividad, porque vendieron bien, muchas de ellas es la primera vez que est\u00e1n en una feria y se fueron muy contentas. Se trata de un grupo grande de emprendedoras que se fortalecen much\u00edsimo entre ellas, se capacitan, y est\u00e1n trabajando bajo el criterio de mejora continua, mejorando sus emprendimientos para mejorar sus ventas y as\u00ed fortalecerlos; estamos muy contentas con el trabajo que estamos logrando en conjunto\u00bb.<\/p>\n\n\n\n<p>Por \u00faltimo, la Presidenta de la Comisi\u00f3n Vecinal, Noelia Leonardelli agradeci\u00f3 a la Direcci\u00f3n de Cultura de la Municipalidad por el acompa\u00f1amiento brindado, destacando que \u00abnuestro barrio necesita de estas actividades que le dan vida y colorido a nuestra plaza, necesita que los vecinos compartamos pac\u00edficamente los espacios p\u00fablicos, y construyamos comunidad a partir de la interacci\u00f3n positiva\u00bb.<\/p>\n","protected":false},"excerpt":{"rendered":"<p>El grupo de emprendedoras nucleadas por la Comisi\u00f3n Administradora para el Fondo Especial de Salto Grande a trav\u00e9s del esquema de capacitaciones para el emprendedurismo que se lleva adelante desde el \u00c1rea de Desarrollo Regional del organismo, dieron vida a la plaza del barrio La Bianca a trav\u00e9s de una colorida feria de emprendedoras. A [&hellip;]<\/p>\n","protected":false},"author":2,"featured_media":0,"comment_status":"open","ping_status":"open","sticky":false,"template":"","format":"standard","meta":{"footnotes":""},"categories":[15],"tags":[],"class_list":["post-10284","post","type-post","status-publish","format-standard","hentry","category-noticias"],"_links":{"self":[{"href":"https:\/\/cafesg.gob.ar\/cafesg2\/wp-json\/wp\/v2\/posts\/10284","targetHints":{"allow":["GET"]}}],"collection":[{"href":"https:\/\/cafesg.gob.ar\/cafesg2\/wp-json\/wp\/v2\/posts"}],"about":[{"href":"https:\/\/cafesg.gob.ar\/cafesg2\/wp-json\/wp\/v2\/types\/post"}],"author":[{"embeddable":true,"href":"https:\/\/cafesg.gob.ar\/cafesg2\/wp-json\/wp\/v2\/users\/2"}],"replies":[{"embeddable":true,"href":"https:\/\/cafesg.gob.ar\/cafesg2\/wp-json\/wp\/v2\/comments?post=10284"}],"version-history":[{"count":0,"href":"https:\/\/cafesg.gob.ar\/cafesg2\/wp-json\/wp\/v2\/posts\/10284\/revisions"}],"wp:attachment":[{"href":"https:\/\/cafesg.gob.ar\/cafesg2\/wp-json\/wp\/v2\/media?parent=10284"}],"wp:term":[{"taxonomy":"category","embeddable":true,"href":"https:\/\/cafesg.gob.ar\/cafesg2\/wp-json\/wp\/v2\/categories?post=10284"},{"taxonomy":"post_tag","embeddable":true,"href":"https:\/\/cafesg.gob.ar\/cafesg2\/wp-json\/wp\/v2\/tags?post=10284"}],"curies":[{"name":"wp","href":"https:\/\/api.w.org\/{rel}","templated":true}]}}